{"id":5776,"date":"2013-09-18T16:32:35","date_gmt":"2013-09-18T16:32:35","guid":{"rendered":"http:\/\/claudiobr.wordpress.com\/?p=5776"},"modified":"2013-09-18T16:32:35","modified_gmt":"2013-09-18T16:32:35","slug":"hora-de-fazer-barba-cabelo-e-bigode","status":"publish","type":"post","link":"https:\/\/yuri.com.br\/claudio\/2013\/09\/18\/hora-de-fazer-barba-cabelo-e-bigode\/","title":{"rendered":"Hora de fazer barba cabelo e BIGODE!"},"content":{"rendered":"<p style=\"text-align:center;\">*Sabad\u00e3o, 10hs: <a href=\"http:\/\/sumbaboulder.blogspot.com.br\/2013\/09\/limpeza-no-bigode.html\" target=\"_blank\">MUTIR\u00c3O DE LIMPEZA NO BIGODE<\/a><\/p>\n<p style=\"text-align:left;\"><a href=\"http:\/\/sumbaboulder.blogspot.com.br\/2013\/09\/limpeza-no-bigode.html\" target=\"_blank\"><img loading=\"lazy\" decoding=\"async\" data-attachment-id=\"5777\" data-permalink=\"https:\/\/yuri.com.br\/claudio\/2013\/09\/18\/hora-de-fazer-barba-cabelo-e-bigode\/bigodesujo\/\" data-orig-file=\"https:\/\/yuri.com.br\/claudio\/wp-content\/uploads\/2013\/09\/bigodesujo.jpg\" data-orig-size=\"700,700\" data-comments-opened=\"1\" data-image-meta=\"{&quot;aperture&quot;:&quot;0&quot;,&quot;credit&quot;:&quot;&quot;,&quot;camera&quot;:&quot;&quot;,&quot;caption&quot;:&quot;&quot;,&quot;created_timestamp&quot;:&quot;0&quot;,&quot;copyright&quot;:&quot;&quot;,&quot;focal_length&quot;:&quot;0&quot;,&quot;iso&quot;:&quot;0&quot;,&quot;shutter_speed&quot;:&quot;0&quot;,&quot;title&quot;:&quot;&quot;}\" data-image-title=\"Bigode sujo\" data-image-description=\"\" data-image-caption=\"\" data-medium-file=\"https:\/\/yuri.com.br\/claudio\/wp-content\/uploads\/2013\/09\/bigodesujo-300x300.jpg\" data-large-file=\"https:\/\/yuri.com.br\/claudio\/wp-content\/uploads\/2013\/09\/bigodesujo.jpg\" class=\"aligncenter  wp-image-5777\" alt=\"Bigode sujo\" src=\"http:\/\/yuri.com.br\/claudio\/wp-content\/uploads\/2013\/09\/bigodesujo.jpg\" width=\"450\" height=\"450\" srcset=\"https:\/\/yuri.com.br\/claudio\/wp-content\/uploads\/2013\/09\/bigodesujo.jpg 700w, https:\/\/yuri.com.br\/claudio\/wp-content\/uploads\/2013\/09\/bigodesujo-150x150.jpg 150w, https:\/\/yuri.com.br\/claudio\/wp-content\/uploads\/2013\/09\/bigodesujo-300x300.jpg 300w, https:\/\/yuri.com.br\/claudio\/wp-content\/uploads\/2013\/09\/bigodesujo-210x210.jpg 210w\" sizes=\"auto, (max-width: 450px) 100vw, 450px\" \/><\/a><br \/>\nEscovar agarras depois de escalar deveria ser o mesmo que lavar o prato que vc come, afinal ele ser\u00e1 usado por um outro ser da sua ra\u00e7a (i.e. &#8220;escaladoris famintus&#8221;). Aqui vale contar uma historinha bacana que marcou minha mem\u00f3ria: estava eu, num passado distante em que eu n\u00e3o me preocupava com dores na coluna (leia-se: bem antes de entrar no Clube dos 30 :-), malhando a cl\u00e1ssica Gozma Petzl no CE2000\/RJ, lutando contra o sebo das agarras moldadas de magn\u00e9sio. Tomei uma bela surra e ia jogar a toalha no meio do ringue, quando o mestre Pita e antigo xerife local apareceu. Aproveitou que a via estava equipada e entrou para um &#8220;treininho&#8221;. Falei para desequipar e, ao saber que eu estava com dificuldades, ele pediu pra mandar sua garrafa d\u00b4\u00e1gua e um escov\u00e3o. Desceu literalmente lavando a via para mim. No outro dia que voltei l\u00e1, mandei. Uma gentileza com gostinho de li\u00e7\u00e3o de vida.<\/p>\n<h5 style=\"text-align:right;\">*confira mais a respeito no <a href=\"http:\/\/sumbaboulder.blogspot.com.br\/search\/label\/%C3%89tica\" target=\"_blank\">blog do Sumba<\/a><\/h5>\n","protected":false},"excerpt":{"rendered":"<p>*Sabad\u00e3o, 10hs: MUTIR\u00c3O DE LIMPEZA NO BIGODE Escovar agarras depois de escalar deveria ser o mesmo que lavar o prato que vc come, afinal ele ser\u00e1 usado por um outro ser da sua ra\u00e7a (i.e. &#8220;escaladoris famintus&#8221;). Aqui vale contar uma historinha bacana que marcou minha mem\u00f3ria: estava eu, num passado distante em que eu&hellip;&nbsp;<a href=\"https:\/\/yuri.com.br\/claudio\/2013\/09\/18\/hora-de-fazer-barba-cabelo-e-bigode\/\" rel=\"bookmark\">Continue a ler &raquo;<span class=\"screen-reader-text\">Hora de fazer barba cabelo e BIGODE!<\/span><\/a><\/p>\n","protected":false},"author":2,"featured_media":5777,"comment_status":"open","ping_status":"open","sticky":false,"template":"","format":"standard","meta":{"neve_meta_sidebar":"","neve_meta_container":"","neve_meta_enable_content_width":"","neve_meta_content_width":0,"neve_meta_title_alignment":"","neve_meta_author_avatar":"","neve_post_elements_order":"","neve_meta_disable_header":"","neve_meta_disable_footer":"","neve_meta_disable_title":"","jetpack_post_was_ever_published":false,"_jetpack_newsletter_access":"","_jetpack_dont_email_post_to_subs":false,"_jetpack_newsletter_tier_id":0,"_jetpack_memberships_contains_paywalled_content":false,"_jetpack_memberships_contains_paid_content":false,"footnotes":"","jetpack_publicize_message":"","jetpack_publicize_feature_enabled":true,"jetpack_social_post_already_shared":false,"jetpack_social_options":{"image_generator_settings":{"template":"highway","default_image_id":0,"font":"","enabled":false},"version":2}},"categories":[3],"tags":[],"class_list":["post-5776","post","type-post","status-publish","format-standard","has-post-thumbnail","hentry","category-escalada"],"jetpack_publicize_connections":[],"jetpack_featured_media_url":"https:\/\/yuri.com.br\/claudio\/wp-content\/uploads\/2013\/09\/bigodesujo.jpg","jetpack_shortlink":"https:\/\/wp.me\/p4i7cB-1va","jetpack_sharing_enabled":true,"jetpack-related-posts":[{"id":5370,"url":"https:\/\/yuri.com.br\/claudio\/2013\/06\/30\/barba\/","url_meta":{"origin":5776,"position":0},"title":"Barba","author":"claudio","date":"30\/jun\/2013","format":false,"excerpt":"Barba, no bloco do Bigode, com Leandro e Yuri. O novo come\u00e7o deixou a linha bem mais s\u00f3lida (e mais cl\u00e1ssica!)...","rel":"","context":"Em &quot;Escalada&quot;","block_context":{"text":"Escalada","link":"https:\/\/yuri.com.br\/claudio\/category\/escalada\/"},"img":{"alt_text":"","src":"https:\/\/i0.wp.com\/yuri.com.br\/claudio\/wp-content\/uploads\/2013\/06\/barba_leandro.jpg?resize=350%2C200&ssl=1","width":350,"height":200,"srcset":"https:\/\/i0.wp.com\/yuri.com.br\/claudio\/wp-content\/uploads\/2013\/06\/barba_leandro.jpg?resize=350%2C200&ssl=1 1x, https:\/\/i0.wp.com\/yuri.com.br\/claudio\/wp-content\/uploads\/2013\/06\/barba_leandro.jpg?resize=525%2C300&ssl=1 1.5x, https:\/\/i0.wp.com\/yuri.com.br\/claudio\/wp-content\/uploads\/2013\/06\/barba_leandro.jpg?resize=700%2C400&ssl=1 2x"},"classes":[]},{"id":6138,"url":"https:\/\/yuri.com.br\/claudio\/2013\/11\/13\/seu-rubinho-e-seu-juca\/","url_meta":{"origin":5776,"position":1},"title":"Seu Rubinho e Seu Juca?","author":"claudio","date":"13\/nov\/2013","format":false,"excerpt":"Antes que o calor, as mutucas e o corpo mole nos renda de vez, o papai noel chegou mais cedo no Rubinho e nos deixou uns presentinhos cl\u00e1ssicos. Abaixo, Marcelo 'Babaleia' na ilustra\u00e7\u00e3o: Estamos falando do terreno \u00e0 direita do setor, atr\u00e1s do Arqueiro Zen , onde morreu uma vaca\u2026","rel":"","context":"Em &quot;Escalada&quot;","block_context":{"text":"Escalada","link":"https:\/\/yuri.com.br\/claudio\/category\/escalada\/"},"img":{"alt_text":"Limpeza","src":"https:\/\/i0.wp.com\/yuri.com.br\/claudio\/wp-content\/uploads\/2013\/11\/limpeza.jpg?resize=350%2C200","width":350,"height":200},"classes":[]},{"id":4442,"url":"https:\/\/yuri.com.br\/claudio\/2012\/12\/03\/fim-de-temporada\/","url_meta":{"origin":5776,"position":2},"title":"Fim de temporada","author":"claudio","date":"3\/dez\/2012","format":false,"excerpt":"Por aqui o fim da temporada chegou para mim com um brinde: uma dor in\u00e9dita irradiando pelo ci\u00e1tico, interditando minha perna esquerda. Sem causa imediata, um prov\u00e1vel desgaste de longo prazo devido a uma alta progress\u00e3o f\u00edsica que atravessei neste ano. Cuidem-se e n\u00e3o aprendam da pior maneira: escalador esportivo\u2026","rel":"","context":"Em &quot;Escalada&quot;","block_context":{"text":"Escalada","link":"https:\/\/yuri.com.br\/claudio\/category\/escalada\/"},"img":{"alt_text":"","src":"https:\/\/i0.wp.com\/yuri.com.br\/claudio\/wp-content\/uploads\/2012\/12\/xitao_wp.jpg?resize=350%2C200&ssl=1","width":350,"height":200,"srcset":"https:\/\/i0.wp.com\/yuri.com.br\/claudio\/wp-content\/uploads\/2012\/12\/xitao_wp.jpg?resize=350%2C200&ssl=1 1x, https:\/\/i0.wp.com\/yuri.com.br\/claudio\/wp-content\/uploads\/2012\/12\/xitao_wp.jpg?resize=525%2C300&ssl=1 1.5x, https:\/\/i0.wp.com\/yuri.com.br\/claudio\/wp-content\/uploads\/2012\/12\/xitao_wp.jpg?resize=700%2C400&ssl=1 2x"},"classes":[]},{"id":103,"url":"https:\/\/yuri.com.br\/claudio\/2008\/08\/13\/ii-etapa-do-campeonato-estadualrj-de-boulder-2008\/","url_meta":{"origin":5776,"position":3},"title":"II Etapa do Campeonato Estadual\/RJ","author":"claudio","date":"13\/ago\/2008","format":false,"excerpt":"Bora participar galera! \u00c9 preciso prestigiar a iniciativa, lembrando que o RJ carece de gin\u00e1sios e j\u00e1 teve etapa do brasileiro cancelada este ano... me desculpem a alfinetada, mas quem ignora esses eventos s\u00f3 porque n\u00e3o curtem \"competi\u00e7\u00e3o\" ou preferem as pedras (que abundam dentro da cidade), est\u00e1 cuspindo no\u2026","rel":"","context":"Em &quot;Escalada&quot;","block_context":{"text":"Escalada","link":"https:\/\/yuri.com.br\/claudio\/category\/escalada\/"},"img":{"alt_text":"","src":"https:\/\/i0.wp.com\/img.youtube.com\/vi\/pwem2Wn7FcE\/0.jpg?resize=350%2C200","width":350,"height":200},"classes":[]},{"id":6420,"url":"https:\/\/yuri.com.br\/claudio\/2014\/01\/07\/aviso-de-utilidade-publica\/","url_meta":{"origin":5776,"position":4},"title":"Aviso de utilidade p\u00fablica&#8230;","author":"claudio","date":"7\/jan\/2014","format":false,"excerpt":"Aten\u00e7\u00e3o passageiros do v\u00f4o das 4:20 com destino \u00e0 Jamaica: tem rolado geral da pol\u00edcia na sa\u00edda de setor de escalada, fiquem espertos! Lembrando que existe a ronda da ambiental regularmente nos finais de semana: sempre vejo a viatura passar na frente de casa e dar o rol\u00ea completo aqui\u2026","rel":"","context":"Em &quot;Escalada&quot;","block_context":{"text":"Escalada","link":"https:\/\/yuri.com.br\/claudio\/category\/escalada\/"},"img":{"alt_text":"","src":"https:\/\/i0.wp.com\/yuri.com.br\/claudio\/wp-content\/uploads\/2014\/01\/cops.gif?resize=350%2C200&ssl=1","width":350,"height":200},"classes":[]},{"id":4868,"url":"https:\/\/yuri.com.br\/claudio\/2013\/04\/22\/rubinho\/","url_meta":{"origin":5776,"position":5},"title":"Rubinho?","author":"claudio","date":"22\/abr\/2013","format":false,"excerpt":"*Atualiza\u00e7\u00e3o: esta linha foi batizada em homenagem ao grande escalador e pessoa F\u00e1bio Muniz, que faleceu este ano em (mais) um acidente de bicicleta no RJ. Desde ent\u00e3o vinha procurando uma linha nova que merecesse a refer\u00eancia, essa da\u00ed possui movimenta\u00e7\u00e3o bem t\u00e9cnica, aqueles drop-knees caracter\u00edsticos dele... e um final\u2026","rel":"","context":"Em &quot;Escalada&quot;","block_context":{"text":"Escalada","link":"https:\/\/yuri.com.br\/claudio\/category\/escalada\/"},"img":{"alt_text":"","src":"https:\/\/i0.wp.com\/yuri.com.br\/claudio\/wp-content\/uploads\/2013\/04\/rubinho_babaleia_blocosuper.jpg?resize=350%2C200&ssl=1","width":350,"height":200,"srcset":"https:\/\/i0.wp.com\/yuri.com.br\/claudio\/wp-content\/uploads\/2013\/04\/rubinho_babaleia_blocosuper.jpg?resize=350%2C200&ssl=1 1x, https:\/\/i0.wp.com\/yuri.com.br\/claudio\/wp-content\/uploads\/2013\/04\/rubinho_babaleia_blocosuper.jpg?resize=525%2C300&ssl=1 1.5x, https:\/\/i0.wp.com\/yuri.com.br\/claudio\/wp-content\/uploads\/2013\/04\/rubinho_babaleia_blocosuper.jpg?resize=700%2C400&ssl=1 2x"},"classes":[]}],"_links":{"self":[{"href":"https:\/\/yuri.com.br\/claudio\/wp-json\/wp\/v2\/posts\/5776","targetHints":{"allow":["GET"]}}],"collection":[{"href":"https:\/\/yuri.com.br\/claudio\/wp-json\/wp\/v2\/posts"}],"about":[{"href":"https:\/\/yuri.com.br\/claudio\/wp-json\/wp\/v2\/types\/post"}],"author":[{"embeddable":true,"href":"https:\/\/yuri.com.br\/claudio\/wp-json\/wp\/v2\/users\/2"}],"replies":[{"embeddable":true,"href":"https:\/\/yuri.com.br\/claudio\/wp-json\/wp\/v2\/comments?post=5776"}],"version-history":[{"count":0,"href":"https:\/\/yuri.com.br\/claudio\/wp-json\/wp\/v2\/posts\/5776\/revisions"}],"wp:featuredmedia":[{"embeddable":true,"href":"https:\/\/yuri.com.br\/claudio\/wp-json\/wp\/v2\/media\/5777"}],"wp:attachment":[{"href":"https:\/\/yuri.com.br\/claudio\/wp-json\/wp\/v2\/media?parent=5776"}],"wp:term":[{"taxonomy":"category","embeddable":true,"href":"https:\/\/yuri.com.br\/claudio\/wp-json\/wp\/v2\/categories?post=5776"},{"taxonomy":"post_tag","embeddable":true,"href":"https:\/\/yuri.com.br\/claudio\/wp-json\/wp\/v2\/tags?post=5776"}],"curies":[{"name":"wp","href":"https:\/\/api.w.org\/{rel}","templated":true}]}}