{"id":5630,"date":"2013-08-26T17:09:58","date_gmt":"2013-08-26T17:09:58","guid":{"rendered":"http:\/\/claudiobr.wordpress.com\/?p=5630"},"modified":"2013-08-26T17:09:58","modified_gmt":"2013-08-26T17:09:58","slug":"e-o-rio-continua-lindo","status":"publish","type":"post","link":"https:\/\/yuri.com.br\/claudio\/2013\/08\/26\/e-o-rio-continua-lindo\/","title":{"rendered":"E o Rio continua lindo&#8230;"},"content":{"rendered":"<p>Em anota\u00e7\u00f5es saudosistas como esta, soa mais \u00f3bvio guardar imagens dos belos <a href=\"http:\/\/claudiobr.wordpress.com\/landscapes\/#jp-carousel-4988\" target=\"_blank\">cart\u00f5es postais<\/a> da cidade maravilhosa, mas no caso deste butequeiro apaixonado que vos escreve, as saudades mais fortes vinham dos balc\u00f5es dos verdadeiros <a href=\"http:\/\/claudiobr.wordpress.com\/2010\/11\/19\/botequim-carioca\/\" target=\"_blank\">botequins<\/a>, onde se respira o carioqu\u00eas e pude reencontrar iguarias como este rosbife e o polvo do <a href=\"http:\/\/claudiobr.wordpress.com\/2008\/08\/20\/os-caldos-de-minha-vida-real-chopp\/\" target=\"_blank\">Real Chopp<\/a>, minha 2\u00aa casa no Rio, que continua servindo o melhor caldinho de feij\u00e3o da cidade!<\/p>\n<p><img loading=\"lazy\" decoding=\"async\" data-attachment-id=\"5636\" data-permalink=\"https:\/\/yuri.com.br\/claudio\/2013\/08\/26\/e-o-rio-continua-lindo\/realchopp\/\" data-orig-file=\"https:\/\/yuri.com.br\/claudio\/wp-content\/uploads\/2013\/08\/realchopp.jpg\" data-orig-size=\"590,324\" data-comments-opened=\"1\" data-image-meta=\"{&quot;aperture&quot;:&quot;0&quot;,&quot;credit&quot;:&quot;&quot;,&quot;camera&quot;:&quot;&quot;,&quot;caption&quot;:&quot;&quot;,&quot;created_timestamp&quot;:&quot;0&quot;,&quot;copyright&quot;:&quot;&quot;,&quot;focal_length&quot;:&quot;0&quot;,&quot;iso&quot;:&quot;0&quot;,&quot;shutter_speed&quot;:&quot;0&quot;,&quot;title&quot;:&quot;&quot;}\" data-image-title=\"Real Chopp 2013\" data-image-description=\"\" data-image-caption=\"\" data-medium-file=\"https:\/\/yuri.com.br\/claudio\/wp-content\/uploads\/2013\/08\/realchopp-300x164.jpg\" data-large-file=\"https:\/\/yuri.com.br\/claudio\/wp-content\/uploads\/2013\/08\/realchopp.jpg\" class=\"aligncenter size-full wp-image-5636\" alt=\"Real Chopp 2013\" src=\"http:\/\/yuri.com.br\/claudio\/wp-content\/uploads\/2013\/08\/realchopp.jpg\" width=\"590\" height=\"324\" srcset=\"https:\/\/yuri.com.br\/claudio\/wp-content\/uploads\/2013\/08\/realchopp.jpg 590w, https:\/\/yuri.com.br\/claudio\/wp-content\/uploads\/2013\/08\/realchopp-300x164.jpg 300w, https:\/\/yuri.com.br\/claudio\/wp-content\/uploads\/2013\/08\/realchopp-210x115.jpg 210w\" sizes=\"auto, (max-width: 590px) 100vw, 590px\" \/><\/p>\n<p>Matar saudades da minha &#8220;terra natal&#8221; obviamente n\u00e3o envolve somente a baixa gastronomia, mas principalmente pessoas, bons amigos. Se hoje me considero paulista de nascen\u00e7a e carioca de cora\u00e7\u00e3o, \u00e9 porque alguma coisa eu aprendi com o jeito despojado dos cariocas, um calor humano que ajudou a diluir um pouco da minha desnecess\u00e1ria polidez paulistana, uma educa\u00e7\u00e3o que te faz pedir rob\u00f3ticas desculpas toda vez que esbarramos em algu\u00e9m, enquanto que no Rio vc n\u00e3o pede perd\u00e3o, vc quebra o gelo com uma tirada bem humorada e de um momento irris\u00f3rio se faz um espont\u00e2neo par de sorrisos. Sim, tem sempre o outro lado da moeda como o p\u00e9ssimo atendimento, o tr\u00e2nsito selvagem ou o calor insuport\u00e1vel, mas hoje \u00e9 dia de enaltecer o lado bom das coisas! :-)<\/p>\n<p>Falando em coisa boa, fui ciceroneado pelo anfitri\u00e3o e sempre fren\u00e9tico Dr. Dani em uma tarde no lindo Bosque Escoc\u00eas, o promissor setor desbravado por esse <a href=\"http:\/\/www.flickr.com\/photos\/cbrisighello\/3498902533\/\" target=\"_blank\">sujeito n\u00f3rdico<\/a> que um dia me ensinou o que \u00e9 um <a href=\"http:\/\/claudiobr.wordpress.com\/others\/#jp-carousel-5015\" target=\"_blank\">whisky<\/a> de verdade. O acesso por l\u00e1 \u00e9 considerado &#8220;sens\u00edvel&#8221;, fa\u00e7o votos para que tudo d\u00ea certo e o incr\u00edvel trabalho continue com essa renovad\u00edssima motiva\u00e7\u00e3o, pois n\u00e3o tenho d\u00favidas de que o futuro por ali promete muito! As fotos mostram 2 movimentos de crux: o teste de compress\u00e3o Stick in the Eye e o Improviso, linhas que j\u00e1 nasceram cl\u00e1ssicas&#8230;<\/p>\n<p><a href=\"http:\/\/claudiobr.wordpress.com\/rock-climbing\/#jp-carousel-5632\" target=\"_blank\"><img decoding=\"async\" class=\"aligncenter\" alt=\"\" src=\"http:\/\/yuri.com.br\/claudio\/wp-content\/uploads\/2013\/08\/bosque_stickintheeye_dani.jpg?w=1200&amp;h=\" width=\"700\" \/><\/a><\/p>\n<p><a href=\"http:\/\/claudiobr.wordpress.com\/rock-climbing\/#jp-carousel-5631\" target=\"_blank\"><img decoding=\"async\" class=\"aligncenter\" alt=\"\" src=\"http:\/\/yuri.com.br\/claudio\/wp-content\/uploads\/2013\/08\/bosque_improviso_dani.jpg?w=1200&amp;h=\" width=\"700\" \/><\/a><\/p>\n<p>Agora \u00e9 hora de se recuperar do ritmo alucinante das babil\u00f4nias! Sempre ou\u00e7o a pergunta &#8220;se sente adaptado \u00e0 vida na ro\u00e7a?&#8221; e percebo que tirar o p\u00e9 do acelerador \u00e9 bem mais f\u00e1cil do que voltar a acelerar novamente. Me sinto permanentemente destreinado desse estilo de vida onde zilh\u00f5es de coisas est\u00e3o acontecendo em um \u00fanico dia.<\/p>\n<p>Tenham todos uma \u00f3tima e &#8220;vagarosa&#8221; semana!<\/p>\n","protected":false},"excerpt":{"rendered":"<p>Em anota\u00e7\u00f5es saudosistas como esta, soa mais \u00f3bvio guardar imagens dos belos cart\u00f5es postais da cidade maravilhosa, mas no caso deste butequeiro apaixonado que vos escreve, as saudades mais fortes vinham dos balc\u00f5es dos verdadeiros botequins, onde se respira o carioqu\u00eas e pude reencontrar iguarias como este rosbife e o polvo do Real Chopp, minha&hellip;&nbsp;<a href=\"https:\/\/yuri.com.br\/claudio\/2013\/08\/26\/e-o-rio-continua-lindo\/\" rel=\"bookmark\">Continue a ler &raquo;<span class=\"screen-reader-text\">E o Rio continua lindo&#8230;<\/span><\/a><\/p>\n","protected":false},"author":2,"featured_media":5631,"comment_status":"open","ping_status":"open","sticky":false,"template":"","format":"standard","meta":{"neve_meta_sidebar":"","neve_meta_container":"","neve_meta_enable_content_width":"","neve_meta_content_width":0,"neve_meta_title_alignment":"","neve_meta_author_avatar":"","neve_post_elements_order":"","neve_meta_disable_header":"","neve_meta_disable_footer":"","neve_meta_disable_title":"","jetpack_post_was_ever_published":false,"_jetpack_newsletter_access":"","_jetpack_dont_email_post_to_subs":false,"_jetpack_newsletter_tier_id":0,"_jetpack_memberships_contains_paywalled_content":false,"_jetpack_memberships_contains_paid_content":false,"footnotes":"","jetpack_publicize_message":"","jetpack_publicize_feature_enabled":true,"jetpack_social_post_already_shared":false,"jetpack_social_options":{"image_generator_settings":{"template":"highway","default_image_id":0,"font":"","enabled":false},"version":2}},"categories":[2,3],"tags":[],"class_list":["post-5630","post","type-post","status-publish","format-standard","has-post-thumbnail","hentry","category-baixa-gastronomia","category-escalada"],"jetpack_publicize_connections":[],"jetpack_featured_media_url":"https:\/\/yuri.com.br\/claudio\/wp-content\/uploads\/2013\/08\/bosque_improviso_dani.jpg","jetpack_shortlink":"https:\/\/wp.me\/p4i7cB-1sO","jetpack_sharing_enabled":true,"jetpack-related-posts":[{"id":6039,"url":"https:\/\/yuri.com.br\/claudio\/2013\/11\/05\/torresmo-na-veia-e-climb-no-coracao\/","url_meta":{"origin":5630,"position":0},"title":"Torresmo na veia e climb no cora\u00e7\u00e3o","author":"claudio","date":"5\/nov\/2013","format":false,"excerpt":"Quando percebo que minhas roc-trips visam mais botequins do que pedras, ser\u00e1 que sou mais butequeiro do que escalador? Os vegetarianos que me desculpem pela foto \"x-rated\", mas o beta da vez vai pra esse que \u00e9 o melhor torresmo do ano, cujo corte especial inclui suculentos nacos de carne\u2026","rel":"","context":"Em &quot;'Baixa' Gastronomia&quot;","block_context":{"text":"'Baixa' Gastronomia","link":"https:\/\/yuri.com.br\/claudio\/category\/baixa-gastronomia\/"},"img":{"alt_text":"","src":"https:\/\/i0.wp.com\/yuri.com.br\/claudio\/wp-content\/uploads\/2013\/11\/bardamaria_torresmo.jpg?resize=350%2C200&ssl=1","width":350,"height":200,"srcset":"https:\/\/i0.wp.com\/yuri.com.br\/claudio\/wp-content\/uploads\/2013\/11\/bardamaria_torresmo.jpg?resize=350%2C200&ssl=1 1x, https:\/\/i0.wp.com\/yuri.com.br\/claudio\/wp-content\/uploads\/2013\/11\/bardamaria_torresmo.jpg?resize=525%2C300&ssl=1 1.5x, https:\/\/i0.wp.com\/yuri.com.br\/claudio\/wp-content\/uploads\/2013\/11\/bardamaria_torresmo.jpg?resize=700%2C400&ssl=1 2x"},"classes":[]},{"id":2065,"url":"https:\/\/yuri.com.br\/claudio\/2010\/05\/26\/adega-perola\/","url_meta":{"origin":5630,"position":1},"title":"Adega P\u00e9rola","author":"claudio","date":"26\/maio\/2010","format":false,"excerpt":"Enquanto atravesso uma crise de abstin\u00eancia dos verdadeiros botequins cariocas, indico com saudades o Rollmops (uma esp\u00e9cie de sushi de sardinha) do Adega P\u00e9rola, recomenda\u00e7\u00e3o que eu estava devendo registrar por aqui faz tempo. Afinal trata-se de um dos bares mais antigos de Copa, com seu famoso e longo balc\u00e3o\u2026","rel":"","context":"Em &quot;'Baixa' Gastronomia&quot;","block_context":{"text":"'Baixa' Gastronomia","link":"https:\/\/yuri.com.br\/claudio\/category\/baixa-gastronomia\/"},"img":{"alt_text":"","src":"https:\/\/i0.wp.com\/yuri.com.br\/claudio\/wp-content\/uploads\/2010\/05\/rollmops.jpg?resize=350%2C200","width":350,"height":200},"classes":[]},{"id":2517,"url":"https:\/\/yuri.com.br\/claudio\/2010\/11\/19\/o-botequim-carioca\/","url_meta":{"origin":5630,"position":2},"title":"Botequim carioca","author":"claudio","date":"19\/nov\/2010","format":false,"excerpt":"Ap\u00f3s deixar o Rio de Janeiro, devo aqui umas anota\u00e7\u00f5es sobre algo que muito me transformou nessa babil\u00f4nia. Achei melhor escrever logo antes que minha falha mem\u00f3ria deixe algumas importantes emo\u00e7\u00f5es para tr\u00e1s... Me mudei ao RJ por volta de 2004. Nestes 6 anos, o meu amor pelo Rio foi\u2026","rel":"","context":"Em &quot;'Baixa' Gastronomia&quot;","block_context":{"text":"'Baixa' Gastronomia","link":"https:\/\/yuri.com.br\/claudio\/category\/baixa-gastronomia\/"},"img":{"alt_text":"","src":"","width":0,"height":0},"classes":[]},{"id":35,"url":"https:\/\/yuri.com.br\/claudio\/2008\/07\/29\/os-caldos-de-minha-vida\/","url_meta":{"origin":5630,"position":3},"title":"Os caldos de minha vida &#8211; Adega da Velha","author":"claudio","date":"29\/jul\/2008","format":false,"excerpt":"Gostaria de compartilhar um pouco da minha experi\u00eancia butequeira adquirida aqui no RJ, cidade ber\u00e7o do botequim tradicional. J\u00e1 faz tempo que eu desejo me expressar em homenagem a esse \"templo\" do bem viver, mas para isto eu pretendo me dedicar com mais carinho em uma futura postagem, como se\u2026","rel":"","context":"Em &quot;'Baixa' Gastronomia&quot;","block_context":{"text":"'Baixa' Gastronomia","link":"https:\/\/yuri.com.br\/claudio\/category\/baixa-gastronomia\/"},"img":{"alt_text":"","src":"https:\/\/i0.wp.com\/yuri.com.br\/claudio\/wp-content\/uploads\/2008\/07\/wordpress_adega_caldinho.jpg?resize=350%2C200&ssl=1","width":350,"height":200},"classes":[]},{"id":134,"url":"https:\/\/yuri.com.br\/claudio\/2008\/08\/20\/os-caldos-de-minha-vida-real-chopp\/","url_meta":{"origin":5630,"position":4},"title":"Os caldos de minha vida &#8211; Real Chopp","author":"claudio","date":"20\/ago\/2008","format":false,"excerpt":"Dando sequ\u00eancia \u00e0s opini\u00f5es 'gastro-butequeiras' dessas terras cariocas, apresentarei a seguir o caldinho de feij\u00e3o do Real Chopp, meu boteco predileto de Copacabana. O local, cujos donos atuais, Afonso e Erm\u00edrio, se revezam no balc\u00e3o desde 1984, oferece um bom chope e algumas iguarias a pre\u00e7o just\u00edssimo. Afinal onde voc\u00ea\u2026","rel":"","context":"Em &quot;'Baixa' Gastronomia&quot;","block_context":{"text":"'Baixa' Gastronomia","link":"https:\/\/yuri.com.br\/claudio\/category\/baixa-gastronomia\/"},"img":{"alt_text":"","src":"https:\/\/i0.wp.com\/yuri.com.br\/claudio\/wp-content\/uploads\/2008\/08\/realchopp_caldinho.jpg?resize=350%2C200&ssl=1","width":350,"height":200,"srcset":"https:\/\/i0.wp.com\/yuri.com.br\/claudio\/wp-content\/uploads\/2008\/08\/realchopp_caldinho.jpg?resize=350%2C200&ssl=1 1x, https:\/\/i0.wp.com\/yuri.com.br\/claudio\/wp-content\/uploads\/2008\/08\/realchopp_caldinho.jpg?resize=525%2C300&ssl=1 1.5x, https:\/\/i0.wp.com\/yuri.com.br\/claudio\/wp-content\/uploads\/2008\/08\/realchopp_caldinho.jpg?resize=700%2C400&ssl=1 2x"},"classes":[]},{"id":4735,"url":"https:\/\/yuri.com.br\/claudio\/2013\/03\/31\/saudosismo-empanado\/","url_meta":{"origin":5630,"position":5},"title":"Saudosismo empanado","author":"claudio","date":"31\/mar\/2013","format":false,"excerpt":"Fil\u00e9 empanado costuma lembrar comida de mam\u00e3e. Que nem carne de panela, alm\u00f4ndegas com pur\u00ea. Sinto que culin\u00e1ria tamb\u00e9m \u00e9 nostalgia. Vale a pena matar essa saudade, fazendo vc mesmo! Eu gosto \u00e9 de fazer com peito de frango. \u00c9 recomend\u00e1vel fazer um corte tipo \"borboleta\", abrindo em 2 fil\u00e9s\u2026","rel":"","context":"Em &quot;'Baixa' Gastronomia&quot;","block_context":{"text":"'Baixa' Gastronomia","link":"https:\/\/yuri.com.br\/claudio\/category\/baixa-gastronomia\/"},"img":{"alt_text":"","src":"https:\/\/i0.wp.com\/yuri.com.br\/claudio\/wp-content\/uploads\/2013\/03\/frango_empanado.jpg?resize=350%2C200&ssl=1","width":350,"height":200,"srcset":"https:\/\/i0.wp.com\/yuri.com.br\/claudio\/wp-content\/uploads\/2013\/03\/frango_empanado.jpg?resize=350%2C200&ssl=1 1x, https:\/\/i0.wp.com\/yuri.com.br\/claudio\/wp-content\/uploads\/2013\/03\/frango_empanado.jpg?resize=525%2C300&ssl=1 1.5x, https:\/\/i0.wp.com\/yuri.com.br\/claudio\/wp-content\/uploads\/2013\/03\/frango_empanado.jpg?resize=700%2C400&ssl=1 2x"},"classes":[]}],"_links":{"self":[{"href":"https:\/\/yuri.com.br\/claudio\/wp-json\/wp\/v2\/posts\/5630","targetHints":{"allow":["GET"]}}],"collection":[{"href":"https:\/\/yuri.com.br\/claudio\/wp-json\/wp\/v2\/posts"}],"about":[{"href":"https:\/\/yuri.com.br\/claudio\/wp-json\/wp\/v2\/types\/post"}],"author":[{"embeddable":true,"href":"https:\/\/yuri.com.br\/claudio\/wp-json\/wp\/v2\/users\/2"}],"replies":[{"embeddable":true,"href":"https:\/\/yuri.com.br\/claudio\/wp-json\/wp\/v2\/comments?post=5630"}],"version-history":[{"count":0,"href":"https:\/\/yuri.com.br\/claudio\/wp-json\/wp\/v2\/posts\/5630\/revisions"}],"wp:featuredmedia":[{"embeddable":true,"href":"https:\/\/yuri.com.br\/claudio\/wp-json\/wp\/v2\/media\/5631"}],"wp:attachment":[{"href":"https:\/\/yuri.com.br\/claudio\/wp-json\/wp\/v2\/media?parent=5630"}],"wp:term":[{"taxonomy":"category","embeddable":true,"href":"https:\/\/yuri.com.br\/claudio\/wp-json\/wp\/v2\/categories?post=5630"},{"taxonomy":"post_tag","embeddable":true,"href":"https:\/\/yuri.com.br\/claudio\/wp-json\/wp\/v2\/tags?post=5630"}],"curies":[{"name":"wp","href":"https:\/\/api.w.org\/{rel}","templated":true}]}}