{"id":5554,"date":"2013-08-09T15:30:00","date_gmt":"2013-08-09T15:30:00","guid":{"rendered":"http:\/\/claudiobr.wordpress.com\/?p=5554"},"modified":"2013-08-09T15:30:00","modified_gmt":"2013-08-09T15:30:00","slug":"bbloc","status":"publish","type":"post","link":"https:\/\/yuri.com.br\/claudio\/2013\/08\/09\/bbloc\/","title":{"rendered":"BBLOC"},"content":{"rendered":"<p>Acho que toda a comunidade escaladora est\u00e1 sabendo, mas n\u00e3o custa refor\u00e7ar o coro: est\u00e1 aberto o <strong>BBLOC<\/strong> aqui em S\u00e3o Bento do Sapuca\u00ed, dos s\u00f3cios <a href=\"http:\/\/claudiobr.wordpress.com\/portraits\/#jp-carousel-5556\" target=\"_blank\">Bel\u00ea\/N\u00edvea<\/a> e Marcos, com uma incr\u00edvel <em>cave<\/em> cheia de placas curvas (ondas), tem at\u00e9 um arco pra galera se torturar, al\u00e9m de muros de escalada para crian\u00e7as. Nos fundos, tem um lindo espa\u00e7o que promete ser ponto de encontro dos mais agrad\u00e1veis, onde h\u00e1 um totem de fibra e a surpreendente r\u00e9plica do Ba\u00fa:<\/p>\n<p><a href=\"http:\/\/claudiobr.wordpress.com\/indoor\/#jp-carousel-5560\" target=\"_blank\"><img decoding=\"async\" class=\"aligncenter\" alt=\"Para os geeks: flash 285HV 1\/4 power @ bottom right\" title=\"Para os geeks: flash 285HV 1\/4 power @ bottom right\" src=\"http:\/\/claudiobr.files.wordpress.com\/2013\/05\/bele_climbing11.jpg?w=1200&amp;h=\" width=\"700\" \/><\/a><\/p>\n<p><a href=\"http:\/\/claudiobr.wordpress.com\/others\/#jp-carousel-5563\" target=\"_blank\"><img decoding=\"async\" class=\"aligncenter\" title=\"Para os geeks: Singh-ray ND grad @ horizon\" alt=\"Para os geeks: Singh-ray ND grad @ horizon\" src=\"http:\/\/claudiobr.files.wordpress.com\/2013\/05\/fundos_baufibrabaurock.jpg?w=1000&amp;h=\" width=\"700\" \/><\/a><\/p>\n<p><a href=\"http:\/\/claudiobr.wordpress.com\/indoor\/#jp-carousel-5561\" target=\"_blank\"><img decoding=\"async\" class=\"aligncenter\" alt=\"clique para ampliar!\" title=\"clique para ampliar!\" src=\"http:\/\/claudiobr.files.wordpress.com\/2013\/05\/torre_porcima2_logo.jpg?w=1200&amp;h=\" width=\"700\" \/><\/a><\/p>\n<p>N\u00e3o preciso argumentar muito para dizer que um lugar desses tem tudo pra impulsionar o esporte a um patamar mais que merecido nessa cidade. No meu caso, faz quase uma d\u00e9cada que venho treinando em murinhos caseiros tipo &#8220;rodinha de hamster&#8221;. D\u00e1 pra imaginar o tamanho da minha satisfa\u00e7\u00e3o? :-) Ent\u00e3o se estiverem pela regi\u00e3o, fica a\u00ed uma parada obrigat\u00f3ria, n\u00e3o deixem de conhecer! Minhas palavras e fotos n\u00e3o s\u00e3o suficientes para descrever&#8230;<\/p>\n<p>Confira mais em: <a href=\"https:\/\/www.facebook.com\/EspacoBBloc\" target=\"_blank\">www.facebook.com\/EspacoBBloc<\/a><\/p>\n","protected":false},"excerpt":{"rendered":"<p>Acho que toda a comunidade escaladora est\u00e1 sabendo, mas n\u00e3o custa refor\u00e7ar o coro: est\u00e1 aberto o BBLOC aqui em S\u00e3o Bento do Sapuca\u00ed, dos s\u00f3cios Bel\u00ea\/N\u00edvea e Marcos, com uma incr\u00edvel cave cheia de placas curvas (ondas), tem at\u00e9 um arco pra galera se torturar, al\u00e9m de muros de escalada para crian\u00e7as. Nos fundos,&hellip;&nbsp;<a href=\"https:\/\/yuri.com.br\/claudio\/2013\/08\/09\/bbloc\/\" rel=\"bookmark\">Continue a ler &raquo;<span class=\"screen-reader-text\">BBLOC<\/span><\/a><\/p>\n","protected":false},"author":2,"featured_media":0,"comment_status":"open","ping_status":"open","sticky":false,"template":"","format":"standard","meta":{"neve_meta_sidebar":"","neve_meta_container":"","neve_meta_enable_content_width":"","neve_meta_content_width":0,"neve_meta_title_alignment":"","neve_meta_author_avatar":"","neve_post_elements_order":"","neve_meta_disable_header":"","neve_meta_disable_footer":"","neve_meta_disable_title":"","jetpack_post_was_ever_published":false,"_jetpack_newsletter_access":"","_jetpack_dont_email_post_to_subs":false,"_jetpack_newsletter_tier_id":0,"_jetpack_memberships_contains_paywalled_content":false,"_jetpack_memberships_contains_paid_content":false,"footnotes":"","jetpack_publicize_message":"","jetpack_publicize_feature_enabled":true,"jetpack_social_post_already_shared":false,"jetpack_social_options":{"image_generator_settings":{"template":"highway","default_image_id":0,"font":"","enabled":false},"version":2}},"categories":[3],"tags":[],"class_list":["post-5554","post","type-post","status-publish","format-standard","hentry","category-escalada"],"jetpack_publicize_connections":[],"jetpack_featured_media_url":"","jetpack_shortlink":"https:\/\/wp.me\/s4i7cB-bbloc","jetpack_sharing_enabled":true,"jetpack-related-posts":[{"id":3246,"url":"https:\/\/yuri.com.br\/claudio\/2011\/12\/03\/fotos-fritas\/","url_meta":{"origin":5554,"position":0},"title":"Fotos Fritas","author":"claudio","date":"3\/dez\/2011","format":false,"excerpt":"Com o calend\u00e1rio devidamente lan\u00e7ado, divulgo ent\u00e3o as fotos que fiz aqui em S\u00e3o Bento do Sapuca\u00ed: N\u00edvea no Cartucheira, V6 highball no Aranha. O bloc\u00e3o tem o Ba\u00fa ao fundo, facilitando uma composi\u00e7\u00e3o bonita. O ideal ali seria um fim de tarde, portanto utilizei um flash para equilibrar um\u2026","rel":"","context":"Em &quot;Escalada&quot;","block_context":{"text":"Escalada","link":"https:\/\/yuri.com.br\/claudio\/category\/escalada\/"},"img":{"alt_text":"","src":"https:\/\/i0.wp.com\/yuri.com.br\/claudio\/wp-content\/uploads\/2011\/12\/dedosfritos_nivea_panorama_small.jpg?resize=350%2C200&ssl=1","width":350,"height":200,"srcset":"https:\/\/i0.wp.com\/yuri.com.br\/claudio\/wp-content\/uploads\/2011\/12\/dedosfritos_nivea_panorama_small.jpg?resize=350%2C200&ssl=1 1x, https:\/\/i0.wp.com\/yuri.com.br\/claudio\/wp-content\/uploads\/2011\/12\/dedosfritos_nivea_panorama_small.jpg?resize=525%2C300&ssl=1 1.5x, https:\/\/i0.wp.com\/yuri.com.br\/claudio\/wp-content\/uploads\/2011\/12\/dedosfritos_nivea_panorama_small.jpg?resize=700%2C400&ssl=1 2x"},"classes":[]},{"id":5888,"url":"https:\/\/yuri.com.br\/claudio\/2013\/10\/16\/bbloc-on-the-rock\/","url_meta":{"origin":5554,"position":1},"title":"BBLOC on the ROCK","author":"claudio","date":"16\/out\/2013","format":false,"excerpt":"Essa semana fui com o \"bonde do BBLOC\" curtir mais uma das sa\u00eddas pra rocha que o Bel\u00ea vem realizando com essa galerinha local, que j\u00e1 vem mostrando n\u00edtida evolu\u00e7\u00e3o! O setor da vez foi o Rubinho, que cumpre bem essa fun\u00e7\u00e3o de campo-escola. Com a gra\u00e7a de S\u00e3o Pedro,\u2026","rel":"","context":"Em &quot;Escalada&quot;","block_context":{"text":"Escalada","link":"https:\/\/yuri.com.br\/claudio\/category\/escalada\/"},"img":{"alt_text":"","src":"https:\/\/i0.wp.com\/yuri.com.br\/claudio\/wp-content\/uploads\/2013\/10\/rubinho_bbloc1.jpg?resize=350%2C200&ssl=1","width":350,"height":200,"srcset":"https:\/\/i0.wp.com\/yuri.com.br\/claudio\/wp-content\/uploads\/2013\/10\/rubinho_bbloc1.jpg?resize=350%2C200&ssl=1 1x, https:\/\/i0.wp.com\/yuri.com.br\/claudio\/wp-content\/uploads\/2013\/10\/rubinho_bbloc1.jpg?resize=525%2C300&ssl=1 1.5x, https:\/\/i0.wp.com\/yuri.com.br\/claudio\/wp-content\/uploads\/2013\/10\/rubinho_bbloc1.jpg?resize=700%2C400&ssl=1 2x"},"classes":[]},{"id":5854,"url":"https:\/\/yuri.com.br\/claudio\/2013\/10\/14\/video-sos-sapatilha\/","url_meta":{"origin":5554,"position":2},"title":"V\u00eddeo: SOS Sapatilha","author":"claudio","date":"14\/out\/2013","format":false,"excerpt":"Conforme prometido, aqui vai o curta a respeito da SOS Sapatilha. Procurei ilustrar nestes 9 minutos um pouco da hist\u00f3ria e evolu\u00e7\u00e3o deste servi\u00e7o que o Bel\u00ea iniciou ainda nos anos 90, prim\u00f3rdios da sua sonhada trajet\u00f3ria e hoje realidade, que \u00e9 viver da escalada. Se as ressolas continuam bombando\u2026","rel":"","context":"Em &quot;Escalada&quot;","block_context":{"text":"Escalada","link":"https:\/\/yuri.com.br\/claudio\/category\/escalada\/"},"img":{"alt_text":"","src":"","width":0,"height":0},"classes":[]},{"id":3701,"url":"https:\/\/yuri.com.br\/claudio\/2012\/06\/05\/seg-de-corpus-christi\/","url_meta":{"origin":5554,"position":3},"title":"&#8216;Seg&#8217; de Corpus Christi","author":"claudio","date":"5\/jun\/2012","format":false,"excerpt":"A maioria j\u00e1 sabe e est\u00e1 vindo a\u00ea, mas n\u00e3o custa aumentar o coro: nesse fds tem Campeonato Brasileiro seguido de Festa na Montanha 2012 em S\u00e3o Bento! Uma \"prociss\u00e3o\" de escaladores vai encher a cidade... nos vemos por l\u00e1!","rel":"","context":"Em &quot;Escalada&quot;","block_context":{"text":"Escalada","link":"https:\/\/yuri.com.br\/claudio\/category\/escalada\/"},"img":{"alt_text":"","src":"https:\/\/i0.wp.com\/yuri.com.br\/claudio\/wp-content\/uploads\/2012\/06\/campeonato_brasileiro_boulder_2012.jpg?resize=350%2C200&ssl=1","width":350,"height":200,"srcset":"https:\/\/i0.wp.com\/yuri.com.br\/claudio\/wp-content\/uploads\/2012\/06\/campeonato_brasileiro_boulder_2012.jpg?resize=350%2C200&ssl=1 1x, https:\/\/i0.wp.com\/yuri.com.br\/claudio\/wp-content\/uploads\/2012\/06\/campeonato_brasileiro_boulder_2012.jpg?resize=525%2C300&ssl=1 1.5x"},"classes":[]},{"id":5112,"url":"https:\/\/yuri.com.br\/claudio\/2013\/05\/14\/pesquisa-sao-bento\/","url_meta":{"origin":5554,"position":4},"title":"Pesquisa S\u00e3o Bento","author":"claudio","date":"14\/maio\/2013","format":false,"excerpt":"Muitos j\u00e1 preencheram mas n\u00e3o custa refor\u00e7ar: se vc j\u00e1 veio pra S\u00e3o Bento, n\u00e3o deixe de participar da pesquisa: http:\/\/sumbaboulder.blogspot.com.br\/2013\/05\/PESQUISA.html S\u00e3o 5 minutinhos seus que ajudar\u00e3o a concretizar alguns dados importantes para o futuro. Valeu!","rel":"","context":"Em &quot;Escalada&quot;","block_context":{"text":"Escalada","link":"https:\/\/yuri.com.br\/claudio\/category\/escalada\/"},"img":{"alt_text":"","src":"","width":0,"height":0},"classes":[]},{"id":1573,"url":"https:\/\/yuri.com.br\/claudio\/2010\/02\/25\/centro-de-escalada-jpa\/","url_meta":{"origin":5554,"position":5},"title":"Centro de Escalada JPA","author":"claudio","date":"25\/fev\/2010","format":false,"excerpt":"Estive esses dias no novo \"Centro de Escalada JPA\", na zona oeste do Rio. Que eu me lembre, a \u00faltima vez que a regi\u00e3o contou com um muro decente aberto ao p\u00fablico foi em 2005, no extinto muro do Juba, velhos tempos... Eu (rec\u00e9m mudado ao RJ), Caio (pra variar\u2026","rel":"","context":"Em &quot;Escalada&quot;","block_context":{"text":"Escalada","link":"https:\/\/yuri.com.br\/claudio\/category\/escalada\/"},"img":{"alt_text":"","src":"https:\/\/i0.wp.com\/yuri.com.br\/claudio\/wp-content\/uploads\/2010\/02\/escaladabr_2.jpg?resize=350%2C200&ssl=1","width":350,"height":200,"srcset":"https:\/\/i0.wp.com\/yuri.com.br\/claudio\/wp-content\/uploads\/2010\/02\/escaladabr_2.jpg?resize=350%2C200&ssl=1 1x, https:\/\/i0.wp.com\/yuri.com.br\/claudio\/wp-content\/uploads\/2010\/02\/escaladabr_2.jpg?resize=525%2C300&ssl=1 1.5x"},"classes":[]}],"_links":{"self":[{"href":"https:\/\/yuri.com.br\/claudio\/wp-json\/wp\/v2\/posts\/5554","targetHints":{"allow":["GET"]}}],"collection":[{"href":"https:\/\/yuri.com.br\/claudio\/wp-json\/wp\/v2\/posts"}],"about":[{"href":"https:\/\/yuri.com.br\/claudio\/wp-json\/wp\/v2\/types\/post"}],"author":[{"embeddable":true,"href":"https:\/\/yuri.com.br\/claudio\/wp-json\/wp\/v2\/users\/2"}],"replies":[{"embeddable":true,"href":"https:\/\/yuri.com.br\/claudio\/wp-json\/wp\/v2\/comments?post=5554"}],"version-history":[{"count":0,"href":"https:\/\/yuri.com.br\/claudio\/wp-json\/wp\/v2\/posts\/5554\/revisions"}],"wp:attachment":[{"href":"https:\/\/yuri.com.br\/claudio\/wp-json\/wp\/v2\/media?parent=5554"}],"wp:term":[{"taxonomy":"category","embeddable":true,"href":"https:\/\/yuri.com.br\/claudio\/wp-json\/wp\/v2\/categories?post=5554"},{"taxonomy":"post_tag","embeddable":true,"href":"https:\/\/yuri.com.br\/claudio\/wp-json\/wp\/v2\/tags?post=5554"}],"curies":[{"name":"wp","href":"https:\/\/api.w.org\/{rel}","templated":true}]}}