{"id":551,"date":"2009-04-01T19:20:23","date_gmt":"2009-04-01T19:20:23","guid":{"rendered":"http:\/\/claudiobr.wordpress.com\/?p=551"},"modified":"2009-04-01T19:20:23","modified_gmt":"2009-04-01T19:20:23","slug":"bismarque","status":"publish","type":"post","link":"https:\/\/yuri.com.br\/claudio\/2009\/04\/01\/bismarque\/","title":{"rendered":"Bismarque"},"content":{"rendered":"<p>Voltando aos velhos posts da &#8220;baixa&#8221; gastronomia, chegou a hora de prestar merecida homenagem a um discreto estabelecimento: o <strong>Bismarque<\/strong>. Para os moradores do Botafogo\/RJ amantes das velhas tradi\u00e7\u00f5es, este \u00e9 um itiner\u00e1rio obrigat\u00f3rio. E bota tradicional nisso, o local serve cl\u00e1ssicos da culin\u00e1ria portuguesa e brasileira (apesar do nome &#8220;alem\u00e3ozado&#8221;) j\u00e1 faz mais de meio s\u00e9culo (desde 1952). Vale ressaltar que o ambiente possue ar-condicionado, o que faz boa diferen\u00e7a no RJ. Pra casa continuar lotada at\u00e9 hoje, desconfia-se que o rango s\u00f3 pode ser bom&#8230;<\/p>\n<p><img loading=\"lazy\" decoding=\"async\" data-attachment-id=\"550\" data-permalink=\"https:\/\/yuri.com.br\/claudio\/2009\/04\/01\/bismarque\/bismarque-2\/\" data-orig-file=\"https:\/\/yuri.com.br\/claudio\/wp-content\/uploads\/2009\/04\/bismarque.jpg\" data-orig-size=\"320,241\" data-comments-opened=\"1\" data-image-meta=\"{&quot;aperture&quot;:&quot;0&quot;,&quot;credit&quot;:&quot;&quot;,&quot;camera&quot;:&quot;&quot;,&quot;caption&quot;:&quot;&quot;,&quot;created_timestamp&quot;:&quot;0&quot;,&quot;copyright&quot;:&quot;&quot;,&quot;focal_length&quot;:&quot;0&quot;,&quot;iso&quot;:&quot;0&quot;,&quot;shutter_speed&quot;:&quot;0&quot;,&quot;title&quot;:&quot;&quot;}\" data-image-title=\"Costeleta do Bismarque\" data-image-description=\"\" data-image-caption=\"\" data-medium-file=\"https:\/\/yuri.com.br\/claudio\/wp-content\/uploads\/2009\/04\/bismarque-300x225.jpg\" data-large-file=\"https:\/\/yuri.com.br\/claudio\/wp-content\/uploads\/2009\/04\/bismarque.jpg\" class=\"aligncenter size-medium wp-image-550\" title=\"Costeleta do Bismarque\" src=\"http:\/\/yuri.com.br\/claudio\/wp-content\/uploads\/2009\/04\/bismarque.jpg?w=300\" alt=\"Costeleta do Bismarque\" width=\"300\" height=\"225\" srcset=\"https:\/\/yuri.com.br\/claudio\/wp-content\/uploads\/2009\/04\/bismarque.jpg 320w, https:\/\/yuri.com.br\/claudio\/wp-content\/uploads\/2009\/04\/bismarque-300x225.jpg 300w, https:\/\/yuri.com.br\/claudio\/wp-content\/uploads\/2009\/04\/bismarque-210x158.jpg 210w\" sizes=\"auto, (max-width: 300px) 100vw, 300px\" \/><br \/>\nAcima est\u00e1 a boa pedida: costeleta de porco com tutu \u00e0 mineira. A carne est\u00e1 sempre macia e suculenta (diferente de muitos lombos secos por a\u00ed afora) e vem escoltada pelo tutu de feij\u00e3o preto, couve e arroz. Segue a conta: o prato d\u00e1 pra 2, somado com uma Bohemia de garrafa (600ml) + um ch\u00e1, deu tudo 35 pratas. Ignore a m\u00e1 qualidade da foto, e pense na melhor costeleta do RJ. Quando me disseram isso a 1a. vez, eu me enganei achando uma baita demagogia. Me perdoem os vegetarianos, mas esse prato do Bismarque transformou minha vis\u00e3o sobre os porquinhos&#8230;<\/p>\n<p style=\"text-align:left;\"><em>Bismarque: Rua S\u00e3o Clemente 24, Botafogo &#8211; Rio de Janeiro.<\/em><\/p>\n<p style=\"text-align:left;\"><em>Seg a sex, das 11h \u00e0s 22h. S\u00e1b e dom, das 11h \u00e0s 18h. C.C.: Todos.<\/em><\/p>\n","protected":false},"excerpt":{"rendered":"<p>Voltando aos velhos posts da &#8220;baixa&#8221; gastronomia, chegou a hora de prestar merecida homenagem a um discreto estabelecimento: o Bismarque. Para os moradores do Botafogo\/RJ amantes das velhas tradi\u00e7\u00f5es, este \u00e9 um itiner\u00e1rio obrigat\u00f3rio. E bota tradicional nisso, o local serve cl\u00e1ssicos da culin\u00e1ria portuguesa e brasileira (apesar do nome &#8220;alem\u00e3ozado&#8221;) j\u00e1 faz mais de&hellip;&nbsp;<a href=\"https:\/\/yuri.com.br\/claudio\/2009\/04\/01\/bismarque\/\" rel=\"bookmark\">Continue a ler &raquo;<span class=\"screen-reader-text\">Bismarque<\/span><\/a><\/p>\n","protected":false},"author":2,"featured_media":550,"comment_status":"open","ping_status":"open","sticky":false,"template":"","format":"standard","meta":{"neve_meta_sidebar":"","neve_meta_container":"","neve_meta_enable_content_width":"","neve_meta_content_width":0,"neve_meta_title_alignment":"","neve_meta_author_avatar":"","neve_post_elements_order":"","neve_meta_disable_header":"","neve_meta_disable_footer":"","neve_meta_disable_title":"","jetpack_post_was_ever_published":false,"_jetpack_newsletter_access":"","_jetpack_dont_email_post_to_subs":false,"_jetpack_newsletter_tier_id":0,"_jetpack_memberships_contains_paywalled_content":false,"_jetpack_memberships_contains_paid_content":false,"footnotes":"","jetpack_publicize_message":"","jetpack_publicize_feature_enabled":true,"jetpack_social_post_already_shared":false,"jetpack_social_options":{"image_generator_settings":{"template":"highway","default_image_id":0,"font":"","enabled":false},"version":2}},"categories":[2],"tags":[],"class_list":["post-551","post","type-post","status-publish","format-standard","has-post-thumbnail","hentry","category-baixa-gastronomia"],"jetpack_publicize_connections":[],"jetpack_featured_media_url":"https:\/\/yuri.com.br\/claudio\/wp-content\/uploads\/2009\/04\/bismarque.jpg","jetpack_shortlink":"https:\/\/wp.me\/p4i7cB-8T","jetpack_sharing_enabled":true,"jetpack-related-posts":[{"id":741,"url":"https:\/\/yuri.com.br\/claudio\/2009\/06\/09\/comida-di-buteco-rj-2009-real-chopp\/","url_meta":{"origin":551,"position":0},"title":"&#8216;Comida di Buteco&#8217; RJ 2009 + Real Chopp","author":"claudio","date":"9\/jun\/2009","format":false,"excerpt":"Para a alegria de nossas barriguinhas, est\u00e1 de volta ao Rio de Janeiro o festival Comida di Buteco! Uma \"competi\u00e7\u00e3o\" em que n\u00f3s, fregueses, s\u00f3 temos a ganhar - s\u00e3o novas e velhas tradi\u00e7\u00f5es como o Rolmops (\"sushi\" de portugu\u00eas do Adega P\u00e9rola) ou o lombinho com molho de tamarindo\u2026","rel":"","context":"Em &quot;'Baixa' Gastronomia&quot;","block_context":{"text":"'Baixa' Gastronomia","link":"https:\/\/yuri.com.br\/claudio\/category\/baixa-gastronomia\/"},"img":{"alt_text":"","src":"https:\/\/i0.wp.com\/yuri.com.br\/claudio\/wp-content\/uploads\/2009\/06\/realchopp_leffe.jpg?resize=350%2C200&ssl=1","width":350,"height":200,"srcset":"https:\/\/i0.wp.com\/yuri.com.br\/claudio\/wp-content\/uploads\/2009\/06\/realchopp_leffe.jpg?resize=350%2C200&ssl=1 1x, https:\/\/i0.wp.com\/yuri.com.br\/claudio\/wp-content\/uploads\/2009\/06\/realchopp_leffe.jpg?resize=525%2C300&ssl=1 1.5x"},"classes":[]},{"id":5132,"url":"https:\/\/yuri.com.br\/claudio\/2013\/05\/16\/paraiso-em-camadas\/","url_meta":{"origin":551,"position":1},"title":"Para\u00edso em camadas","author":"claudio","date":"16\/maio\/2013","format":false,"excerpt":"Esse friozinho que est\u00e1 chegando n\u00e3o \u00e9 s\u00f3 bom pra escalar ou tomar aquele caldinho de feij\u00e3o com uma boa cacha\u00e7a. Dessa vez n\u00e3o deixarei escapar a oportunidade de me aventurar no estilo vienense e suas massas ricas e laminadas. Assim como o pain au levain, o croissant \u00e9 um\u2026","rel":"","context":"Em &quot;'Baixa' Gastronomia&quot;","block_context":{"text":"'Baixa' Gastronomia","link":"https:\/\/yuri.com.br\/claudio\/category\/baixa-gastronomia\/"},"img":{"alt_text":"","src":"https:\/\/i0.wp.com\/yuri.com.br\/claudio\/wp-content\/uploads\/2013\/05\/croissant_learning.jpg?resize=350%2C200&ssl=1","width":350,"height":200,"srcset":"https:\/\/i0.wp.com\/yuri.com.br\/claudio\/wp-content\/uploads\/2013\/05\/croissant_learning.jpg?resize=350%2C200&ssl=1 1x, https:\/\/i0.wp.com\/yuri.com.br\/claudio\/wp-content\/uploads\/2013\/05\/croissant_learning.jpg?resize=525%2C300&ssl=1 1.5x, https:\/\/i0.wp.com\/yuri.com.br\/claudio\/wp-content\/uploads\/2013\/05\/croissant_learning.jpg?resize=700%2C400&ssl=1 2x"},"classes":[]},{"id":35,"url":"https:\/\/yuri.com.br\/claudio\/2008\/07\/29\/os-caldos-de-minha-vida\/","url_meta":{"origin":551,"position":2},"title":"Os caldos de minha vida &#8211; Adega da Velha","author":"claudio","date":"29\/jul\/2008","format":false,"excerpt":"Gostaria de compartilhar um pouco da minha experi\u00eancia butequeira adquirida aqui no RJ, cidade ber\u00e7o do botequim tradicional. J\u00e1 faz tempo que eu desejo me expressar em homenagem a esse \"templo\" do bem viver, mas para isto eu pretendo me dedicar com mais carinho em uma futura postagem, como se\u2026","rel":"","context":"Em &quot;'Baixa' Gastronomia&quot;","block_context":{"text":"'Baixa' Gastronomia","link":"https:\/\/yuri.com.br\/claudio\/category\/baixa-gastronomia\/"},"img":{"alt_text":"","src":"https:\/\/i0.wp.com\/yuri.com.br\/claudio\/wp-content\/uploads\/2008\/07\/wordpress_adega_caldinho.jpg?resize=350%2C200&ssl=1","width":350,"height":200},"classes":[]},{"id":4735,"url":"https:\/\/yuri.com.br\/claudio\/2013\/03\/31\/saudosismo-empanado\/","url_meta":{"origin":551,"position":3},"title":"Saudosismo empanado","author":"claudio","date":"31\/mar\/2013","format":false,"excerpt":"Fil\u00e9 empanado costuma lembrar comida de mam\u00e3e. Que nem carne de panela, alm\u00f4ndegas com pur\u00ea. Sinto que culin\u00e1ria tamb\u00e9m \u00e9 nostalgia. Vale a pena matar essa saudade, fazendo vc mesmo! Eu gosto \u00e9 de fazer com peito de frango. \u00c9 recomend\u00e1vel fazer um corte tipo \"borboleta\", abrindo em 2 fil\u00e9s\u2026","rel":"","context":"Em &quot;'Baixa' Gastronomia&quot;","block_context":{"text":"'Baixa' Gastronomia","link":"https:\/\/yuri.com.br\/claudio\/category\/baixa-gastronomia\/"},"img":{"alt_text":"","src":"https:\/\/i0.wp.com\/yuri.com.br\/claudio\/wp-content\/uploads\/2013\/03\/frango_empanado.jpg?resize=350%2C200&ssl=1","width":350,"height":200,"srcset":"https:\/\/i0.wp.com\/yuri.com.br\/claudio\/wp-content\/uploads\/2013\/03\/frango_empanado.jpg?resize=350%2C200&ssl=1 1x, https:\/\/i0.wp.com\/yuri.com.br\/claudio\/wp-content\/uploads\/2013\/03\/frango_empanado.jpg?resize=525%2C300&ssl=1 1.5x, https:\/\/i0.wp.com\/yuri.com.br\/claudio\/wp-content\/uploads\/2013\/03\/frango_empanado.jpg?resize=700%2C400&ssl=1 2x"},"classes":[]},{"id":241,"url":"https:\/\/yuri.com.br\/claudio\/2008\/09\/25\/fausto-wolff\/","url_meta":{"origin":551,"position":4},"title":"Fausto Wolff","author":"claudio","date":"25\/set\/2008","format":false,"excerpt":"A poucas semanas atr\u00e1s, mais precisamente no dia 5 de setembro, faleceu no RJ o jornalista e escritor brasileiro Fausto Wolff. Eu n\u00e3o tenho a menor compet\u00eancia pra escrever sobre esse cara. Indico um artigo \"p\u00f3stumo\" que o descreve melhor no seu pr\u00f3prio site: http:\/\/www.olobo.net\/index.php?pg=colunistas&id=1008 Mas aqui eu gostaria de\u2026","rel":"","context":"Em &quot;'Baixa' Gastronomia&quot;","block_context":{"text":"'Baixa' Gastronomia","link":"https:\/\/yuri.com.br\/claudio\/category\/baixa-gastronomia\/"},"img":{"alt_text":"","src":"","width":0,"height":0},"classes":[]},{"id":1167,"url":"https:\/\/yuri.com.br\/claudio\/2009\/11\/03\/finados\/","url_meta":{"origin":551,"position":5},"title":"Finados","author":"claudio","date":"3\/nov\/2009","format":false,"excerpt":"O feriad\u00e3o por aqui foi tranquilo. Tijolado de rodar pelas estradas nas f\u00e9rias, ficamos no RJ onde eu pude reencontrar o granito e lembrar como \u00e9 bom escalar neste tipo de pedra, principalmente se for na Barrinha! :-) Fiz algumas fotos, mesmo que sem muita inspira\u00e7\u00e3o... aproveitei 10% do que\u2026","rel":"","context":"Em &quot;'Baixa' Gastronomia&quot;","block_context":{"text":"'Baixa' Gastronomia","link":"https:\/\/yuri.com.br\/claudio\/category\/baixa-gastronomia\/"},"img":{"alt_text":"","src":"https:\/\/i0.wp.com\/farm3.static.flickr.com\/2633\/4068778188_398b6ca944_o.jpg?resize=350%2C200","width":350,"height":200},"classes":[]}],"_links":{"self":[{"href":"https:\/\/yuri.com.br\/claudio\/wp-json\/wp\/v2\/posts\/551","targetHints":{"allow":["GET"]}}],"collection":[{"href":"https:\/\/yuri.com.br\/claudio\/wp-json\/wp\/v2\/posts"}],"about":[{"href":"https:\/\/yuri.com.br\/claudio\/wp-json\/wp\/v2\/types\/post"}],"author":[{"embeddable":true,"href":"https:\/\/yuri.com.br\/claudio\/wp-json\/wp\/v2\/users\/2"}],"replies":[{"embeddable":true,"href":"https:\/\/yuri.com.br\/claudio\/wp-json\/wp\/v2\/comments?post=551"}],"version-history":[{"count":0,"href":"https:\/\/yuri.com.br\/claudio\/wp-json\/wp\/v2\/posts\/551\/revisions"}],"wp:featuredmedia":[{"embeddable":true,"href":"https:\/\/yuri.com.br\/claudio\/wp-json\/wp\/v2\/media\/550"}],"wp:attachment":[{"href":"https:\/\/yuri.com.br\/claudio\/wp-json\/wp\/v2\/media?parent=551"}],"wp:term":[{"taxonomy":"category","embeddable":true,"href":"https:\/\/yuri.com.br\/claudio\/wp-json\/wp\/v2\/categories?post=551"},{"taxonomy":"post_tag","embeddable":true,"href":"https:\/\/yuri.com.br\/claudio\/wp-json\/wp\/v2\/tags?post=551"}],"curies":[{"name":"wp","href":"https:\/\/api.w.org\/{rel}","templated":true}]}}