{"id":5492,"date":"2013-07-24T18:05:27","date_gmt":"2013-07-24T18:05:27","guid":{"rendered":"http:\/\/claudiobr.wordpress.com\/?p=5492"},"modified":"2013-07-24T18:05:27","modified_gmt":"2013-07-24T18:05:27","slug":"5-anos","status":"publish","type":"post","link":"https:\/\/yuri.com.br\/claudio\/2013\/07\/24\/5-anos\/","title":{"rendered":"5 anos enchendo lingui\u00e7a"},"content":{"rendered":"<p>N\u00e3o \u00e9 todo dia que fazemos &#8220;5 anos de alguma coisa&#8221;, ent\u00e3o fiquei surpreso ao ser avisado pelo <em>wordpress<\/em> que este blog completou 5 aninhos. Olhando para tr\u00e1s, percebo que a fotografia tem desempenhado bastante neste blog, tanto que movi meu acervo de imagens para c\u00e1. Ent\u00e3o vamos falar um pouco disto. Um brinde com um registro de mais ou menos a mesma idade: a melhor das melhores, a imbat\u00edvel <a href=\"http:\/\/claudiobr.wordpress.com\/2009\/06\/14\/havana-anisio-santiago\/\" target=\"_blank\">An\u00edsio Santiago<\/a>!<\/p>\n<p><a href=\"http:\/\/claudiobr.wordpress.com\/others\/#jp-carousel-5489\" target=\"_blank\"><img decoding=\"async\" class=\"aligncenter\" alt=\"\" src=\"http:\/\/claudiobr.files.wordpress.com\/2013\/05\/anisiosantiago.jpg?w=1000&amp;h=\" width=\"700\" \/><\/a><\/p>\n<p>Curiosamente, esta foto me remete a um caso antigo de fotografia minha que foi reproduzida em outros meios, sem minha autoriza\u00e7\u00e3o pr\u00e9via. Todo fot\u00f3grafo certamente lida com essa situa\u00e7\u00e3o de tempos em tempos. Assim como aquele favorzinho de amigo, quando te pedem para fazer fotografias profissionais de coisas chatas sem se dar conta que est\u00e3o pedindo para um pintor produzir quadros de gra\u00e7a como se fosse pastelaria do Teleton&#8230;<\/p>\n<p>A internet sempre ser\u00e1 \u00e0 prova de legisla\u00e7\u00f5es, uma liberdade sem a qual n\u00e3o existiriam as primaveras \u00e1rabes, as m\u00eddias ninjas, os pirate bays, as organiza\u00e7\u00f5es criminosas, etc., assim como o espertinho que utiliza uma foto digital de algu\u00e9m, algo n\u00e3o muito diferente de um trombadinha que furta um objeto de valor no mundo real.<\/p>\n<p>Venho fotografando desde a <a href=\"http:\/\/claudiobr.wordpress.com\/rock-climbing\/#jp-carousel-5052\" target=\"_blank\">\u00e9poca n\u00e3o digital<\/a>, mais de uma d\u00e9cada aperfei\u00e7oando a arte de comunicar experi\u00eancias de vida atrav\u00e9s de imagens, compondo entre 4 margens uma infinidade de elementos: cores, linhas, curvas, perspectivas, contrastes, movimentos, emo\u00e7\u00f5es e sobretudo luzes, al\u00e9m de toda uma bagagem vision\u00e1ria pessoal, mais uma parte extremamente t\u00e9cnica, e uma dose de sorte para que tudo isso d\u00ea certo e cause o efeito desejado no espectador que, na maioria das vezes, pensa que fotografia se resume a pegar uma m\u00e1quina, apontar e clicar.<\/p>\n<p><strong>Enchi toda essa lingui\u00e7a, s\u00f3 para pedir encarecidamente que contatem os devidos autores antes de usarem uma fotografia alheia. Os fot\u00f3grafos agradecem o respeito&#8230;<br \/>\n<\/strong><\/p>\n","protected":false},"excerpt":{"rendered":"<p>N\u00e3o \u00e9 todo dia que fazemos &#8220;5 anos de alguma coisa&#8221;, ent\u00e3o fiquei surpreso ao ser avisado pelo wordpress que este blog completou 5 aninhos. Olhando para tr\u00e1s, percebo que a fotografia tem desempenhado bastante neste blog, tanto que movi meu acervo de imagens para c\u00e1. Ent\u00e3o vamos falar um pouco disto. Um brinde com&hellip;&nbsp;<a href=\"https:\/\/yuri.com.br\/claudio\/2013\/07\/24\/5-anos\/\" rel=\"bookmark\">Continue a ler &raquo;<span class=\"screen-reader-text\">5 anos enchendo lingui\u00e7a<\/span><\/a><\/p>\n","protected":false},"author":2,"featured_media":0,"comment_status":"open","ping_status":"open","sticky":false,"template":"","format":"standard","meta":{"neve_meta_sidebar":"","neve_meta_container":"","neve_meta_enable_content_width":"","neve_meta_content_width":0,"neve_meta_title_alignment":"","neve_meta_author_avatar":"","neve_post_elements_order":"","neve_meta_disable_header":"","neve_meta_disable_footer":"","neve_meta_disable_title":"","jetpack_post_was_ever_published":false,"_jetpack_newsletter_access":"","_jetpack_dont_email_post_to_subs":false,"_jetpack_newsletter_tier_id":0,"_jetpack_memberships_contains_paywalled_content":false,"_jetpack_memberships_contains_paid_content":false,"footnotes":"","jetpack_publicize_message":"","jetpack_publicize_feature_enabled":true,"jetpack_social_post_already_shared":false,"jetpack_social_options":{"image_generator_settings":{"template":"highway","default_image_id":0,"font":"","enabled":false},"version":2}},"categories":[5],"tags":[],"class_list":["post-5492","post","type-post","status-publish","format-standard","hentry","category-outros"],"jetpack_publicize_connections":[],"jetpack_featured_media_url":"","jetpack_shortlink":"https:\/\/wp.me\/p4i7cB-1qA","jetpack_sharing_enabled":true,"jetpack-related-posts":[{"id":4208,"url":"https:\/\/yuri.com.br\/claudio\/2012\/11\/11\/5-10-brasil\/","url_meta":{"origin":5492,"position":0},"title":"5.10 BRASIL","author":"claudio","date":"11\/nov\/2012","format":false,"excerpt":"Fotografar comercialmente n\u00e3o \u00e9 minha praia. Mas com um trio gente boa desses, escalando no \"quintal\" de casa, o trabalho vira uma honra... compartilho ent\u00e3o algumas imagens que fiz para a Five Ten e seu time brazuca, todas feitas no setor Aranha (exceto as do Bel\u00ea em sua oficina). Desejo\u2026","rel":"","context":"Em &quot;Escalada&quot;","block_context":{"text":"Escalada","link":"https:\/\/yuri.com.br\/claudio\/category\/escalada\/"},"img":{"alt_text":"","src":"https:\/\/i0.wp.com\/yuri.com.br\/claudio\/wp-content\/uploads\/2012\/11\/fiveten73.jpg?resize=350%2C200","width":350,"height":200,"srcset":"https:\/\/i0.wp.com\/yuri.com.br\/claudio\/wp-content\/uploads\/2012\/11\/fiveten73.jpg?resize=350%2C200 1x, https:\/\/i0.wp.com\/yuri.com.br\/claudio\/wp-content\/uploads\/2012\/11\/fiveten73.jpg?resize=525%2C300 1.5x, https:\/\/i0.wp.com\/yuri.com.br\/claudio\/wp-content\/uploads\/2012\/11\/fiveten73.jpg?resize=700%2C400 2x"},"classes":[]},{"id":1236,"url":"https:\/\/yuri.com.br\/claudio\/2009\/12\/21\/o-retorno-das-fotos-comentadas\/","url_meta":{"origin":5492,"position":1},"title":"O retorno das fotos comentadas","author":"claudio","date":"21\/dez\/2009","format":false,"excerpt":"N\u00e3o, ainda n\u00e3o desisti desta id\u00e9ia! Como houve algum retorno positivo, volto a compartilhar minhas experi\u00eancias fotogr\u00e1ficas. \u00c9 tudo uma quest\u00e3o de tempo para que eu possa escrever essas coisas... As duas imagens acima mostram o mesmo local (o cl\u00e1ssico bloco do Rala Peito na Urca, RJ), em circunst\u00e2ncias similares\u2026","rel":"","context":"Em &quot;Escalada&quot;","block_context":{"text":"Escalada","link":"https:\/\/yuri.com.br\/claudio\/category\/escalada\/"},"img":{"alt_text":"","src":"https:\/\/i0.wp.com\/farm3.static.flickr.com\/2577\/4088067628_1d7d7f2f57.jpg?resize=350%2C200","width":350,"height":200},"classes":[]},{"id":1556,"url":"https:\/\/yuri.com.br\/claudio\/2010\/02\/23\/sincronicidade\/","url_meta":{"origin":5492,"position":2},"title":"Sincronicidade","author":"claudio","date":"23\/fev\/2010","format":false,"excerpt":"Este fds tudo ia normalmente. Mas aconteceu algo raro que eu precisava deixar anotado: coincid\u00eancias. M\u00faltiplas, reincidentes. Por pelo menos 3 ocasi\u00f5es, em menos de 48 horas, reencontrei pessoas totalmente no acaso (em locais improv\u00e1veis), 2 delas eu n\u00e3o via a mais de 7 anos. Ser\u00e1 que eu devia ter\u2026","rel":"","context":"Em &quot;Outros&quot;","block_context":{"text":"Outros","link":"https:\/\/yuri.com.br\/claudio\/category\/outros\/"},"img":{"alt_text":"","src":"https:\/\/i0.wp.com\/farm4.static.flickr.com\/3388\/3480387462_5c7c3b9e8c_m.jpg?resize=350%2C200","width":350,"height":200},"classes":[]},{"id":1308,"url":"https:\/\/yuri.com.br\/claudio\/2009\/12\/28\/sampa-days\/","url_meta":{"origin":5492,"position":3},"title":"Sampa days","author":"claudio","date":"28\/dez\/2009","format":false,"excerpt":"Faz tempo que gostaria de registrar a minha opini\u00e3o sobre S\u00e3o Paulo, 5 anos ap\u00f3s deixar de ser morador daquela cidade e virar um visitante \"quase-turista\". D\u00e1 saudades: - A gastronomia da cidade, onde pode-se comer desde comida da Mong\u00f3lia, at\u00e9 as melhores pizzas do planeta. E seguindo uma indica\u00e7\u00e3o\u2026","rel":"","context":"Em &quot;Outros&quot;","block_context":{"text":"Outros","link":"https:\/\/yuri.com.br\/claudio\/category\/outros\/"},"img":{"alt_text":"","src":"https:\/\/i0.wp.com\/farm2.static.flickr.com\/1400\/540588176_74c77babf9_o.jpg?resize=350%2C200","width":350,"height":200,"srcset":"https:\/\/i0.wp.com\/farm2.static.flickr.com\/1400\/540588176_74c77babf9_o.jpg?resize=350%2C200 1x, https:\/\/i0.wp.com\/farm2.static.flickr.com\/1400\/540588176_74c77babf9_o.jpg?resize=525%2C300 1.5x"},"classes":[]},{"id":3058,"url":"https:\/\/yuri.com.br\/claudio\/2011\/09\/07\/e-da-lhe-boulder\/","url_meta":{"origin":5492,"position":4},"title":"E d\u00e1-lhe boulder&#8230;","author":"claudio","date":"7\/set\/2011","format":false,"excerpt":"Os trampos no setor novo continuam e dezenas de linhas est\u00e3o abertas, do V0 ao V-Hard, de verticais a tet\u00f5es, sem falar de um \u00e1rduo trabalho nas bases que mudou meu conceito, visando a seguran\u00e7a. E pensar que uma simples enxadada dessas poderia ter evitado os 4 parafusos que ganhei\u2026","rel":"","context":"Em &quot;Escalada&quot;","block_context":{"text":"Escalada","link":"https:\/\/yuri.com.br\/claudio\/category\/escalada\/"},"img":{"alt_text":"","src":"https:\/\/i0.wp.com\/yuri.com.br\/claudio\/wp-content\/uploads\/2011\/09\/sumbaboulder_paulinha_small.jpg?resize=350%2C200&ssl=1","width":350,"height":200,"srcset":"https:\/\/i0.wp.com\/yuri.com.br\/claudio\/wp-content\/uploads\/2011\/09\/sumbaboulder_paulinha_small.jpg?resize=350%2C200&ssl=1 1x, https:\/\/i0.wp.com\/yuri.com.br\/claudio\/wp-content\/uploads\/2011\/09\/sumbaboulder_paulinha_small.jpg?resize=525%2C300&ssl=1 1.5x, https:\/\/i0.wp.com\/yuri.com.br\/claudio\/wp-content\/uploads\/2011\/09\/sumbaboulder_paulinha_small.jpg?resize=700%2C400&ssl=1 2x"},"classes":[]},{"id":17,"url":"https:\/\/yuri.com.br\/claudio\/2008\/07\/23\/expo\/","url_meta":{"origin":5492,"position":5},"title":"EXPO!","author":"claudio","date":"23\/jul\/2008","format":false,"excerpt":"Estou montando uma galeria fotogr\u00e1fica, a princ\u00edpio focada no assunto da escalada, com o intuito de divulg\u00e1-la por a\u00ed afora (por isso as descri\u00e7\u00f5es est\u00e3o em ingl\u00eas). Tamb\u00e9m, foi uma maneira que encontrei de expressar melhor esse meu tes\u00e3o intraduz\u00edvel pela pedra. Como n\u00e3o curto uma xenofobia, boto f\u00e9 que\u2026","rel":"","context":"Em &quot;Escalada&quot;","block_context":{"text":"Escalada","link":"https:\/\/yuri.com.br\/claudio\/category\/escalada\/"},"img":{"alt_text":"","src":"https:\/\/i0.wp.com\/yuri.com.br\/claudio\/wp-content\/uploads\/2008\/07\/cb_logo.jpg?resize=350%2C200","width":350,"height":200},"classes":[]}],"_links":{"self":[{"href":"https:\/\/yuri.com.br\/claudio\/wp-json\/wp\/v2\/posts\/5492","targetHints":{"allow":["GET"]}}],"collection":[{"href":"https:\/\/yuri.com.br\/claudio\/wp-json\/wp\/v2\/posts"}],"about":[{"href":"https:\/\/yuri.com.br\/claudio\/wp-json\/wp\/v2\/types\/post"}],"author":[{"embeddable":true,"href":"https:\/\/yuri.com.br\/claudio\/wp-json\/wp\/v2\/users\/2"}],"replies":[{"embeddable":true,"href":"https:\/\/yuri.com.br\/claudio\/wp-json\/wp\/v2\/comments?post=5492"}],"version-history":[{"count":0,"href":"https:\/\/yuri.com.br\/claudio\/wp-json\/wp\/v2\/posts\/5492\/revisions"}],"wp:attachment":[{"href":"https:\/\/yuri.com.br\/claudio\/wp-json\/wp\/v2\/media?parent=5492"}],"wp:term":[{"taxonomy":"category","embeddable":true,"href":"https:\/\/yuri.com.br\/claudio\/wp-json\/wp\/v2\/categories?post=5492"},{"taxonomy":"post_tag","embeddable":true,"href":"https:\/\/yuri.com.br\/claudio\/wp-json\/wp\/v2\/tags?post=5492"}],"curies":[{"name":"wp","href":"https:\/\/api.w.org\/{rel}","templated":true}]}}