{"id":5454,"date":"2013-07-21T02:07:19","date_gmt":"2013-07-21T02:07:19","guid":{"rendered":"http:\/\/claudiobr.wordpress.com\/?p=5454"},"modified":"2013-07-21T02:07:19","modified_gmt":"2013-07-21T02:07:19","slug":"o-melhor-amigo-do-homem","status":"publish","type":"post","link":"https:\/\/yuri.com.br\/claudio\/2013\/07\/21\/o-melhor-amigo-do-homem\/","title":{"rendered":"O melhor amigo do homem"},"content":{"rendered":"<p>Souvenir de um belo dia de escalada, dessa vez com Bel\u00ea e Mindu, sob o imponente <a href=\"http:\/\/claudiobr.wordpress.com\/?s=Medusa\" target=\"_blank\">Medusa<\/a>. Clique para ampliar&#8230;<\/p>\n<p style=\"text-align:center;\"><a href=\"http:\/\/claudiobr.wordpress.com\/portraits\/#jp-carousel-5455\" target=\"_blank\"><img decoding=\"async\" class=\"aligncenter\" alt=\"clique para ampliar\" title=\"clique para ampliar\" src=\"http:\/\/claudiobr.files.wordpress.com\/2012\/08\/rubinho_belemindu.jpg?w=1400&amp;h=\" width=\"700\" \/><\/a><\/p>\n","protected":false},"excerpt":{"rendered":"<p>Souvenir de um belo dia de escalada, dessa vez com Bel\u00ea e Mindu, sob o imponente Medusa. Clique para ampliar&#8230;<\/p>\n","protected":false},"author":2,"featured_media":0,"comment_status":"open","ping_status":"open","sticky":false,"template":"","format":"standard","meta":{"neve_meta_sidebar":"","neve_meta_container":"","neve_meta_enable_content_width":"","neve_meta_content_width":0,"neve_meta_title_alignment":"","neve_meta_author_avatar":"","neve_post_elements_order":"","neve_meta_disable_header":"","neve_meta_disable_footer":"","neve_meta_disable_title":"","jetpack_post_was_ever_published":false,"_jetpack_newsletter_access":"","_jetpack_dont_email_post_to_subs":false,"_jetpack_newsletter_tier_id":0,"_jetpack_memberships_contains_paywalled_content":false,"_jetpack_memberships_contains_paid_content":false,"footnotes":"","jetpack_publicize_message":"","jetpack_publicize_feature_enabled":true,"jetpack_social_post_already_shared":false,"jetpack_social_options":{"image_generator_settings":{"template":"highway","default_image_id":0,"font":"","enabled":false},"version":2}},"categories":[5],"tags":[],"class_list":["post-5454","post","type-post","status-publish","format-standard","hentry","category-outros"],"jetpack_publicize_connections":[],"jetpack_featured_media_url":"","jetpack_shortlink":"https:\/\/wp.me\/p4i7cB-1pY","jetpack_sharing_enabled":true,"jetpack-related-posts":[{"id":6004,"url":"https:\/\/yuri.com.br\/claudio\/2013\/10\/27\/foca-no-rubinho\/","url_meta":{"origin":5454,"position":0},"title":"Foca no Rubinho","author":"claudio","date":"27\/out\/2013","format":false,"excerpt":"Eis que uma janela de tempo bom excepcional agraciou mais uma visitinha dos brothers da saudosa Rio de Janeiro... Fica ent\u00e3o um souvenir com o Miguel \"Esteban\" provando o final do Medusa V12. Detalhe da seg cl\u00e1ssica de 1 m\u00e3o! E abaixo, Dr. Dani d\u00e1 um pega no Arqueiro Zen\u2026","rel":"","context":"Em &quot;Escalada&quot;","block_context":{"text":"Escalada","link":"https:\/\/yuri.com.br\/claudio\/category\/escalada\/"},"img":{"alt_text":"","src":"https:\/\/i0.wp.com\/yuri.com.br\/claudio\/wp-content\/uploads\/2013\/10\/rubinho_medusa_miguel.jpg?resize=350%2C200&ssl=1","width":350,"height":200,"srcset":"https:\/\/i0.wp.com\/yuri.com.br\/claudio\/wp-content\/uploads\/2013\/10\/rubinho_medusa_miguel.jpg?resize=350%2C200&ssl=1 1x, https:\/\/i0.wp.com\/yuri.com.br\/claudio\/wp-content\/uploads\/2013\/10\/rubinho_medusa_miguel.jpg?resize=525%2C300&ssl=1 1.5x, https:\/\/i0.wp.com\/yuri.com.br\/claudio\/wp-content\/uploads\/2013\/10\/rubinho_medusa_miguel.jpg?resize=700%2C400&ssl=1 2x, https:\/\/i0.wp.com\/yuri.com.br\/claudio\/wp-content\/uploads\/2013\/10\/rubinho_medusa_miguel.jpg?resize=1050%2C600&ssl=1 3x"},"classes":[]},{"id":468,"url":"https:\/\/yuri.com.br\/claudio\/2009\/03\/10\/invasao-feminina-na-urca-rj-video\/","url_meta":{"origin":5454,"position":1},"title":"Invas\u00e3o Feminina na Urca, RJ (v\u00eddeo)","author":"claudio","date":"10\/mar\/2009","format":false,"excerpt":"Aqui vai um v\u00eddeo-souvenir da \"Invas\u00e3o Feminina\", que reuniu dezenas de escaladoras na Urca neste domingo, dia 8 de mar\u00e7o, Dia Internacional da Mulher. Na verdade, \u00e9 o registro de apenas um dos diversos grupos femininos que escalaram em v\u00e1rios points da Urca neste belo dia. Haviam mulheres nas paredes\u2026","rel":"","context":"Em &quot;Escalada&quot;","block_context":{"text":"Escalada","link":"https:\/\/yuri.com.br\/claudio\/category\/escalada\/"},"img":{"alt_text":"","src":"","width":0,"height":0},"classes":[]},{"id":5789,"url":"https:\/\/yuri.com.br\/claudio\/2013\/09\/23\/video-golpe-baixo-v10-rubinho\/","url_meta":{"origin":5454,"position":2},"title":"V\u00eddeo: Golpe Baixo V10 @ Rubinho","author":"claudio","date":"23\/set\/2013","format":false,"excerpt":"Desta vez vamos de um boulder duro na proa da entrada, o Golpe Baixo. A encrenca sai a partir do p\u00e9 das outras linhas, mais uma micro fissura e escala a face direita. A dificuldade \u00e9 bem concentrada (se resume aos movimentos iniciais) e portanto dif\u00edcil de graduar. Mas ap\u00f3s\u2026","rel":"","context":"Em &quot;Escalada&quot;","block_context":{"text":"Escalada","link":"https:\/\/yuri.com.br\/claudio\/category\/escalada\/"},"img":{"alt_text":"clique para ampliar!","src":"https:\/\/i0.wp.com\/yuri.com.br\/claudio\/wp-content\/uploads\/2013\/09\/rubinho_medusa_theo.jpg?resize=350%2C200","width":350,"height":200,"srcset":"https:\/\/i0.wp.com\/yuri.com.br\/claudio\/wp-content\/uploads\/2013\/09\/rubinho_medusa_theo.jpg?resize=350%2C200 1x, https:\/\/i0.wp.com\/yuri.com.br\/claudio\/wp-content\/uploads\/2013\/09\/rubinho_medusa_theo.jpg?resize=525%2C300 1.5x, https:\/\/i0.wp.com\/yuri.com.br\/claudio\/wp-content\/uploads\/2013\/09\/rubinho_medusa_theo.jpg?resize=700%2C400 2x"},"classes":[]},{"id":331,"url":"https:\/\/yuri.com.br\/claudio\/2008\/12\/19\/calendario-2009\/","url_meta":{"origin":5454,"position":3},"title":"Calend\u00e1rio 2009","author":"claudio","date":"19\/dez\/2008","format":false,"excerpt":"\u00a0Finalmente saiu o Calend\u00e1rio 2009, uma lembrancinha, um souvenir, uma vontade de compartilhar minhas imagens. E s\u00f3 estou vendendo porque custa uma grana pra imprimir, sen\u00e3o doaria aos amantes das montanhas. Pra n\u00e3o salgar o pre\u00e7o, foi criado na vers\u00e3o de mesa. Seu escrit\u00f3rio pode ganhar um belo upgrade agora\u2026","rel":"","context":"Em &quot;Escalada&quot;","block_context":{"text":"Escalada","link":"https:\/\/yuri.com.br\/claudio\/category\/escalada\/"},"img":{"alt_text":"Calend\u00e1rio 2009","src":"https:\/\/i0.wp.com\/yuri.com.br\/claudio\/wp-content\/uploads\/2008\/11\/promo.jpg?resize=350%2C200","width":350,"height":200},"classes":[]},{"id":5609,"url":"https:\/\/yuri.com.br\/claudio\/2013\/08\/20\/medusa\/","url_meta":{"origin":5454,"position":4},"title":"Medusa&#8230;","author":"claudio","date":"20\/ago\/2013","format":false,"excerpt":"J\u00e1 que desta vez me propus a relatar o processo, aqui v\u00e3o uns frames da pancadaria: Babaleia, eu e Bel\u00ea quase chegando no final desse \"corredor polon\u00eas\". S\u00e3o 3 contra 1, agora sim a porteira est\u00e1 amea\u00e7ando abrir! Sem d\u00favidas trabalhar projetos em conjunto \u00e9 bem mais produtivo, ainda mais\u2026","rel":"","context":"Em &quot;Escalada&quot;","block_context":{"text":"Escalada","link":"https:\/\/yuri.com.br\/claudio\/category\/escalada\/"},"img":{"alt_text":"","src":"https:\/\/i0.wp.com\/yuri.com.br\/claudio\/wp-content\/uploads\/2013\/08\/medusa_crux.jpg?resize=350%2C200&ssl=1","width":350,"height":200,"srcset":"https:\/\/i0.wp.com\/yuri.com.br\/claudio\/wp-content\/uploads\/2013\/08\/medusa_crux.jpg?resize=350%2C200&ssl=1 1x, https:\/\/i0.wp.com\/yuri.com.br\/claudio\/wp-content\/uploads\/2013\/08\/medusa_crux.jpg?resize=525%2C300&ssl=1 1.5x, https:\/\/i0.wp.com\/yuri.com.br\/claudio\/wp-content\/uploads\/2013\/08\/medusa_crux.jpg?resize=700%2C400&ssl=1 2x"},"classes":[]},{"id":5255,"url":"https:\/\/yuri.com.br\/claudio\/2013\/06\/04\/pra-variar\/","url_meta":{"origin":5454,"position":5},"title":"Pra variar&#8230;","author":"claudio","date":"4\/jun\/2013","format":false,"excerpt":"Mais fotos do setor Rubinho: Edu Belis\u00e1rio mandando o cl\u00e1ssico Buracos (V4? Depende da sua estatura!), foto tirada no topo do projeto Medusa, com o bloco do Rollerblade acima e a galera sentada no bloco do Fontainebinho. D\u00e1 pra ter uma no\u00e7\u00e3o da proximidade entre os boulders. Camila Ferreira mandando\u2026","rel":"","context":"Em &quot;Escalada&quot;","block_context":{"text":"Escalada","link":"https:\/\/yuri.com.br\/claudio\/category\/escalada\/"},"img":{"alt_text":"","src":"https:\/\/i0.wp.com\/yuri.com.br\/claudio\/wp-content\/uploads\/2013\/06\/rubinho_edubelisario_buracos.jpg?resize=350%2C200&ssl=1","width":350,"height":200},"classes":[]}],"_links":{"self":[{"href":"https:\/\/yuri.com.br\/claudio\/wp-json\/wp\/v2\/posts\/5454","targetHints":{"allow":["GET"]}}],"collection":[{"href":"https:\/\/yuri.com.br\/claudio\/wp-json\/wp\/v2\/posts"}],"about":[{"href":"https:\/\/yuri.com.br\/claudio\/wp-json\/wp\/v2\/types\/post"}],"author":[{"embeddable":true,"href":"https:\/\/yuri.com.br\/claudio\/wp-json\/wp\/v2\/users\/2"}],"replies":[{"embeddable":true,"href":"https:\/\/yuri.com.br\/claudio\/wp-json\/wp\/v2\/comments?post=5454"}],"version-history":[{"count":0,"href":"https:\/\/yuri.com.br\/claudio\/wp-json\/wp\/v2\/posts\/5454\/revisions"}],"wp:attachment":[{"href":"https:\/\/yuri.com.br\/claudio\/wp-json\/wp\/v2\/media?parent=5454"}],"wp:term":[{"taxonomy":"category","embeddable":true,"href":"https:\/\/yuri.com.br\/claudio\/wp-json\/wp\/v2\/categories?post=5454"},{"taxonomy":"post_tag","embeddable":true,"href":"https:\/\/yuri.com.br\/claudio\/wp-json\/wp\/v2\/tags?post=5454"}],"curies":[{"name":"wp","href":"https:\/\/api.w.org\/{rel}","templated":true}]}}