{"id":543,"date":"2009-04-07T14:26:56","date_gmt":"2009-04-07T14:26:56","guid":{"rendered":"http:\/\/claudiobr.wordpress.com\/?p=543"},"modified":"2009-04-07T14:26:56","modified_gmt":"2009-04-07T14:26:56","slug":"mais-fotos-comentadas-2","status":"publish","type":"post","link":"https:\/\/yuri.com.br\/claudio\/2009\/04\/07\/mais-fotos-comentadas-2\/","title":{"rendered":"Mais fotos comentadas&#8230;"},"content":{"rendered":"<p style=\"text-align:center;\"><a href=\"http:\/\/www.flickr.com\/photos\/cbrisighello\/3321025322\"><img loading=\"lazy\" decoding=\"async\" class=\"aligncenter\" title=\"Campo Escola 2000\" src=\"http:\/\/farm4.static.flickr.com\/3639\/3321025322_e01308bb1f.jpg\" alt=\"\" width=\"500\" height=\"333\" \/><\/a><\/p>\n<p>Mais uma foto do CE2000, com o Alexis no crux da 1a. parte da Epit\u00e1fios, uma sequ\u00eancia que atravessa aquela bela se\u00e7\u00e3o &#8220;ondulada&#8221; da pedra. H\u00e1 um jogo de diagonais nesta imagem. Repare na extremidade direita da parede, coincidindo com o \u00e2ngulo superior direito da imagem, procurei montar uma certa geometria ali, por alguns motivos: se abro maior espa\u00e7o \u00e0 parte verde-ensolarada, irei estourar a exposi\u00e7\u00e3o, uma vez que nesta eu calibrei a fotometragem pensando na extens\u00e3o da parede e suas caracter\u00edsticas mais o escalador, obviamente; o outro motivo \u00e9 dar uma ilus\u00e3o extra de negatividade, atrav\u00e9s do \u00e2ngulo formado por esta linha direita da parede e o eixo vertical, conforme se evidencia pela \u00e1rvore inclinada. A presen\u00e7a do solo ajuda a construir a no\u00e7\u00e3o dessa perspectiva tridimensional. Mas se a parede n\u00e3o fosse realmente negativa, esse &#8220;truque&#8221; for\u00e7aria a barra demais e tiraria o realismo do cen\u00e1rio. E procurei tomar cuidado para n\u00e3o cortar o &#8220;seg&#8221; do enquadramento, demonstrando a intera\u00e7\u00e3o da atividade (forma\u00e7\u00e3o da cordada com o guia no sharp-end e o parceiro segurando a corda). Na imagem em <a href=\"http:\/\/farm4.static.flickr.com\/3639\/3321025322_7179ec3a7a_o.jpg\" target=\"_blank\">alta-resolu\u00e7\u00e3o<\/a> pode-se notar a express\u00e3o atenta do Gabriel, o que \u00e9 bacana e f\u00e1cil de captar (parceria\/comprometimento) no crux das vias. Novamente destaco o escalador com todos os pontos de apoio \u00e0 mostra (m\u00e3os e p\u00e9s) mais o rosto, pois uma foto fica muito &#8220;parcial&#8221; se escondemos onde o sujeito est\u00e1 pisando ou pegando. A via marcada na esquerda \u00e9 a Coquetel de Energia, primeiro 10c brasileiro.<\/p>\n<p><a href=\"http:\/\/www.flickr.com\/photos\/cbrisighello\/539379877\"><img loading=\"lazy\" decoding=\"async\" class=\"aligncenter\" title=\"Barrinha\" src=\"http:\/\/farm2.static.flickr.com\/1276\/539379877_ee8756e1a6.jpg\" alt=\"\" width=\"340\" height=\"500\" \/><\/a><\/p>\n<p>Esta foto da Barrinha (Fernando na Crux com Certeza) foi tirada um longo tempo atr\u00e1s (creio que 2003?) em um filme cromo (Velvia 100), digitalizada com scanner de slides amador (Minolta DiMAGE). Ela tem uma caracter\u00edstica similar \u00e0 1a. foto, que \u00e9 este tombamento visando sensa\u00e7\u00e3o de negatividade. Repare na diagonal da parede atravessando a imagem, h\u00e1 uma forma\u00e7\u00e3o de linhas refor\u00e7adas pelas cores da parede, que &#8220;mergulham&#8221; no abismo de escurid\u00e3o formado pelo degrad\u00ea das \u00e1rvores. N\u00e3o vemos o solo e temos uma profundidade bastante a\u00e9rea, algo que somente paredes imponentes como esta podem transmitir com realismo. Eu me situei na via vizinha (Filez\u00e3o), em altura estrategicamente um pouco acima do mega-descanso da Crux com Certeza, onde eu teria tempo suficiente para estudar diversas configura\u00e7\u00f5es.<\/p>\n<p>Bons ventos a todos!<\/p>\n","protected":false},"excerpt":{"rendered":"<p>Mais uma foto do CE2000, com o Alexis no crux da 1a. parte da Epit\u00e1fios, uma sequ\u00eancia que atravessa aquela bela se\u00e7\u00e3o &#8220;ondulada&#8221; da pedra. H\u00e1 um jogo de diagonais nesta imagem. Repare na extremidade direita da parede, coincidindo com o \u00e2ngulo superior direito da imagem, procurei montar uma certa geometria ali, por alguns motivos:&hellip;&nbsp;<a href=\"https:\/\/yuri.com.br\/claudio\/2009\/04\/07\/mais-fotos-comentadas-2\/\" rel=\"bookmark\">Continue a ler &raquo;<span class=\"screen-reader-text\">Mais fotos comentadas&#8230;<\/span><\/a><\/p>\n","protected":false},"author":2,"featured_media":0,"comment_status":"open","ping_status":"open","sticky":false,"template":"","format":"standard","meta":{"neve_meta_sidebar":"","neve_meta_container":"","neve_meta_enable_content_width":"","neve_meta_content_width":0,"neve_meta_title_alignment":"","neve_meta_author_avatar":"","neve_post_elements_order":"","neve_meta_disable_header":"","neve_meta_disable_footer":"","neve_meta_disable_title":"","jetpack_post_was_ever_published":false,"_jetpack_newsletter_access":"","_jetpack_dont_email_post_to_subs":false,"_jetpack_newsletter_tier_id":0,"_jetpack_memberships_contains_paywalled_content":false,"_jetpack_memberships_contains_paid_content":false,"footnotes":"","jetpack_publicize_message":"","jetpack_publicize_feature_enabled":true,"jetpack_social_post_already_shared":false,"jetpack_social_options":{"image_generator_settings":{"template":"highway","default_image_id":0,"font":"","enabled":false},"version":2}},"categories":[3],"tags":[],"class_list":["post-543","post","type-post","status-publish","format-standard","hentry","category-escalada"],"jetpack_publicize_connections":[],"jetpack_featured_media_url":"","jetpack_shortlink":"https:\/\/wp.me\/p4i7cB-8L","jetpack_sharing_enabled":true,"jetpack-related-posts":[{"id":592,"url":"https:\/\/yuri.com.br\/claudio\/2009\/04\/27\/mais-2-fotos\/","url_meta":{"origin":543,"position":0},"title":"Mais 2 fotos","author":"claudio","date":"27\/abr\/2009","format":false,"excerpt":"Continuando o \"di\u00e1rio de experi\u00eancias fotogr\u00e1ficas\" na escalada: As 2 imagens acima seguem uma caracter\u00edstica comum, que \u00e9 o enquadramento maior do sujeito. Isso elimina alguns aspectos mais amplos (principalmente em vias) como as quest\u00f5es \"aonde o escalador est\u00e1 indo?\" ou \"como \u00e9 esta linha toda?\". Por outro lado, abre-se\u2026","rel":"","context":"Em &quot;Escalada&quot;","block_context":{"text":"Escalada","link":"https:\/\/yuri.com.br\/claudio\/category\/escalada\/"},"img":{"alt_text":"","src":"https:\/\/i0.wp.com\/farm4.static.flickr.com\/3369\/3416825590_5ba4029f74.jpg?resize=350%2C200","width":350,"height":200},"classes":[]},{"id":5428,"url":"https:\/\/yuri.com.br\/claudio\/2013\/07\/14\/arqueiro-zen-rubinho-fotos\/","url_meta":{"origin":543,"position":1},"title":"Arqueiro Zen @ Rubinho (fotos)","author":"claudio","date":"14\/jul\/2013","format":false,"excerpt":"Um pouco de marketing do Arqueiro Zen no Rubinho - estrelando Marcelo 'Babaleia' - com o in\u00edcio do crux; depois a buscada em quest\u00e3o e por fim o din\u00e2mico final, mostrando desde a 1\u00aa agarra da linha (pin\u00e7a no canto direito). Tem mais gente forte apertando ali e estou torcendo\u2026","rel":"","context":"Em &quot;Escalada&quot;","block_context":{"text":"Escalada","link":"https:\/\/yuri.com.br\/claudio\/category\/escalada\/"},"img":{"alt_text":"","src":"","width":0,"height":0},"classes":[]},{"id":8130,"url":"https:\/\/yuri.com.br\/claudio\/2014\/08\/01\/pequenas-grandes-coisas\/","url_meta":{"origin":543,"position":2},"title":"Pequenas grandes coisas","author":"Cl\u00e1udio Brisighello","date":"1\/ago\/2014","format":false,"excerpt":"Hora de mudar o \"foco\" da c\u00e2mera nos escaladores e boulders, para uma agarra em especial, aquela que n\u00e3o apareceu direito na foto deste post. Babaleia no final da sequ\u00eancia-crux do Ilha de Pandora V10 Escalador costuma ter uma tara bizarra por agarras, este universo infind\u00e1vel de formas e tamanhos\u2026","rel":"","context":"Em &quot;Escalada&quot;","block_context":{"text":"Escalada","link":"https:\/\/yuri.com.br\/claudio\/category\/escalada\/"},"img":{"alt_text":"","src":"https:\/\/i0.wp.com\/yuri.com.br\/claudio\/wp-content\/uploads\/2014\/07\/Pandora_Agarrinha_Sequence.jpg?resize=350%2C200&ssl=1","width":350,"height":200,"srcset":"https:\/\/i0.wp.com\/yuri.com.br\/claudio\/wp-content\/uploads\/2014\/07\/Pandora_Agarrinha_Sequence.jpg?resize=350%2C200&ssl=1 1x, https:\/\/i0.wp.com\/yuri.com.br\/claudio\/wp-content\/uploads\/2014\/07\/Pandora_Agarrinha_Sequence.jpg?resize=525%2C300&ssl=1 1.5x, https:\/\/i0.wp.com\/yuri.com.br\/claudio\/wp-content\/uploads\/2014\/07\/Pandora_Agarrinha_Sequence.jpg?resize=700%2C400&ssl=1 2x"},"classes":[]},{"id":1167,"url":"https:\/\/yuri.com.br\/claudio\/2009\/11\/03\/finados\/","url_meta":{"origin":543,"position":3},"title":"Finados","author":"claudio","date":"3\/nov\/2009","format":false,"excerpt":"O feriad\u00e3o por aqui foi tranquilo. Tijolado de rodar pelas estradas nas f\u00e9rias, ficamos no RJ onde eu pude reencontrar o granito e lembrar como \u00e9 bom escalar neste tipo de pedra, principalmente se for na Barrinha! :-) Fiz algumas fotos, mesmo que sem muita inspira\u00e7\u00e3o... aproveitei 10% do que\u2026","rel":"","context":"Em &quot;'Baixa' Gastronomia&quot;","block_context":{"text":"'Baixa' Gastronomia","link":"https:\/\/yuri.com.br\/claudio\/category\/baixa-gastronomia\/"},"img":{"alt_text":"","src":"https:\/\/i0.wp.com\/farm3.static.flickr.com\/2633\/4068778188_398b6ca944_o.jpg?resize=350%2C200","width":350,"height":200},"classes":[]},{"id":458,"url":"https:\/\/yuri.com.br\/claudio\/2009\/03\/19\/algumas-fotos-recentes-comentadas\/","url_meta":{"origin":543,"position":4},"title":"Algumas fotos recentes, comentadas","author":"claudio","date":"19\/mar\/2009","format":false,"excerpt":"Abaixo compartilho a concep\u00e7\u00e3o de algumas\u00a0fotos recentes: O bloco do \"Banana Amassada\" no Graja\u00fa\/RJ, fica no setor ao lado dos banheiros do parque, n\u00e3o exatamente o local mais bonito para uma foto. Fotografia \u00e9 luz, e ultimamente tenho experimentado a combina\u00e7\u00e3o de ilumina\u00e7\u00e3o artificial (flash) em plena luz do dia\u2026","rel":"","context":"Em &quot;Escalada&quot;","block_context":{"text":"Escalada","link":"https:\/\/yuri.com.br\/claudio\/category\/escalada\/"},"img":{"alt_text":"","src":"https:\/\/i0.wp.com\/farm4.static.flickr.com\/3585\/3320196043_a5fae6cc1e.jpg?resize=350%2C200","width":350,"height":200},"classes":[]},{"id":3866,"url":"https:\/\/yuri.com.br\/claudio\/2012\/07\/28\/corredor-5-estrelas\/","url_meta":{"origin":543,"position":5},"title":"Corredor 5 estrelas","author":"claudio","date":"28\/jul\/2012","format":false,"excerpt":"E o Lello resolveu \"tirar poeira\" dessa bela linha escondida no generoso bloco do Catarina. Mesma sa\u00edda, por\u00e9m toca pra esquerda. Este \u00e9 o momento que precede o crux, uma exigente cruzada de direita at\u00e9 o regletinho superior da foto. O nome do aperto \u00e9 Bet\u00f4mega, aberto pelo Rodras anos\u2026","rel":"","context":"Em &quot;Escalada&quot;","block_context":{"text":"Escalada","link":"https:\/\/yuri.com.br\/claudio\/category\/escalada\/"},"img":{"alt_text":"","src":"https:\/\/i0.wp.com\/yuri.com.br\/claudio\/wp-content\/uploads\/2012\/07\/aranha_betomega_lello.jpg?resize=350%2C200&ssl=1","width":350,"height":200,"srcset":"https:\/\/i0.wp.com\/yuri.com.br\/claudio\/wp-content\/uploads\/2012\/07\/aranha_betomega_lello.jpg?resize=350%2C200&ssl=1 1x, https:\/\/i0.wp.com\/yuri.com.br\/claudio\/wp-content\/uploads\/2012\/07\/aranha_betomega_lello.jpg?resize=525%2C300&ssl=1 1.5x, https:\/\/i0.wp.com\/yuri.com.br\/claudio\/wp-content\/uploads\/2012\/07\/aranha_betomega_lello.jpg?resize=700%2C400&ssl=1 2x"},"classes":[]}],"_links":{"self":[{"href":"https:\/\/yuri.com.br\/claudio\/wp-json\/wp\/v2\/posts\/543","targetHints":{"allow":["GET"]}}],"collection":[{"href":"https:\/\/yuri.com.br\/claudio\/wp-json\/wp\/v2\/posts"}],"about":[{"href":"https:\/\/yuri.com.br\/claudio\/wp-json\/wp\/v2\/types\/post"}],"author":[{"embeddable":true,"href":"https:\/\/yuri.com.br\/claudio\/wp-json\/wp\/v2\/users\/2"}],"replies":[{"embeddable":true,"href":"https:\/\/yuri.com.br\/claudio\/wp-json\/wp\/v2\/comments?post=543"}],"version-history":[{"count":0,"href":"https:\/\/yuri.com.br\/claudio\/wp-json\/wp\/v2\/posts\/543\/revisions"}],"wp:attachment":[{"href":"https:\/\/yuri.com.br\/claudio\/wp-json\/wp\/v2\/media?parent=543"}],"wp:term":[{"taxonomy":"category","embeddable":true,"href":"https:\/\/yuri.com.br\/claudio\/wp-json\/wp\/v2\/categories?post=543"},{"taxonomy":"post_tag","embeddable":true,"href":"https:\/\/yuri.com.br\/claudio\/wp-json\/wp\/v2\/tags?post=543"}],"curies":[{"name":"wp","href":"https:\/\/api.w.org\/{rel}","templated":true}]}}