{"id":5404,"date":"2013-07-09T12:09:29","date_gmt":"2013-07-09T12:09:29","guid":{"rendered":"http:\/\/claudiobr.wordpress.com\/?p=5404"},"modified":"2013-07-09T12:09:29","modified_gmt":"2013-07-09T12:09:29","slug":"oportunidade-nao-nega-desaforo-v2-rubinho","status":"publish","type":"post","link":"https:\/\/yuri.com.br\/claudio\/2013\/07\/09\/oportunidade-nao-nega-desaforo-v2-rubinho\/","title":{"rendered":"Oportunidade n\u00e3o nega desaforo V2 @ Rubinho"},"content":{"rendered":"<p>Mais uma &#8220;<a href=\"http:\/\/claudiobr.wordpress.com\/2013\/06\/09\/patinete-v0-rubinho\/\" target=\"_blank\">family session<\/a>&#8221; no Rubinho, com mais uma nova linha: Goro encadenando com um estiloso p\u00e9 na m\u00e3o&#8230;<\/p>\n<p><img loading=\"lazy\" decoding=\"async\" data-attachment-id=\"5407\" data-permalink=\"https:\/\/yuri.com.br\/claudio\/2013\/07\/09\/oportunidade-nao-nega-desaforo-v2-rubinho\/rubinho_oportunidade_goro-2\/\" data-orig-file=\"https:\/\/yuri.com.br\/claudio\/wp-content\/uploads\/2013\/07\/rubinho_oportunidade_goro1.jpg\" data-orig-size=\"700,467\" data-comments-opened=\"1\" data-image-meta=\"{&quot;aperture&quot;:&quot;3.2&quot;,&quot;credit&quot;:&quot;Claudio Brisighello&quot;,&quot;camera&quot;:&quot;Canon EOS 7D&quot;,&quot;caption&quot;:&quot;&quot;,&quot;created_timestamp&quot;:&quot;1373303656&quot;,&quot;copyright&quot;:&quot;&quot;,&quot;focal_length&quot;:&quot;16&quot;,&quot;iso&quot;:&quot;320&quot;,&quot;shutter_speed&quot;:&quot;0.004&quot;,&quot;title&quot;:&quot;&quot;}\" data-image-title=\"Goro\" data-image-description=\"\" data-image-caption=\"\" data-medium-file=\"https:\/\/yuri.com.br\/claudio\/wp-content\/uploads\/2013\/07\/rubinho_oportunidade_goro1-300x200.jpg\" data-large-file=\"https:\/\/yuri.com.br\/claudio\/wp-content\/uploads\/2013\/07\/rubinho_oportunidade_goro1.jpg\" class=\"aligncenter size-full wp-image-5407\" alt=\"Goro\" src=\"http:\/\/yuri.com.br\/claudio\/wp-content\/uploads\/2013\/07\/rubinho_oportunidade_goro1.jpg\" width=\"700\" height=\"467\" srcset=\"https:\/\/yuri.com.br\/claudio\/wp-content\/uploads\/2013\/07\/rubinho_oportunidade_goro1.jpg 700w, https:\/\/yuri.com.br\/claudio\/wp-content\/uploads\/2013\/07\/rubinho_oportunidade_goro1-300x200.jpg 300w, https:\/\/yuri.com.br\/claudio\/wp-content\/uploads\/2013\/07\/rubinho_oportunidade_goro1-210x140.jpg 210w\" sizes=\"auto, (max-width: 700px) 100vw, 700px\" \/><\/p>\n","protected":false},"excerpt":{"rendered":"<p>Mais uma &#8220;family session&#8221; no Rubinho, com mais uma nova linha: Goro encadenando com um estiloso p\u00e9 na m\u00e3o&#8230;<\/p>\n","protected":false},"author":2,"featured_media":5405,"comment_status":"open","ping_status":"open","sticky":false,"template":"","format":"standard","meta":{"neve_meta_sidebar":"","neve_meta_container":"","neve_meta_enable_content_width":"","neve_meta_content_width":0,"neve_meta_title_alignment":"","neve_meta_author_avatar":"","neve_post_elements_order":"","neve_meta_disable_header":"","neve_meta_disable_footer":"","neve_meta_disable_title":"","jetpack_post_was_ever_published":false,"_jetpack_newsletter_access":"","_jetpack_dont_email_post_to_subs":false,"_jetpack_newsletter_tier_id":0,"_jetpack_memberships_contains_paywalled_content":false,"_jetpack_memberships_contains_paid_content":false,"footnotes":"","jetpack_publicize_message":"","jetpack_publicize_feature_enabled":true,"jetpack_social_post_already_shared":false,"jetpack_social_options":{"image_generator_settings":{"template":"highway","default_image_id":0,"font":"","enabled":false},"version":2}},"categories":[3],"tags":[],"class_list":["post-5404","post","type-post","status-publish","format-standard","has-post-thumbnail","hentry","category-escalada"],"jetpack_publicize_connections":[],"jetpack_featured_media_url":"https:\/\/yuri.com.br\/claudio\/wp-content\/uploads\/2013\/07\/rubinho_oportunidade_goro.jpg","jetpack_shortlink":"https:\/\/wp.me\/p4i7cB-1pa","jetpack_sharing_enabled":true,"jetpack-related-posts":[{"id":5123,"url":"https:\/\/yuri.com.br\/claudio\/2013\/05\/15\/boulder-session\/","url_meta":{"origin":5404,"position":0},"title":"&#8220;Boulder Session&#8221;","author":"claudio","date":"15\/maio\/2013","format":false,"excerpt":"Mais uma session no Rubinho: s\u00e3o 4 linhas de dificuldades progressivas nesta proa: Tapinha nas Costas, Tapa na Cara, Tapa na Orelha e a \u00faltima e concentrada adi\u00e7\u00e3o, Golpe Baixo. Contando com os projetos, o setor j\u00e1 est\u00e1 chegando a 40 linhas. Curiosidade: os cactos vis\u00edveis na imagem s\u00e3o da\u2026","rel":"","context":"Em &quot;Escalada&quot;","block_context":{"text":"Escalada","link":"https:\/\/yuri.com.br\/claudio\/category\/escalada\/"},"img":{"alt_text":"","src":"https:\/\/i0.wp.com\/yuri.com.br\/claudio\/wp-content\/uploads\/2013\/05\/rubinho_babaleia_tapanacara.jpg?resize=350%2C200&ssl=1","width":350,"height":200,"srcset":"https:\/\/i0.wp.com\/yuri.com.br\/claudio\/wp-content\/uploads\/2013\/05\/rubinho_babaleia_tapanacara.jpg?resize=350%2C200&ssl=1 1x, https:\/\/i0.wp.com\/yuri.com.br\/claudio\/wp-content\/uploads\/2013\/05\/rubinho_babaleia_tapanacara.jpg?resize=525%2C300&ssl=1 1.5x, https:\/\/i0.wp.com\/yuri.com.br\/claudio\/wp-content\/uploads\/2013\/05\/rubinho_babaleia_tapanacara.jpg?resize=700%2C400&ssl=1 2x"},"classes":[]},{"id":5888,"url":"https:\/\/yuri.com.br\/claudio\/2013\/10\/16\/bbloc-on-the-rock\/","url_meta":{"origin":5404,"position":1},"title":"BBLOC on the ROCK","author":"claudio","date":"16\/out\/2013","format":false,"excerpt":"Essa semana fui com o \"bonde do BBLOC\" curtir mais uma das sa\u00eddas pra rocha que o Bel\u00ea vem realizando com essa galerinha local, que j\u00e1 vem mostrando n\u00edtida evolu\u00e7\u00e3o! O setor da vez foi o Rubinho, que cumpre bem essa fun\u00e7\u00e3o de campo-escola. Com a gra\u00e7a de S\u00e3o Pedro,\u2026","rel":"","context":"Em &quot;Escalada&quot;","block_context":{"text":"Escalada","link":"https:\/\/yuri.com.br\/claudio\/category\/escalada\/"},"img":{"alt_text":"","src":"https:\/\/i0.wp.com\/yuri.com.br\/claudio\/wp-content\/uploads\/2013\/10\/rubinho_bbloc1.jpg?resize=350%2C200&ssl=1","width":350,"height":200,"srcset":"https:\/\/i0.wp.com\/yuri.com.br\/claudio\/wp-content\/uploads\/2013\/10\/rubinho_bbloc1.jpg?resize=350%2C200&ssl=1 1x, https:\/\/i0.wp.com\/yuri.com.br\/claudio\/wp-content\/uploads\/2013\/10\/rubinho_bbloc1.jpg?resize=525%2C300&ssl=1 1.5x, https:\/\/i0.wp.com\/yuri.com.br\/claudio\/wp-content\/uploads\/2013\/10\/rubinho_bbloc1.jpg?resize=700%2C400&ssl=1 2x"},"classes":[]},{"id":5467,"url":"https:\/\/yuri.com.br\/claudio\/2013\/07\/22\/cassoulet-paraibano-rubinho\/","url_meta":{"origin":5404,"position":2},"title":"Cassoulet Paraibano @ Rubinho","author":"claudio","date":"22\/jul\/2013","format":false,"excerpt":"Beto Ferragut tenta o explosivo Cassoulet Paraibano, no Rubinho, a 1\u00aa linha da categoria \"hard\" por l\u00e1. E por pouco ela n\u00e3o existiria: sempre admirava essa face negativa no bloco do Fontainebinho, com uma agarra perfeita de sa\u00edda na m\u00e3o direita, por\u00e9m muito ruim para sequer tirar a bunda do\u2026","rel":"","context":"Em &quot;Escalada&quot;","block_context":{"text":"Escalada","link":"https:\/\/yuri.com.br\/claudio\/category\/escalada\/"},"img":{"alt_text":"","src":"","width":0,"height":0},"classes":[]},{"id":5789,"url":"https:\/\/yuri.com.br\/claudio\/2013\/09\/23\/video-golpe-baixo-v10-rubinho\/","url_meta":{"origin":5404,"position":3},"title":"V\u00eddeo: Golpe Baixo V10 @ Rubinho","author":"claudio","date":"23\/set\/2013","format":false,"excerpt":"Desta vez vamos de um boulder duro na proa da entrada, o Golpe Baixo. A encrenca sai a partir do p\u00e9 das outras linhas, mais uma micro fissura e escala a face direita. A dificuldade \u00e9 bem concentrada (se resume aos movimentos iniciais) e portanto dif\u00edcil de graduar. Mas ap\u00f3s\u2026","rel":"","context":"Em &quot;Escalada&quot;","block_context":{"text":"Escalada","link":"https:\/\/yuri.com.br\/claudio\/category\/escalada\/"},"img":{"alt_text":"clique para ampliar!","src":"https:\/\/i0.wp.com\/yuri.com.br\/claudio\/wp-content\/uploads\/2013\/09\/rubinho_medusa_theo.jpg?resize=350%2C200","width":350,"height":200,"srcset":"https:\/\/i0.wp.com\/yuri.com.br\/claudio\/wp-content\/uploads\/2013\/09\/rubinho_medusa_theo.jpg?resize=350%2C200 1x, https:\/\/i0.wp.com\/yuri.com.br\/claudio\/wp-content\/uploads\/2013\/09\/rubinho_medusa_theo.jpg?resize=525%2C300 1.5x, https:\/\/i0.wp.com\/yuri.com.br\/claudio\/wp-content\/uploads\/2013\/09\/rubinho_medusa_theo.jpg?resize=700%2C400 2x"},"classes":[]},{"id":4897,"url":"https:\/\/yuri.com.br\/claudio\/2013\/04\/29\/rubinho-2\/","url_meta":{"origin":5404,"position":4},"title":"Rubinho!","author":"claudio","date":"29\/abr\/2013","format":false,"excerpt":"Faltou a Lia Sati no \u00faltimo post, mas ontem ela estava de volta l\u00e1 no Rubinho e pude registrar a cadena de seu 1\u00ba boulder! Alegria geral ao ver uma crian\u00e7a subir um bloco desses, rec\u00e9m limpo, com esse sorriso no rosto... Aproveito para deixar mais uma amostra, desta vez\u2026","rel":"","context":"Em &quot;Escalada&quot;","block_context":{"text":"Escalada","link":"https:\/\/yuri.com.br\/claudio\/category\/escalada\/"},"img":{"alt_text":"","src":"https:\/\/i0.wp.com\/yuri.com.br\/claudio\/wp-content\/uploads\/2013\/04\/rubinho_liasati.jpg?resize=350%2C200&ssl=1","width":350,"height":200,"srcset":"https:\/\/i0.wp.com\/yuri.com.br\/claudio\/wp-content\/uploads\/2013\/04\/rubinho_liasati.jpg?resize=350%2C200&ssl=1 1x, https:\/\/i0.wp.com\/yuri.com.br\/claudio\/wp-content\/uploads\/2013\/04\/rubinho_liasati.jpg?resize=525%2C300&ssl=1 1.5x, https:\/\/i0.wp.com\/yuri.com.br\/claudio\/wp-content\/uploads\/2013\/04\/rubinho_liasati.jpg?resize=700%2C400&ssl=1 2x"},"classes":[]},{"id":5801,"url":"https:\/\/yuri.com.br\/claudio\/2013\/09\/25\/primavera-arabe-rubinho\/","url_meta":{"origin":5404,"position":5},"title":"Primavera \u00c1rabe @ Rubinho","author":"claudio","date":"25\/set\/2013","format":false,"excerpt":"Essa linha pode n\u00e3o parecer t\u00e3o bonita \u00e0 primeira vista, ent\u00e3o aqui vai uma foto pra embelezar um pouco o neg\u00f3cio: Yuri no Primavera \u00c1rabe V5 no Rubinho, corra porque os abaolados do crux est\u00e3o ficando cada vez piores conforme acaba a temporada... e os regletinhos do final est\u00e3o sumindo.\u2026","rel":"","context":"Em &quot;Escalada&quot;","block_context":{"text":"Escalada","link":"https:\/\/yuri.com.br\/claudio\/category\/escalada\/"},"img":{"alt_text":"","src":"https:\/\/i0.wp.com\/yuri.com.br\/claudio\/wp-content\/uploads\/2013\/09\/rubinho_primaveraarabe_yuri.jpg?resize=350%2C200&ssl=1","width":350,"height":200,"srcset":"https:\/\/i0.wp.com\/yuri.com.br\/claudio\/wp-content\/uploads\/2013\/09\/rubinho_primaveraarabe_yuri.jpg?resize=350%2C200&ssl=1 1x, https:\/\/i0.wp.com\/yuri.com.br\/claudio\/wp-content\/uploads\/2013\/09\/rubinho_primaveraarabe_yuri.jpg?resize=525%2C300&ssl=1 1.5x, https:\/\/i0.wp.com\/yuri.com.br\/claudio\/wp-content\/uploads\/2013\/09\/rubinho_primaveraarabe_yuri.jpg?resize=700%2C400&ssl=1 2x"},"classes":[]}],"_links":{"self":[{"href":"https:\/\/yuri.com.br\/claudio\/wp-json\/wp\/v2\/posts\/5404","targetHints":{"allow":["GET"]}}],"collection":[{"href":"https:\/\/yuri.com.br\/claudio\/wp-json\/wp\/v2\/posts"}],"about":[{"href":"https:\/\/yuri.com.br\/claudio\/wp-json\/wp\/v2\/types\/post"}],"author":[{"embeddable":true,"href":"https:\/\/yuri.com.br\/claudio\/wp-json\/wp\/v2\/users\/2"}],"replies":[{"embeddable":true,"href":"https:\/\/yuri.com.br\/claudio\/wp-json\/wp\/v2\/comments?post=5404"}],"version-history":[{"count":0,"href":"https:\/\/yuri.com.br\/claudio\/wp-json\/wp\/v2\/posts\/5404\/revisions"}],"wp:featuredmedia":[{"embeddable":true,"href":"https:\/\/yuri.com.br\/claudio\/wp-json\/wp\/v2\/media\/5405"}],"wp:attachment":[{"href":"https:\/\/yuri.com.br\/claudio\/wp-json\/wp\/v2\/media?parent=5404"}],"wp:term":[{"taxonomy":"category","embeddable":true,"href":"https:\/\/yuri.com.br\/claudio\/wp-json\/wp\/v2\/categories?post=5404"},{"taxonomy":"post_tag","embeddable":true,"href":"https:\/\/yuri.com.br\/claudio\/wp-json\/wp\/v2\/tags?post=5404"}],"curies":[{"name":"wp","href":"https:\/\/api.w.org\/{rel}","templated":true}]}}