{"id":5370,"date":"2013-06-30T12:36:31","date_gmt":"2013-06-30T12:36:31","guid":{"rendered":"http:\/\/claudiobr.wordpress.com\/?p=5370"},"modified":"2013-06-30T12:36:31","modified_gmt":"2013-06-30T12:36:31","slug":"barba","status":"publish","type":"post","link":"https:\/\/yuri.com.br\/claudio\/2013\/06\/30\/barba\/","title":{"rendered":"Barba"},"content":{"rendered":"<p>Barba, no bloco do Bigode, com Leandro e Yuri. O novo come\u00e7o deixou a linha bem mais s\u00f3lida (e mais cl\u00e1ssica!)&#8230;<\/p>\n<p><img loading=\"lazy\" decoding=\"async\" class=\"aligncenter\" alt=\"L\u00ea\" src=\"http:\/\/yuri.com.br\/claudio\/wp-content\/uploads\/2013\/06\/barba_leandro.jpg\" width=\"700\" height=\"275\" \/><\/p>\n<p><img loading=\"lazy\" decoding=\"async\" data-attachment-id=\"5372\" data-permalink=\"https:\/\/yuri.com.br\/claudio\/2013\/06\/30\/barba\/barba_yuri\/\" data-orig-file=\"https:\/\/yuri.com.br\/claudio\/wp-content\/uploads\/2013\/06\/barba_yuri.jpg\" data-orig-size=\"700,467\" data-comments-opened=\"1\" data-image-meta=\"{&quot;aperture&quot;:&quot;2.8&quot;,&quot;credit&quot;:&quot;Claudio Brisighello&quot;,&quot;camera&quot;:&quot;Canon EOS 7D&quot;,&quot;caption&quot;:&quot;&quot;,&quot;created_timestamp&quot;:&quot;1372526754&quot;,&quot;copyright&quot;:&quot;&quot;,&quot;focal_length&quot;:&quot;11&quot;,&quot;iso&quot;:&quot;1250&quot;,&quot;shutter_speed&quot;:&quot;0.005&quot;,&quot;title&quot;:&quot;&quot;}\" data-image-title=\"Yuri\" data-image-description=\"\" data-image-caption=\"\" data-medium-file=\"https:\/\/yuri.com.br\/claudio\/wp-content\/uploads\/2013\/06\/barba_yuri-300x200.jpg\" data-large-file=\"https:\/\/yuri.com.br\/claudio\/wp-content\/uploads\/2013\/06\/barba_yuri.jpg\" class=\"aligncenter size-full wp-image-5372\" alt=\"Yuri\" src=\"http:\/\/yuri.com.br\/claudio\/wp-content\/uploads\/2013\/06\/barba_yuri.jpg\" width=\"700\" height=\"467\" srcset=\"https:\/\/yuri.com.br\/claudio\/wp-content\/uploads\/2013\/06\/barba_yuri.jpg 700w, https:\/\/yuri.com.br\/claudio\/wp-content\/uploads\/2013\/06\/barba_yuri-300x200.jpg 300w, https:\/\/yuri.com.br\/claudio\/wp-content\/uploads\/2013\/06\/barba_yuri-210x140.jpg 210w\" sizes=\"auto, (max-width: 700px) 100vw, 700px\" \/><\/p>\n","protected":false},"excerpt":{"rendered":"<p>Barba, no bloco do Bigode, com Leandro e Yuri. O novo come\u00e7o deixou a linha bem mais s\u00f3lida (e mais cl\u00e1ssica!)&#8230;<\/p>\n","protected":false},"author":2,"featured_media":5371,"comment_status":"open","ping_status":"open","sticky":false,"template":"","format":"standard","meta":{"neve_meta_sidebar":"","neve_meta_container":"","neve_meta_enable_content_width":"","neve_meta_content_width":0,"neve_meta_title_alignment":"","neve_meta_author_avatar":"","neve_post_elements_order":"","neve_meta_disable_header":"","neve_meta_disable_footer":"","neve_meta_disable_title":"","jetpack_post_was_ever_published":false,"_jetpack_newsletter_access":"","_jetpack_dont_email_post_to_subs":false,"_jetpack_newsletter_tier_id":0,"_jetpack_memberships_contains_paywalled_content":false,"_jetpack_memberships_contains_paid_content":false,"footnotes":"","jetpack_publicize_message":"","jetpack_publicize_feature_enabled":true,"jetpack_social_post_already_shared":false,"jetpack_social_options":{"image_generator_settings":{"template":"highway","default_image_id":0,"font":"","enabled":false},"version":2}},"categories":[3],"tags":[],"class_list":["post-5370","post","type-post","status-publish","format-standard","has-post-thumbnail","hentry","category-escalada"],"jetpack_publicize_connections":[],"jetpack_featured_media_url":"https:\/\/yuri.com.br\/claudio\/wp-content\/uploads\/2013\/06\/barba_leandro.jpg","jetpack_shortlink":"https:\/\/wp.me\/s4i7cB-barba","jetpack_sharing_enabled":true,"jetpack-related-posts":[{"id":5776,"url":"https:\/\/yuri.com.br\/claudio\/2013\/09\/18\/hora-de-fazer-barba-cabelo-e-bigode\/","url_meta":{"origin":5370,"position":0},"title":"Hora de fazer barba cabelo e BIGODE!","author":"claudio","date":"18\/set\/2013","format":false,"excerpt":"*Sabad\u00e3o, 10hs: MUTIR\u00c3O DE LIMPEZA NO BIGODE Escovar agarras depois de escalar deveria ser o mesmo que lavar o prato que vc come, afinal ele ser\u00e1 usado por um outro ser da sua ra\u00e7a (i.e. \"escaladoris famintus\"). Aqui vale contar uma historinha bacana que marcou minha mem\u00f3ria: estava eu, num\u2026","rel":"","context":"Em &quot;Escalada&quot;","block_context":{"text":"Escalada","link":"https:\/\/yuri.com.br\/claudio\/category\/escalada\/"},"img":{"alt_text":"","src":"https:\/\/i0.wp.com\/yuri.com.br\/claudio\/wp-content\/uploads\/2013\/09\/bigodesujo.jpg?resize=350%2C200&ssl=1","width":350,"height":200,"srcset":"https:\/\/i0.wp.com\/yuri.com.br\/claudio\/wp-content\/uploads\/2013\/09\/bigodesujo.jpg?resize=350%2C200&ssl=1 1x, https:\/\/i0.wp.com\/yuri.com.br\/claudio\/wp-content\/uploads\/2013\/09\/bigodesujo.jpg?resize=525%2C300&ssl=1 1.5x, https:\/\/i0.wp.com\/yuri.com.br\/claudio\/wp-content\/uploads\/2013\/09\/bigodesujo.jpg?resize=700%2C400&ssl=1 2x"},"classes":[]},{"id":5767,"url":"https:\/\/yuri.com.br\/claudio\/2013\/09\/15\/video-2-do-rubinho\/","url_meta":{"origin":5370,"position":1},"title":"V\u00eddeo: 2 do Rubinho","author":"claudio","date":"15\/set\/2013","format":false,"excerpt":"Conforme prometido, mais um videozinho do Rubinho. Filmagem bem casual, sem trip\u00e9, luz ruim, vale mais para mostrar um pouco das linhas. Primeiro tem a Yuri no highball N\u00e9ctar do Olimpo V5, este bloc\u00e3o cheio de linhas cl\u00e1ssicas. Depois vem o Babaleia na 1\u00aa repeti\u00e7\u00e3o do Cassoulet Paraibano V9, da\u2026","rel":"","context":"Em &quot;Escalada&quot;","block_context":{"text":"Escalada","link":"https:\/\/yuri.com.br\/claudio\/category\/escalada\/"},"img":{"alt_text":"","src":"https:\/\/i0.wp.com\/yuri.com.br\/claudio\/wp-content\/uploads\/2013\/09\/popeye3d.jpg?resize=350%2C200&ssl=1","width":350,"height":200,"srcset":"https:\/\/i0.wp.com\/yuri.com.br\/claudio\/wp-content\/uploads\/2013\/09\/popeye3d.jpg?resize=350%2C200&ssl=1 1x, https:\/\/i0.wp.com\/yuri.com.br\/claudio\/wp-content\/uploads\/2013\/09\/popeye3d.jpg?resize=525%2C300&ssl=1 1.5x"},"classes":[]},{"id":3335,"url":"https:\/\/yuri.com.br\/claudio\/2012\/01\/22\/mais-do-aranha\/","url_meta":{"origin":5370,"position":2},"title":"Mais do Aranha","author":"claudio","date":"22\/jan\/2012","format":false,"excerpt":"Compartilhando mais linhas novas de dificuldade \"moderada\" na cave do Aranha (a prova d\u00b4\u00e1gua!)... Desta vez falamos do bloco levemente negativo logo atr\u00e1s do Derretidos, acredito que sempre passou despercebido devido \u00e0 sua base ruim, mas na \u00faltima semana fomos l\u00e1 alavancar as pedras e limpar as 2 linhas \u00f3bvias,\u2026","rel":"","context":"Em &quot;Escalada&quot;","block_context":{"text":"Escalada","link":"https:\/\/yuri.com.br\/claudio\/category\/escalada\/"},"img":{"alt_text":"","src":"https:\/\/i0.wp.com\/yuri.com.br\/claudio\/wp-content\/uploads\/2012\/01\/aranha_popfingerscaca.jpg?resize=350%2C200&ssl=1","width":350,"height":200,"srcset":"https:\/\/i0.wp.com\/yuri.com.br\/claudio\/wp-content\/uploads\/2012\/01\/aranha_popfingerscaca.jpg?resize=350%2C200&ssl=1 1x, https:\/\/i0.wp.com\/yuri.com.br\/claudio\/wp-content\/uploads\/2012\/01\/aranha_popfingerscaca.jpg?resize=525%2C300&ssl=1 1.5x, https:\/\/i0.wp.com\/yuri.com.br\/claudio\/wp-content\/uploads\/2012\/01\/aranha_popfingerscaca.jpg?resize=700%2C400&ssl=1 2x"},"classes":[]},{"id":3330,"url":"https:\/\/yuri.com.br\/claudio\/2012\/01\/18\/foto-barbarvore-aranha\/","url_meta":{"origin":5370,"position":3},"title":"Foto: Barb\u00e1rvore @ Aranha","author":"claudio","date":"18\/jan\/2012","format":false,"excerpt":"A linha fica ao lado do bloco do Alice, local protegido da chuva. Come\u00e7a de p\u00e9 em um agarr\u00e3o e toca para a esquerda, passando por um batente \u00f3bvio e depois uma pin\u00e7a \"interessante\". Dificuldade em torno de V4. Aos poucos vamos abrindo mais problemas relativamente f\u00e1ceis no Aranha, para\u2026","rel":"","context":"Em &quot;Escalada&quot;","block_context":{"text":"Escalada","link":"https:\/\/yuri.com.br\/claudio\/category\/escalada\/"},"img":{"alt_text":"","src":"https:\/\/i0.wp.com\/yuri.com.br\/claudio\/wp-content\/uploads\/2012\/01\/aranha_martinalumir_barbarv.jpg?resize=350%2C200&ssl=1","width":350,"height":200,"srcset":"https:\/\/i0.wp.com\/yuri.com.br\/claudio\/wp-content\/uploads\/2012\/01\/aranha_martinalumir_barbarv.jpg?resize=350%2C200&ssl=1 1x, https:\/\/i0.wp.com\/yuri.com.br\/claudio\/wp-content\/uploads\/2012\/01\/aranha_martinalumir_barbarv.jpg?resize=525%2C300&ssl=1 1.5x, https:\/\/i0.wp.com\/yuri.com.br\/claudio\/wp-content\/uploads\/2012\/01\/aranha_martinalumir_barbarv.jpg?resize=700%2C400&ssl=1 2x"},"classes":[]},{"id":1367,"url":"https:\/\/yuri.com.br\/claudio\/2010\/01\/04\/taquaril\/","url_meta":{"origin":5370,"position":4},"title":"Taquaril","author":"claudio","date":"4\/jan\/2010","format":false,"excerpt":"2009 terminou naquele esquema: trabalhei at\u00e9 as 7 da noite em plena v\u00e9spera de ano novo, e sa\u00ed correndo em busca da liberdade. At\u00e9 a\u00ed nenhuma novidade, n\u00e3o fosse o destino novo para mim - Taquaril - que fica um pouco depois de Petr\u00f3polis\/RJ, ou seja, pertinho e ideal para\u2026","rel":"","context":"Em &quot;Escalada&quot;","block_context":{"text":"Escalada","link":"https:\/\/yuri.com.br\/claudio\/category\/escalada\/"},"img":{"alt_text":"","src":"https:\/\/i0.wp.com\/yuri.com.br\/claudio\/wp-content\/uploads\/2010\/01\/taquaril_gentileza_byalice.jpg?resize=350%2C200&ssl=1","width":350,"height":200,"srcset":"https:\/\/i0.wp.com\/yuri.com.br\/claudio\/wp-content\/uploads\/2010\/01\/taquaril_gentileza_byalice.jpg?resize=350%2C200&ssl=1 1x, https:\/\/i0.wp.com\/yuri.com.br\/claudio\/wp-content\/uploads\/2010\/01\/taquaril_gentileza_byalice.jpg?resize=525%2C300&ssl=1 1.5x, https:\/\/i0.wp.com\/yuri.com.br\/claudio\/wp-content\/uploads\/2010\/01\/taquaril_gentileza_byalice.jpg?resize=700%2C400&ssl=1 2x"},"classes":[]},{"id":5255,"url":"https:\/\/yuri.com.br\/claudio\/2013\/06\/04\/pra-variar\/","url_meta":{"origin":5370,"position":5},"title":"Pra variar&#8230;","author":"claudio","date":"4\/jun\/2013","format":false,"excerpt":"Mais fotos do setor Rubinho: Edu Belis\u00e1rio mandando o cl\u00e1ssico Buracos (V4? Depende da sua estatura!), foto tirada no topo do projeto Medusa, com o bloco do Rollerblade acima e a galera sentada no bloco do Fontainebinho. D\u00e1 pra ter uma no\u00e7\u00e3o da proximidade entre os boulders. Camila Ferreira mandando\u2026","rel":"","context":"Em &quot;Escalada&quot;","block_context":{"text":"Escalada","link":"https:\/\/yuri.com.br\/claudio\/category\/escalada\/"},"img":{"alt_text":"","src":"https:\/\/i0.wp.com\/yuri.com.br\/claudio\/wp-content\/uploads\/2013\/06\/rubinho_edubelisario_buracos.jpg?resize=350%2C200&ssl=1","width":350,"height":200},"classes":[]}],"_links":{"self":[{"href":"https:\/\/yuri.com.br\/claudio\/wp-json\/wp\/v2\/posts\/5370","targetHints":{"allow":["GET"]}}],"collection":[{"href":"https:\/\/yuri.com.br\/claudio\/wp-json\/wp\/v2\/posts"}],"about":[{"href":"https:\/\/yuri.com.br\/claudio\/wp-json\/wp\/v2\/types\/post"}],"author":[{"embeddable":true,"href":"https:\/\/yuri.com.br\/claudio\/wp-json\/wp\/v2\/users\/2"}],"replies":[{"embeddable":true,"href":"https:\/\/yuri.com.br\/claudio\/wp-json\/wp\/v2\/comments?post=5370"}],"version-history":[{"count":0,"href":"https:\/\/yuri.com.br\/claudio\/wp-json\/wp\/v2\/posts\/5370\/revisions"}],"wp:featuredmedia":[{"embeddable":true,"href":"https:\/\/yuri.com.br\/claudio\/wp-json\/wp\/v2\/media\/5371"}],"wp:attachment":[{"href":"https:\/\/yuri.com.br\/claudio\/wp-json\/wp\/v2\/media?parent=5370"}],"wp:term":[{"taxonomy":"category","embeddable":true,"href":"https:\/\/yuri.com.br\/claudio\/wp-json\/wp\/v2\/categories?post=5370"},{"taxonomy":"post_tag","embeddable":true,"href":"https:\/\/yuri.com.br\/claudio\/wp-json\/wp\/v2\/tags?post=5370"}],"curies":[{"name":"wp","href":"https:\/\/api.w.org\/{rel}","templated":true}]}}