{"id":531,"date":"2009-03-27T08:10:30","date_gmt":"2009-03-27T08:10:30","guid":{"rendered":"http:\/\/claudiobr.wordpress.com\/?p=531"},"modified":"2009-03-27T08:10:30","modified_gmt":"2009-03-27T08:10:30","slug":"mais-fotos-comentadas","status":"publish","type":"post","link":"https:\/\/yuri.com.br\/claudio\/2009\/03\/27\/mais-fotos-comentadas\/","title":{"rendered":"Mais fotos comentadas"},"content":{"rendered":"<p>Continuando com as fotos comentadas, ilustro abaixo mais 2 exemplos: (clique nas imagens para ampli\u00e1-las)<\/p>\n<p style=\"text-align:center;\"><a href=\"http:\/\/www.flickr.com\/photos\/cbrisighello\/2797103658\/in\/set-72157615772049468\/\"><img loading=\"lazy\" decoding=\"async\" class=\"aligncenter\" title=\"Cesinha na Coquetel de Energia\" src=\"http:\/\/farm4.static.flickr.com\/3004\/2797103658_64e24a0076_o.jpg\" alt=\"\" width=\"500\" height=\"332\" \/><\/a><\/p>\n<p>Nesta foto o Cesinha est\u00e1 na 2a. de suas 3 entradas na via Coquetel de Energia, em um dia de *muita* chuva, ou seja, bem mais escuro do que j\u00e1 costuma ser no Campo Escola 2000. A via tem um bloco\/boulder alto e estrategicamente localizado \u00e0 sua frente. Local perfeito para se disparar um flash sobre as 3 primeiras costuras da via, sem que a luz aponte muito para cima (minimizando sombras indesej\u00e1veis). Como eu estava sem um trip\u00e9 alto, pedi para a Yuri segurar o flash (felizmente ela estava de preto, se camuflando na escurid\u00e3o) enquanto eu testava diferentes configura\u00e7\u00f5es, antes mesmo da escalada come\u00e7ar. Ali eu notei que poderia compor uma imagem surreal (sem photoshop), bem diferente de toda a luz que os olhos humanos captavam naquele momento. A exposi\u00e7\u00e3o relativamente r\u00e1pida (1\/160) escureceu os arredores, escondendo propositalmente uma por\u00e7\u00e3o de pessoas que estavam assistindo. A foto foi feita pelas 2 da tarde, mas a sensa\u00e7\u00e3o \u00e9 noturna, com efeito de holofote, remetendo a um palco, um show, ou campeonato, enfim, um destaque em cima do sujeito. A negatividade ficou bem percept\u00edvel pela posi\u00e7\u00e3o tombada do escalador dentro do enquadramento geral (horizontais paralelas ao solo, perpendiculares \u00e0s \u00e1rvores e \u00e0s costuras penduradas). O resultado ficou incomum, mas eu gostei bastante.<\/p>\n<p style=\"text-align:center;\"><a href=\"http:\/\/farm4.static.flickr.com\/3358\/3189684088_1acc2254d7_o.jpg\"><img loading=\"lazy\" decoding=\"async\" class=\"aligncenter\" title=\"Yuri Hayashi no bloco do Ouri\u00e7o\" src=\"http:\/\/farm4.static.flickr.com\/3358\/3189684088_3a03e14935.jpg\" alt=\"\" width=\"500\" height=\"333\" \/><\/a><\/p>\n<p style=\"text-align:left;\">E aqui temos uma foto da Yuri escalando no cl\u00e1ssico bloco do Ouri\u00e7o, na Urca. O local \u00e9 prop\u00edcio a fotografia: temos uma paisagem bel\u00edssima por ali e um grande maci\u00e7o de pedra \u00e0 sua frente, onde estou de p\u00e9, clicando essa imagem. O dia era de muito sol e a escalada s\u00f3 era poss\u00edvel na sombra. Posicionei 1 flash no canto inferior direito, sem ele a exposi\u00e7\u00e3o escureceria demais a parte negativa do boulder e consequentemente a escaladora, que apesar de estar &#8220;pequena&#8221; na composi\u00e7\u00e3o, \u00e9 o foco principal da imagem: demonstrar um ser humano interagindo em meio \u00e0 grandeza da natureza captada (mar, pedra, verde). \u00c9 por isso que raramente meu estilo de fotografia entra em close-ups (salvo as express\u00f5es faciais e detalhes de pegas\/agarras), onde perdemos magnitude de cen\u00e1rio, angula\u00e7\u00f5es, posicionamento, etc &#8211; restringindo a foto ao povo escalador e conhecedor da situa\u00e7\u00e3o. Meu objetivo \u00e9 sempre embutir refer\u00eancias realistas para que um p\u00fablico possivelmente desconhecido possa entender e admirar o local e a atividade sendo retratada. Nesta vez eu infelizmente pequei no alinhamento do horizonte que ficou um pouco torto, por prestar muita aten\u00e7\u00e3o no enquadramento do assunto na parte inferior. O uso de flash tamb\u00e9m elimina o recurso de disparos sequenciais (devido ao intervalo de recarga do flash) ou seja, voc\u00ea tem que clicar e acertar. Por esta raz\u00e3o e pela dificuldade que a Yuri tinha em se estabilizar naquela se\u00e7\u00e3o do boulder, esta foto foi posada (pausa intencional no movimento). Raramente fot\u00f3grafos admitem isso. :-)<\/p>\n<p>Espero que ao revelar estas experi\u00eancias, sirva de inspira\u00e7\u00e3o e, quem sabe, de instru\u00e7\u00e3o, aos amantes das montanhas e suas fotografias. Bom fim de semana a todos!<\/p>\n","protected":false},"excerpt":{"rendered":"<p>Continuando com as fotos comentadas, ilustro abaixo mais 2 exemplos: (clique nas imagens para ampli\u00e1-las) Nesta foto o Cesinha est\u00e1 na 2a. de suas 3 entradas na via Coquetel de Energia, em um dia de *muita* chuva, ou seja, bem mais escuro do que j\u00e1 costuma ser no Campo Escola 2000. A via tem um&hellip;&nbsp;<a href=\"https:\/\/yuri.com.br\/claudio\/2009\/03\/27\/mais-fotos-comentadas\/\" rel=\"bookmark\">Continue a ler &raquo;<span class=\"screen-reader-text\">Mais fotos comentadas<\/span><\/a><\/p>\n","protected":false},"author":2,"featured_media":0,"comment_status":"open","ping_status":"open","sticky":false,"template":"","format":"standard","meta":{"neve_meta_sidebar":"","neve_meta_container":"","neve_meta_enable_content_width":"","neve_meta_content_width":0,"neve_meta_title_alignment":"","neve_meta_author_avatar":"","neve_post_elements_order":"","neve_meta_disable_header":"","neve_meta_disable_footer":"","neve_meta_disable_title":"","jetpack_post_was_ever_published":false,"_jetpack_newsletter_access":"","_jetpack_dont_email_post_to_subs":false,"_jetpack_newsletter_tier_id":0,"_jetpack_memberships_contains_paywalled_content":false,"_jetpack_memberships_contains_paid_content":false,"footnotes":"","jetpack_publicize_message":"","jetpack_publicize_feature_enabled":true,"jetpack_social_post_already_shared":false,"jetpack_social_options":{"image_generator_settings":{"template":"highway","default_image_id":0,"font":"","enabled":false},"version":2}},"categories":[3],"tags":[],"class_list":["post-531","post","type-post","status-publish","format-standard","hentry","category-escalada"],"jetpack_publicize_connections":[],"jetpack_featured_media_url":"","jetpack_shortlink":"https:\/\/wp.me\/p4i7cB-8z","jetpack_sharing_enabled":true,"jetpack-related-posts":[{"id":458,"url":"https:\/\/yuri.com.br\/claudio\/2009\/03\/19\/algumas-fotos-recentes-comentadas\/","url_meta":{"origin":531,"position":0},"title":"Algumas fotos recentes, comentadas","author":"claudio","date":"19\/mar\/2009","format":false,"excerpt":"Abaixo compartilho a concep\u00e7\u00e3o de algumas\u00a0fotos recentes: O bloco do \"Banana Amassada\" no Graja\u00fa\/RJ, fica no setor ao lado dos banheiros do parque, n\u00e3o exatamente o local mais bonito para uma foto. Fotografia \u00e9 luz, e ultimamente tenho experimentado a combina\u00e7\u00e3o de ilumina\u00e7\u00e3o artificial (flash) em plena luz do dia\u2026","rel":"","context":"Em &quot;Escalada&quot;","block_context":{"text":"Escalada","link":"https:\/\/yuri.com.br\/claudio\/category\/escalada\/"},"img":{"alt_text":"","src":"https:\/\/i0.wp.com\/farm4.static.flickr.com\/3585\/3320196043_a5fae6cc1e.jpg?resize=350%2C200","width":350,"height":200},"classes":[]},{"id":1236,"url":"https:\/\/yuri.com.br\/claudio\/2009\/12\/21\/o-retorno-das-fotos-comentadas\/","url_meta":{"origin":531,"position":1},"title":"O retorno das fotos comentadas","author":"claudio","date":"21\/dez\/2009","format":false,"excerpt":"N\u00e3o, ainda n\u00e3o desisti desta id\u00e9ia! Como houve algum retorno positivo, volto a compartilhar minhas experi\u00eancias fotogr\u00e1ficas. \u00c9 tudo uma quest\u00e3o de tempo para que eu possa escrever essas coisas... As duas imagens acima mostram o mesmo local (o cl\u00e1ssico bloco do Rala Peito na Urca, RJ), em circunst\u00e2ncias similares\u2026","rel":"","context":"Em &quot;Escalada&quot;","block_context":{"text":"Escalada","link":"https:\/\/yuri.com.br\/claudio\/category\/escalada\/"},"img":{"alt_text":"","src":"https:\/\/i0.wp.com\/farm3.static.flickr.com\/2577\/4088067628_1d7d7f2f57.jpg?resize=350%2C200","width":350,"height":200},"classes":[]},{"id":543,"url":"https:\/\/yuri.com.br\/claudio\/2009\/04\/07\/mais-fotos-comentadas-2\/","url_meta":{"origin":531,"position":2},"title":"Mais fotos comentadas&#8230;","author":"claudio","date":"7\/abr\/2009","format":false,"excerpt":"Mais uma foto do CE2000, com o Alexis no crux da 1a. parte da Epit\u00e1fios, uma sequ\u00eancia que atravessa aquela bela se\u00e7\u00e3o \"ondulada\" da pedra. H\u00e1 um jogo de diagonais nesta imagem. Repare na extremidade direita da parede, coincidindo com o \u00e2ngulo superior direito da imagem, procurei montar uma certa\u2026","rel":"","context":"Em &quot;Escalada&quot;","block_context":{"text":"Escalada","link":"https:\/\/yuri.com.br\/claudio\/category\/escalada\/"},"img":{"alt_text":"","src":"https:\/\/i0.wp.com\/farm4.static.flickr.com\/3639\/3321025322_e01308bb1f.jpg?resize=350%2C200","width":350,"height":200},"classes":[]},{"id":8023,"url":"https:\/\/yuri.com.br\/claudio\/2014\/07\/21\/rubinho-2014\/","url_meta":{"origin":531,"position":3},"title":"Rubinho 2014","author":"Cl\u00e1udio Brisighello","date":"21\/jul\/2014","format":false,"excerpt":"Abaixo, Facu - esta jovem M\u00c1QUINA de escalar - d\u00e1 um pega no Medusa em pleno meio-dia, com os dedos literalmente sangrando. Como era seu \"50\u00ba\" dia seguido de escalada non-stop, ficou pra pr\u00f3xima, \"s\u00f3\" deu pra mandar o Arqueiro Zen flash. Esse a\u00ed atropela o que tiver pela frente...\u2026","rel":"","context":"Em &quot;Escalada&quot;","block_context":{"text":"Escalada","link":"https:\/\/yuri.com.br\/claudio\/category\/escalada\/"},"img":{"alt_text":"","src":"https:\/\/i0.wp.com\/yuri.com.br\/claudio\/wp-content\/uploads\/2014\/07\/croqui.jpg?resize=350%2C200&ssl=1","width":350,"height":200,"srcset":"https:\/\/i0.wp.com\/yuri.com.br\/claudio\/wp-content\/uploads\/2014\/07\/croqui.jpg?resize=350%2C200&ssl=1 1x, https:\/\/i0.wp.com\/yuri.com.br\/claudio\/wp-content\/uploads\/2014\/07\/croqui.jpg?resize=525%2C300&ssl=1 1.5x"},"classes":[]},{"id":3546,"url":"https:\/\/yuri.com.br\/claudio\/2012\/03\/15\/paulinha-quilombinho\/","url_meta":{"origin":531,"position":4},"title":"Paulinha @ Quilombinho","author":"claudio","date":"15\/mar\/2012","format":false,"excerpt":"Tem uns 3 anos que n\u00e3o me pendurava com a c\u00e2mera, me pendurei ontem e confesso que n\u00e3o me reanimei. Mas uma foto se salvou e desta vez explico-me no velho estilo \"fotos comentadas\", quem sabe ainda sirva de utilidade? O local possui escaladas bacanas para todas as dificuldades, mas\u2026","rel":"","context":"Em &quot;Escalada&quot;","block_context":{"text":"Escalada","link":"https:\/\/yuri.com.br\/claudio\/category\/escalada\/"},"img":{"alt_text":"","src":"https:\/\/i0.wp.com\/yuri.com.br\/claudio\/wp-content\/uploads\/2012\/03\/quilombinho_paulinha7a_small.jpg?resize=350%2C200&ssl=1","width":350,"height":200,"srcset":"https:\/\/i0.wp.com\/yuri.com.br\/claudio\/wp-content\/uploads\/2012\/03\/quilombinho_paulinha7a_small.jpg?resize=350%2C200&ssl=1 1x, https:\/\/i0.wp.com\/yuri.com.br\/claudio\/wp-content\/uploads\/2012\/03\/quilombinho_paulinha7a_small.jpg?resize=525%2C300&ssl=1 1.5x, https:\/\/i0.wp.com\/yuri.com.br\/claudio\/wp-content\/uploads\/2012\/03\/quilombinho_paulinha7a_small.jpg?resize=700%2C400&ssl=1 2x"},"classes":[]},{"id":7703,"url":"https:\/\/yuri.com.br\/claudio\/2014\/05\/19\/p-z\/","url_meta":{"origin":531,"position":5},"title":"P. Z.","author":"Cl\u00e1udio Brisighello","date":"19\/maio\/2014","format":false,"excerpt":"Sabad\u00e3o foi dia de nova investida no Cruzeiro: acima, Babaleia providencia mais uma linha - Pura Zica - neste bloco bonito por\u00e9m sempre na sombra escura. Para os photo-geeks, o flash \u00e9 um Vivitar 285HV (vis\u00edvel na imagem) e estava a 1\/16 de for\u00e7a, sob um filtro CTO, com lente\u2026","rel":"","context":"Em &quot;Escalada&quot;","block_context":{"text":"Escalada","link":"https:\/\/yuri.com.br\/claudio\/category\/escalada\/"},"img":{"alt_text":"","src":"https:\/\/i0.wp.com\/yuri.com.br\/claudio\/wp-content\/uploads\/2014\/05\/Cruzeiro_Mutirao21.jpg?resize=350%2C200&ssl=1","width":350,"height":200,"srcset":"https:\/\/i0.wp.com\/yuri.com.br\/claudio\/wp-content\/uploads\/2014\/05\/Cruzeiro_Mutirao21.jpg?resize=350%2C200&ssl=1 1x, https:\/\/i0.wp.com\/yuri.com.br\/claudio\/wp-content\/uploads\/2014\/05\/Cruzeiro_Mutirao21.jpg?resize=525%2C300&ssl=1 1.5x, https:\/\/i0.wp.com\/yuri.com.br\/claudio\/wp-content\/uploads\/2014\/05\/Cruzeiro_Mutirao21.jpg?resize=700%2C400&ssl=1 2x"},"classes":[]}],"_links":{"self":[{"href":"https:\/\/yuri.com.br\/claudio\/wp-json\/wp\/v2\/posts\/531","targetHints":{"allow":["GET"]}}],"collection":[{"href":"https:\/\/yuri.com.br\/claudio\/wp-json\/wp\/v2\/posts"}],"about":[{"href":"https:\/\/yuri.com.br\/claudio\/wp-json\/wp\/v2\/types\/post"}],"author":[{"embeddable":true,"href":"https:\/\/yuri.com.br\/claudio\/wp-json\/wp\/v2\/users\/2"}],"replies":[{"embeddable":true,"href":"https:\/\/yuri.com.br\/claudio\/wp-json\/wp\/v2\/comments?post=531"}],"version-history":[{"count":0,"href":"https:\/\/yuri.com.br\/claudio\/wp-json\/wp\/v2\/posts\/531\/revisions"}],"wp:attachment":[{"href":"https:\/\/yuri.com.br\/claudio\/wp-json\/wp\/v2\/media?parent=531"}],"wp:term":[{"taxonomy":"category","embeddable":true,"href":"https:\/\/yuri.com.br\/claudio\/wp-json\/wp\/v2\/categories?post=531"},{"taxonomy":"post_tag","embeddable":true,"href":"https:\/\/yuri.com.br\/claudio\/wp-json\/wp\/v2\/tags?post=531"}],"curies":[{"name":"wp","href":"https:\/\/api.w.org\/{rel}","templated":true}]}}