{"id":5275,"date":"2013-06-09T12:47:46","date_gmt":"2013-06-09T12:47:46","guid":{"rendered":"http:\/\/claudiobr.wordpress.com\/?p=5275"},"modified":"2013-06-09T12:47:46","modified_gmt":"2013-06-09T12:47:46","slug":"patinete-v0-rubinho","status":"publish","type":"post","link":"https:\/\/yuri.com.br\/claudio\/2013\/06\/09\/patinete-v0-rubinho\/","title":{"rendered":"Patinete V0 @ Rubinho"},"content":{"rendered":"<p>A luz estava dura mas por sorte a manga da camiseta serviu de rebatedor: <strong>Mieko<\/strong> busca a borda do &#8220;Patinete&#8221; V0, com Yuri e Goro na seg. E ela n\u00e3o estava de brincadeira, mandou depois de v\u00e1rias tentativas, esta que seria a 2\u00aa cadena do dia. E ainda deu ra\u00e7a em um outro boulder at\u00e9 abrir a tampa de um dedo&#8230; eita fam\u00edlia forte s\u00f4!!<\/p>\n<p><a href=\"http:\/\/claudiobr.wordpress.com\/rock-climbing\/#jp-carousel-5283\" target=\"_blank\"><img loading=\"lazy\" decoding=\"async\" data-attachment-id=\"5276\" data-permalink=\"https:\/\/yuri.com.br\/claudio\/2013\/06\/09\/patinete-v0-rubinho\/rubinho_mieko_patinete\/\" data-orig-file=\"https:\/\/yuri.com.br\/claudio\/wp-content\/uploads\/2013\/06\/rubinho_mieko_patinete.jpg\" data-orig-size=\"500,750\" data-comments-opened=\"1\" data-image-meta=\"{&quot;aperture&quot;:&quot;4.5&quot;,&quot;credit&quot;:&quot;Claudio Brisighello&quot;,&quot;camera&quot;:&quot;Canon EOS 7D&quot;,&quot;caption&quot;:&quot;&quot;,&quot;created_timestamp&quot;:&quot;1370702237&quot;,&quot;copyright&quot;:&quot;&quot;,&quot;focal_length&quot;:&quot;11&quot;,&quot;iso&quot;:&quot;160&quot;,&quot;shutter_speed&quot;:&quot;0.003125&quot;,&quot;title&quot;:&quot;&quot;}\" data-image-title=\"Mieko\" data-image-description=\"\" data-image-caption=\"\" data-medium-file=\"https:\/\/yuri.com.br\/claudio\/wp-content\/uploads\/2013\/06\/rubinho_mieko_patinete-200x300.jpg\" data-large-file=\"https:\/\/yuri.com.br\/claudio\/wp-content\/uploads\/2013\/06\/rubinho_mieko_patinete.jpg\" class=\"aligncenter size-full wp-image-5276\" alt=\"Mieko\" src=\"http:\/\/yuri.com.br\/claudio\/wp-content\/uploads\/2013\/06\/rubinho_mieko_patinete.jpg\" width=\"500\" height=\"750\" srcset=\"https:\/\/yuri.com.br\/claudio\/wp-content\/uploads\/2013\/06\/rubinho_mieko_patinete.jpg 500w, https:\/\/yuri.com.br\/claudio\/wp-content\/uploads\/2013\/06\/rubinho_mieko_patinete-200x300.jpg 200w, https:\/\/yuri.com.br\/claudio\/wp-content\/uploads\/2013\/06\/rubinho_mieko_patinete-210x315.jpg 210w\" sizes=\"auto, (max-width: 500px) 100vw, 500px\" \/><\/a><\/p>\n","protected":false},"excerpt":{"rendered":"<p>A luz estava dura mas por sorte a manga da camiseta serviu de rebatedor: Mieko busca a borda do &#8220;Patinete&#8221; V0, com Yuri e Goro na seg. E ela n\u00e3o estava de brincadeira, mandou depois de v\u00e1rias tentativas, esta que seria a 2\u00aa cadena do dia. E ainda deu ra\u00e7a em um outro boulder at\u00e9&hellip;&nbsp;<a href=\"https:\/\/yuri.com.br\/claudio\/2013\/06\/09\/patinete-v0-rubinho\/\" rel=\"bookmark\">Continue a ler &raquo;<span class=\"screen-reader-text\">Patinete V0 @ Rubinho<\/span><\/a><\/p>\n","protected":false},"author":2,"featured_media":5276,"comment_status":"open","ping_status":"open","sticky":false,"template":"","format":"standard","meta":{"neve_meta_sidebar":"","neve_meta_container":"","neve_meta_enable_content_width":"","neve_meta_content_width":0,"neve_meta_title_alignment":"","neve_meta_author_avatar":"","neve_post_elements_order":"","neve_meta_disable_header":"","neve_meta_disable_footer":"","neve_meta_disable_title":"","jetpack_post_was_ever_published":false,"_jetpack_newsletter_access":"","_jetpack_dont_email_post_to_subs":false,"_jetpack_newsletter_tier_id":0,"_jetpack_memberships_contains_paywalled_content":false,"_jetpack_memberships_contains_paid_content":false,"footnotes":"","jetpack_publicize_message":"","jetpack_publicize_feature_enabled":true,"jetpack_social_post_already_shared":false,"jetpack_social_options":{"image_generator_settings":{"template":"highway","default_image_id":0,"font":"","enabled":false},"version":2}},"categories":[3],"tags":[],"class_list":["post-5275","post","type-post","status-publish","format-standard","has-post-thumbnail","hentry","category-escalada"],"jetpack_publicize_connections":[],"jetpack_featured_media_url":"https:\/\/yuri.com.br\/claudio\/wp-content\/uploads\/2013\/06\/rubinho_mieko_patinete.jpg","jetpack_shortlink":"https:\/\/wp.me\/p4i7cB-1n5","jetpack_sharing_enabled":true,"jetpack-related-posts":[{"id":3058,"url":"https:\/\/yuri.com.br\/claudio\/2011\/09\/07\/e-da-lhe-boulder\/","url_meta":{"origin":5275,"position":0},"title":"E d\u00e1-lhe boulder&#8230;","author":"claudio","date":"7\/set\/2011","format":false,"excerpt":"Os trampos no setor novo continuam e dezenas de linhas est\u00e3o abertas, do V0 ao V-Hard, de verticais a tet\u00f5es, sem falar de um \u00e1rduo trabalho nas bases que mudou meu conceito, visando a seguran\u00e7a. E pensar que uma simples enxadada dessas poderia ter evitado os 4 parafusos que ganhei\u2026","rel":"","context":"Em &quot;Escalada&quot;","block_context":{"text":"Escalada","link":"https:\/\/yuri.com.br\/claudio\/category\/escalada\/"},"img":{"alt_text":"","src":"https:\/\/i0.wp.com\/yuri.com.br\/claudio\/wp-content\/uploads\/2011\/09\/sumbaboulder_paulinha_small.jpg?resize=350%2C200&ssl=1","width":350,"height":200,"srcset":"https:\/\/i0.wp.com\/yuri.com.br\/claudio\/wp-content\/uploads\/2011\/09\/sumbaboulder_paulinha_small.jpg?resize=350%2C200&ssl=1 1x, https:\/\/i0.wp.com\/yuri.com.br\/claudio\/wp-content\/uploads\/2011\/09\/sumbaboulder_paulinha_small.jpg?resize=525%2C300&ssl=1 1.5x, https:\/\/i0.wp.com\/yuri.com.br\/claudio\/wp-content\/uploads\/2011\/09\/sumbaboulder_paulinha_small.jpg?resize=700%2C400&ssl=1 2x"},"classes":[]},{"id":251,"url":"https:\/\/yuri.com.br\/claudio\/2008\/10\/30\/back-home\/","url_meta":{"origin":5275,"position":1},"title":"Back home","author":"claudio","date":"30\/out\/2008","format":false,"excerpt":"Aos poucos, pretendo compartilhar algumas lembran\u00e7as que talvez sirvam de utilidade p\u00fablica, antes que as mem\u00f3rias esfriem. Por enquanto, vou aproveitar o que me resta de f\u00e9rias! ;-)","rel":"","context":"Em &quot;Escalada&quot;","block_context":{"text":"Escalada","link":"https:\/\/yuri.com.br\/claudio\/category\/escalada\/"},"img":{"alt_text":"","src":"","width":0,"height":0},"classes":[]},{"id":7864,"url":"https:\/\/yuri.com.br\/claudio\/2014\/06\/30\/video-cruzeiro-ep-1\/","url_meta":{"origin":5275,"position":2},"title":"V\u00eddeo: Cruzeiro Ep.1","author":"Cl\u00e1udio Brisighello","date":"30\/jun\/2014","format":false,"excerpt":"Pra motivar o in\u00edcio deste t\u00e3o esperado inverno, aguardem por uma sequ\u00eancia de videozinhos do setor Cruzeiro! Aqui vai a primeira amostra com o \"epis\u00f3dio 1\" da s\u00e9rie, aumentem o volume... Pra quem n\u00e3o viu, n\u00e3o deixem de conferir uns betas importantes no blog do SumbaBoulder. Outra dica, que vale\u2026","rel":"","context":"Em &quot;Escalada&quot;","block_context":{"text":"Escalada","link":"https:\/\/yuri.com.br\/claudio\/category\/escalada\/"},"img":{"alt_text":"Vimeo","src":"https:\/\/i0.wp.com\/yuri.com.br\/claudio\/wp-content\/uploads\/2014\/06\/Vimeo1.jpg?resize=350%2C200","width":350,"height":200,"srcset":"https:\/\/i0.wp.com\/yuri.com.br\/claudio\/wp-content\/uploads\/2014\/06\/Vimeo1.jpg?resize=350%2C200 1x, https:\/\/i0.wp.com\/yuri.com.br\/claudio\/wp-content\/uploads\/2014\/06\/Vimeo1.jpg?resize=525%2C300 1.5x, https:\/\/i0.wp.com\/yuri.com.br\/claudio\/wp-content\/uploads\/2014\/06\/Vimeo1.jpg?resize=700%2C400 2x"},"classes":[]},{"id":233,"url":"https:\/\/yuri.com.br\/claudio\/2008\/09\/23\/grajau\/","url_meta":{"origin":5275,"position":3},"title":"Graja\u00fa","author":"claudio","date":"23\/set\/2008","format":false,"excerpt":"Conversando com um amigo escoc\u00eas que atualmente mora aqui no RJ, ouvi uma opini\u00e3o que pode surpreender os c\u00e9ticos: se pegarmos um setor de boulders l\u00e1 da Reserva Florestal do Graja\u00fa, localizada na zona norte do Rio, \u00e9 compar\u00e1vel a um setor de Fontainebleau como Bas Cuvier. \u00c9 isso a\u00ed\u2026","rel":"","context":"Em &quot;Escalada&quot;","block_context":{"text":"Escalada","link":"https:\/\/yuri.com.br\/claudio\/category\/escalada\/"},"img":{"alt_text":"","src":"https:\/\/i0.wp.com\/farm4.static.flickr.com\/3222\/2873891868_dbb013d1a6_d.jpg?resize=350%2C200","width":350,"height":200},"classes":[]},{"id":899,"url":"https:\/\/yuri.com.br\/claudio\/2009\/07\/20\/ouro-boulder-2009\/","url_meta":{"origin":5275,"position":4},"title":"Ouro Boulder 2009","author":"claudio","date":"20\/jul\/2009","format":false,"excerpt":"Ainda n\u00e3o conhecia Ouro Preto, ent\u00e3o tinha em m\u00e3os a oportunidade \u00fanica do desconhecido, tipo de experi\u00eancia compar\u00e1vel com a exclusividade da escalada \u00e0 vista, aquela chance \u00fanica de se expor \u00e0s \"vias\" espont\u00e3neas, e botar a vida pra reagir sem ensaio pr\u00e9vio. Sendo um pouco mais objetivo: Ouro Preto\u2026","rel":"","context":"Em &quot;Escalada&quot;","block_context":{"text":"Escalada","link":"https:\/\/yuri.com.br\/claudio\/category\/escalada\/"},"img":{"alt_text":"","src":"https:\/\/i0.wp.com\/yuri.com.br\/claudio\/wp-content\/uploads\/2009\/07\/ouropreto_docedeleite_yuri.jpg?resize=350%2C200&ssl=1","width":350,"height":200,"srcset":"https:\/\/i0.wp.com\/yuri.com.br\/claudio\/wp-content\/uploads\/2009\/07\/ouropreto_docedeleite_yuri.jpg?resize=350%2C200&ssl=1 1x, https:\/\/i0.wp.com\/yuri.com.br\/claudio\/wp-content\/uploads\/2009\/07\/ouropreto_docedeleite_yuri.jpg?resize=525%2C300&ssl=1 1.5x, https:\/\/i0.wp.com\/yuri.com.br\/claudio\/wp-content\/uploads\/2009\/07\/ouropreto_docedeleite_yuri.jpg?resize=700%2C400&ssl=1 2x"},"classes":[]},{"id":313,"url":"https:\/\/yuri.com.br\/claudio\/2008\/12\/03\/bazar-de-natal-da-limite-vertical-2008\/","url_meta":{"origin":5275,"position":5},"title":"Bazar de Natal da Limite Vertical 2008","author":"claudio","date":"3\/dez\/2008","format":false,"excerpt":"Divulgando: ps: o v\u00eddeo, os boulders e a discotecagem do dia ser\u00e3o por minha conta! (gde m**rda, mas COMPARE\u00c7AM!!! :-)) A Limite Vertical tem o prazer de apresentar o seu 1o. Bazar de Natal! Se voc\u00ea precisa comprar presentes para os amigos escaladores (e n\u00e3o escaladores tamb\u00e9m!), esta \u00e9 a\u2026","rel":"","context":"Em &quot;Escalada&quot;","block_context":{"text":"Escalada","link":"https:\/\/yuri.com.br\/claudio\/category\/escalada\/"},"img":{"alt_text":"","src":"https:\/\/i0.wp.com\/yuri.com.br\/claudio\/wp-content\/uploads\/2008\/12\/bazar_internet.jpg?resize=350%2C200&ssl=1","width":350,"height":200,"srcset":"https:\/\/i0.wp.com\/yuri.com.br\/claudio\/wp-content\/uploads\/2008\/12\/bazar_internet.jpg?resize=350%2C200&ssl=1 1x, https:\/\/i0.wp.com\/yuri.com.br\/claudio\/wp-content\/uploads\/2008\/12\/bazar_internet.jpg?resize=525%2C300&ssl=1 1.5x, https:\/\/i0.wp.com\/yuri.com.br\/claudio\/wp-content\/uploads\/2008\/12\/bazar_internet.jpg?resize=700%2C400&ssl=1 2x"},"classes":[]}],"_links":{"self":[{"href":"https:\/\/yuri.com.br\/claudio\/wp-json\/wp\/v2\/posts\/5275","targetHints":{"allow":["GET"]}}],"collection":[{"href":"https:\/\/yuri.com.br\/claudio\/wp-json\/wp\/v2\/posts"}],"about":[{"href":"https:\/\/yuri.com.br\/claudio\/wp-json\/wp\/v2\/types\/post"}],"author":[{"embeddable":true,"href":"https:\/\/yuri.com.br\/claudio\/wp-json\/wp\/v2\/users\/2"}],"replies":[{"embeddable":true,"href":"https:\/\/yuri.com.br\/claudio\/wp-json\/wp\/v2\/comments?post=5275"}],"version-history":[{"count":0,"href":"https:\/\/yuri.com.br\/claudio\/wp-json\/wp\/v2\/posts\/5275\/revisions"}],"wp:featuredmedia":[{"embeddable":true,"href":"https:\/\/yuri.com.br\/claudio\/wp-json\/wp\/v2\/media\/5276"}],"wp:attachment":[{"href":"https:\/\/yuri.com.br\/claudio\/wp-json\/wp\/v2\/media?parent=5275"}],"wp:term":[{"taxonomy":"category","embeddable":true,"href":"https:\/\/yuri.com.br\/claudio\/wp-json\/wp\/v2\/categories?post=5275"},{"taxonomy":"post_tag","embeddable":true,"href":"https:\/\/yuri.com.br\/claudio\/wp-json\/wp\/v2\/tags?post=5275"}],"curies":[{"name":"wp","href":"https:\/\/api.w.org\/{rel}","templated":true}]}}