{"id":5255,"date":"2013-06-04T12:04:52","date_gmt":"2013-06-04T12:04:52","guid":{"rendered":"http:\/\/claudiobr.wordpress.com\/?p=5255"},"modified":"2013-06-04T12:04:52","modified_gmt":"2013-06-04T12:04:52","slug":"pra-variar","status":"publish","type":"post","link":"https:\/\/yuri.com.br\/claudio\/2013\/06\/04\/pra-variar\/","title":{"rendered":"Pra variar&#8230;"},"content":{"rendered":"<p>Mais fotos do setor Rubinho: Edu Belis\u00e1rio mandando o cl\u00e1ssico Buracos (V4? Depende da sua estatura!), foto tirada no topo do projeto Medusa, com o bloco do Rollerblade acima e a galera sentada no bloco do Fontainebinho. D\u00e1 pra ter uma no\u00e7\u00e3o da proximidade entre os boulders.<\/p>\n<p><a href=\"http:\/\/claudiobr.wordpress.com\/rock-climbing\/#jp-carousel-5266\" target=\"_blank\"><img loading=\"lazy\" decoding=\"async\" data-attachment-id=\"5266\" data-permalink=\"https:\/\/yuri.com.br\/claudio\/2013\/06\/04\/pra-variar\/rubinho_edubelisario_buracos-2\/\" data-orig-file=\"https:\/\/yuri.com.br\/claudio\/wp-content\/uploads\/2013\/06\/rubinho_edubelisario_buracos1.jpg\" data-orig-size=\"500,750\" data-comments-opened=\"1\" data-image-meta=\"{&quot;aperture&quot;:&quot;3.2&quot;,&quot;credit&quot;:&quot;Claudio Brisighello&quot;,&quot;camera&quot;:&quot;Canon EOS 7D&quot;,&quot;caption&quot;:&quot;&quot;,&quot;created_timestamp&quot;:&quot;1370181030&quot;,&quot;copyright&quot;:&quot;&quot;,&quot;focal_length&quot;:&quot;11&quot;,&quot;iso&quot;:&quot;640&quot;,&quot;shutter_speed&quot;:&quot;0.003125&quot;,&quot;title&quot;:&quot;&quot;}\" data-image-title=\"Edu Belis\u00e1rio @ Buracos V4 (Rubinho)\" data-image-description=\"\" data-image-caption=\"&lt;p&gt;Edu Belis\u00e1rio @ Buracos V4 (Rubinho)&lt;\/p&gt;\n\" data-medium-file=\"https:\/\/yuri.com.br\/claudio\/wp-content\/uploads\/2013\/06\/rubinho_edubelisario_buracos1-200x300.jpg\" data-large-file=\"https:\/\/yuri.com.br\/claudio\/wp-content\/uploads\/2013\/06\/rubinho_edubelisario_buracos1.jpg\" class=\"aligncenter size-full wp-image-5266\" alt=\"Edu Belis\u00e1rio @ Buracos V4 (Rubinho)\" src=\"http:\/\/yuri.com.br\/claudio\/wp-content\/uploads\/2013\/06\/rubinho_edubelisario_buracos1.jpg\" width=\"500\" height=\"750\" srcset=\"https:\/\/yuri.com.br\/claudio\/wp-content\/uploads\/2013\/06\/rubinho_edubelisario_buracos1.jpg 500w, https:\/\/yuri.com.br\/claudio\/wp-content\/uploads\/2013\/06\/rubinho_edubelisario_buracos1-200x300.jpg 200w, https:\/\/yuri.com.br\/claudio\/wp-content\/uploads\/2013\/06\/rubinho_edubelisario_buracos1-210x315.jpg 210w\" sizes=\"auto, (max-width: 500px) 100vw, 500px\" \/><\/a><\/p>\n<p>Camila Ferreira mandando o Tapinha nas Costas V3 com a Yuri na seg. Mesmo bloco desta <a href=\"http:\/\/claudiobr.wordpress.com\/2013\/05\/15\/boulder-session\/\" target=\"_blank\">outra foto<\/a>. E aqui temos um bom exemplo de como a cor que o escalador veste pode impactar completamente uma composi\u00e7\u00e3o&#8230;<\/p>\n<p style=\"text-align:left;\"><a href=\"http:\/\/claudiobr.wordpress.com\/rock-climbing\/#jp-carousel-5270\" target=\"_blank\"><img loading=\"lazy\" decoding=\"async\" data-attachment-id=\"5270\" data-permalink=\"https:\/\/yuri.com.br\/claudio\/2013\/06\/04\/pra-variar\/rubinho_camila_tapinha-2\/\" data-orig-file=\"https:\/\/yuri.com.br\/claudio\/wp-content\/uploads\/2013\/06\/rubinho_camila_tapinha1.jpg\" data-orig-size=\"1200,707\" data-comments-opened=\"1\" data-image-meta=\"{&quot;aperture&quot;:&quot;3.5&quot;,&quot;credit&quot;:&quot;Claudio Brisighello&quot;,&quot;camera&quot;:&quot;Canon EOS 7D&quot;,&quot;caption&quot;:&quot;&quot;,&quot;created_timestamp&quot;:&quot;1370182487&quot;,&quot;copyright&quot;:&quot;&quot;,&quot;focal_length&quot;:&quot;11&quot;,&quot;iso&quot;:&quot;160&quot;,&quot;shutter_speed&quot;:&quot;0.003125&quot;,&quot;title&quot;:&quot;&quot;}\" data-image-title=\"Camila @ Tapinha nas Costas V3 (Rubinho)\" data-image-description=\"\" data-image-caption=\"&lt;p&gt;Camila @ Tapinha nas Costas V3 (Rubinho)&lt;\/p&gt;\n\" data-medium-file=\"https:\/\/yuri.com.br\/claudio\/wp-content\/uploads\/2013\/06\/rubinho_camila_tapinha1-300x176.jpg\" data-large-file=\"https:\/\/yuri.com.br\/claudio\/wp-content\/uploads\/2013\/06\/rubinho_camila_tapinha1-1024x603.jpg\" class=\"aligncenter size-full wp-image-5270\" alt=\"Camila @ Tapinha nas Costas V3 (Rubinho)\" src=\"http:\/\/yuri.com.br\/claudio\/wp-content\/uploads\/2013\/06\/rubinho_camila_tapinha1.jpg\" width=\"720\" height=\"424\" srcset=\"https:\/\/yuri.com.br\/claudio\/wp-content\/uploads\/2013\/06\/rubinho_camila_tapinha1.jpg 1200w, https:\/\/yuri.com.br\/claudio\/wp-content\/uploads\/2013\/06\/rubinho_camila_tapinha1-300x176.jpg 300w, https:\/\/yuri.com.br\/claudio\/wp-content\/uploads\/2013\/06\/rubinho_camila_tapinha1-1024x603.jpg 1024w, https:\/\/yuri.com.br\/claudio\/wp-content\/uploads\/2013\/06\/rubinho_camila_tapinha1-210x123.jpg 210w\" sizes=\"auto, (max-width: 720px) 100vw, 720px\" \/><\/a><\/p>\n<p style=\"text-align:left;\">Lembrem-se de clicar nas imagens para ampli\u00e1-las sob fundo preto!<\/p>\n","protected":false},"excerpt":{"rendered":"<p>Mais fotos do setor Rubinho: Edu Belis\u00e1rio mandando o cl\u00e1ssico Buracos (V4? Depende da sua estatura!), foto tirada no topo do projeto Medusa, com o bloco do Rollerblade acima e a galera sentada no bloco do Fontainebinho. D\u00e1 pra ter uma no\u00e7\u00e3o da proximidade entre os boulders. Camila Ferreira mandando o Tapinha nas Costas V3&hellip;&nbsp;<a href=\"https:\/\/yuri.com.br\/claudio\/2013\/06\/04\/pra-variar\/\" rel=\"bookmark\">Continue a ler &raquo;<span class=\"screen-reader-text\">Pra variar&#8230;<\/span><\/a><\/p>\n","protected":false},"author":2,"featured_media":5256,"comment_status":"open","ping_status":"open","sticky":false,"template":"","format":"standard","meta":{"neve_meta_sidebar":"","neve_meta_container":"","neve_meta_enable_content_width":"","neve_meta_content_width":0,"neve_meta_title_alignment":"","neve_meta_author_avatar":"","neve_post_elements_order":"","neve_meta_disable_header":"","neve_meta_disable_footer":"","neve_meta_disable_title":"","jetpack_post_was_ever_published":false,"_jetpack_newsletter_access":"","_jetpack_dont_email_post_to_subs":false,"_jetpack_newsletter_tier_id":0,"_jetpack_memberships_contains_paywalled_content":false,"_jetpack_memberships_contains_paid_content":false,"footnotes":"","jetpack_publicize_message":"","jetpack_publicize_feature_enabled":true,"jetpack_social_post_already_shared":false,"jetpack_social_options":{"image_generator_settings":{"template":"highway","default_image_id":0,"font":"","enabled":false},"version":2}},"categories":[3],"tags":[],"class_list":["post-5255","post","type-post","status-publish","format-standard","has-post-thumbnail","hentry","category-escalada"],"jetpack_publicize_connections":[],"jetpack_featured_media_url":"https:\/\/yuri.com.br\/claudio\/wp-content\/uploads\/2013\/06\/rubinho_edubelisario_buracos.jpg","jetpack_shortlink":"https:\/\/wp.me\/p4i7cB-1mL","jetpack_sharing_enabled":true,"jetpack-related-posts":[{"id":8023,"url":"https:\/\/yuri.com.br\/claudio\/2014\/07\/21\/rubinho-2014\/","url_meta":{"origin":5255,"position":0},"title":"Rubinho 2014","author":"Cl\u00e1udio Brisighello","date":"21\/jul\/2014","format":false,"excerpt":"Abaixo, Facu - esta jovem M\u00c1QUINA de escalar - d\u00e1 um pega no Medusa em pleno meio-dia, com os dedos literalmente sangrando. Como era seu \"50\u00ba\" dia seguido de escalada non-stop, ficou pra pr\u00f3xima, \"s\u00f3\" deu pra mandar o Arqueiro Zen flash. Esse a\u00ed atropela o que tiver pela frente...\u2026","rel":"","context":"Em &quot;Escalada&quot;","block_context":{"text":"Escalada","link":"https:\/\/yuri.com.br\/claudio\/category\/escalada\/"},"img":{"alt_text":"","src":"https:\/\/i0.wp.com\/yuri.com.br\/claudio\/wp-content\/uploads\/2014\/07\/croqui.jpg?resize=350%2C200&ssl=1","width":350,"height":200,"srcset":"https:\/\/i0.wp.com\/yuri.com.br\/claudio\/wp-content\/uploads\/2014\/07\/croqui.jpg?resize=350%2C200&ssl=1 1x, https:\/\/i0.wp.com\/yuri.com.br\/claudio\/wp-content\/uploads\/2014\/07\/croqui.jpg?resize=525%2C300&ssl=1 1.5x"},"classes":[]},{"id":5888,"url":"https:\/\/yuri.com.br\/claudio\/2013\/10\/16\/bbloc-on-the-rock\/","url_meta":{"origin":5255,"position":1},"title":"BBLOC on the ROCK","author":"claudio","date":"16\/out\/2013","format":false,"excerpt":"Essa semana fui com o \"bonde do BBLOC\" curtir mais uma das sa\u00eddas pra rocha que o Bel\u00ea vem realizando com essa galerinha local, que j\u00e1 vem mostrando n\u00edtida evolu\u00e7\u00e3o! O setor da vez foi o Rubinho, que cumpre bem essa fun\u00e7\u00e3o de campo-escola. Com a gra\u00e7a de S\u00e3o Pedro,\u2026","rel":"","context":"Em &quot;Escalada&quot;","block_context":{"text":"Escalada","link":"https:\/\/yuri.com.br\/claudio\/category\/escalada\/"},"img":{"alt_text":"","src":"https:\/\/i0.wp.com\/yuri.com.br\/claudio\/wp-content\/uploads\/2013\/10\/rubinho_bbloc1.jpg?resize=350%2C200&ssl=1","width":350,"height":200,"srcset":"https:\/\/i0.wp.com\/yuri.com.br\/claudio\/wp-content\/uploads\/2013\/10\/rubinho_bbloc1.jpg?resize=350%2C200&ssl=1 1x, https:\/\/i0.wp.com\/yuri.com.br\/claudio\/wp-content\/uploads\/2013\/10\/rubinho_bbloc1.jpg?resize=525%2C300&ssl=1 1.5x, https:\/\/i0.wp.com\/yuri.com.br\/claudio\/wp-content\/uploads\/2013\/10\/rubinho_bbloc1.jpg?resize=700%2C400&ssl=1 2x"},"classes":[]},{"id":8228,"url":"https:\/\/yuri.com.br\/claudio\/2014\/09\/03\/enquanto-isso-no-cruzeiro\/","url_meta":{"origin":5255,"position":2},"title":"Enquanto isso no Cruzeiro&#8230;","author":"Cl\u00e1udio Brisighello","date":"3\/set\/2014","format":false,"excerpt":"Thais Makino experimenta o rec\u00e9m-sa\u00eddo do forno Quati Vai Te Catar (QUATIVAITICAT\u00c1!), prov\u00e1vel V7 no setor superior do Cruzeiro. L\u00e1 pra cima tem muito trabalho pela frente! Estava bem escuro para fotos, tive que abusar no p\u00f3s-processamento... Este bloco de 45 graus, ao lado do j\u00e1 bastante conhecido Tutubar\u00e3o (V4\u2026","rel":"","context":"Em &quot;Escalada&quot;","block_context":{"text":"Escalada","link":"https:\/\/yuri.com.br\/claudio\/category\/escalada\/"},"img":{"alt_text":"","src":"https:\/\/i0.wp.com\/yuri.com.br\/claudio\/wp-content\/uploads\/2014\/09\/Cruzeiro_Borre_FaberCastell.jpg?resize=350%2C200&ssl=1","width":350,"height":200,"srcset":"https:\/\/i0.wp.com\/yuri.com.br\/claudio\/wp-content\/uploads\/2014\/09\/Cruzeiro_Borre_FaberCastell.jpg?resize=350%2C200&ssl=1 1x, https:\/\/i0.wp.com\/yuri.com.br\/claudio\/wp-content\/uploads\/2014\/09\/Cruzeiro_Borre_FaberCastell.jpg?resize=525%2C300&ssl=1 1.5x, https:\/\/i0.wp.com\/yuri.com.br\/claudio\/wp-content\/uploads\/2014\/09\/Cruzeiro_Borre_FaberCastell.jpg?resize=700%2C400&ssl=1 2x, https:\/\/i0.wp.com\/yuri.com.br\/claudio\/wp-content\/uploads\/2014\/09\/Cruzeiro_Borre_FaberCastell.jpg?resize=1050%2C600&ssl=1 3x"},"classes":[]},{"id":5756,"url":"https:\/\/yuri.com.br\/claudio\/2013\/09\/09\/video-medusa-rubinho\/","url_meta":{"origin":5255,"position":3},"title":"V\u00eddeo: Medusa @ Rubinho","author":"claudio","date":"9\/set\/2013","format":false,"excerpt":"T\u00e1 no ar o v\u00eddeo do Medusa. Podemos dizer que \u00e9 apenas mais um videozinho de escalada, com tentativas sofridas, cadenas alucinantes, sonzeiras, alguns closes, comemora\u00e7\u00f5es, enfim... nada al\u00e9m do que vc j\u00e1 est\u00e1 cansado de ver por a\u00ed afora. Exceto que se trata de um dos boulders \"world class\"\u2026","rel":"","context":"Em &quot;Escalada&quot;","block_context":{"text":"Escalada","link":"https:\/\/yuri.com.br\/claudio\/category\/escalada\/"},"img":{"alt_text":"","src":"","width":0,"height":0},"classes":[]},{"id":1367,"url":"https:\/\/yuri.com.br\/claudio\/2010\/01\/04\/taquaril\/","url_meta":{"origin":5255,"position":4},"title":"Taquaril","author":"claudio","date":"4\/jan\/2010","format":false,"excerpt":"2009 terminou naquele esquema: trabalhei at\u00e9 as 7 da noite em plena v\u00e9spera de ano novo, e sa\u00ed correndo em busca da liberdade. At\u00e9 a\u00ed nenhuma novidade, n\u00e3o fosse o destino novo para mim - Taquaril - que fica um pouco depois de Petr\u00f3polis\/RJ, ou seja, pertinho e ideal para\u2026","rel":"","context":"Em &quot;Escalada&quot;","block_context":{"text":"Escalada","link":"https:\/\/yuri.com.br\/claudio\/category\/escalada\/"},"img":{"alt_text":"","src":"https:\/\/i0.wp.com\/yuri.com.br\/claudio\/wp-content\/uploads\/2010\/01\/taquaril_gentileza_byalice.jpg?resize=350%2C200&ssl=1","width":350,"height":200,"srcset":"https:\/\/i0.wp.com\/yuri.com.br\/claudio\/wp-content\/uploads\/2010\/01\/taquaril_gentileza_byalice.jpg?resize=350%2C200&ssl=1 1x, https:\/\/i0.wp.com\/yuri.com.br\/claudio\/wp-content\/uploads\/2010\/01\/taquaril_gentileza_byalice.jpg?resize=525%2C300&ssl=1 1.5x, https:\/\/i0.wp.com\/yuri.com.br\/claudio\/wp-content\/uploads\/2010\/01\/taquaril_gentileza_byalice.jpg?resize=700%2C400&ssl=1 2x"},"classes":[]},{"id":5692,"url":"https:\/\/yuri.com.br\/claudio\/2013\/09\/03\/medusa-capitulo-final\/","url_meta":{"origin":5255,"position":5},"title":"Medusa &#8211; cap\u00edtulo final","author":"claudio","date":"3\/set\/2013","format":false,"excerpt":"Neste \u00faltimo s\u00e1bado, fui excepcionalmente ao Rubinho desencanado do Medusa. O sol quente, a noite muito mal dormida e o \"fardo\" que o titiu Bel\u00ea tirou das minhas costas, me libertaram para curtir f\u00e9rias do projeto e escalar de tudo, for fun e a muerte. E aqui come\u00e7a a \"li\u00e7\u00e3o\u2026","rel":"","context":"Em &quot;Escalada&quot;","block_context":{"text":"Escalada","link":"https:\/\/yuri.com.br\/claudio\/category\/escalada\/"},"img":{"alt_text":"Golpe Baixo","src":"https:\/\/i0.wp.com\/farm4.staticflickr.com\/3742\/9657396537_dcc318383a.jpg?resize=350%2C200","width":350,"height":200},"classes":[]}],"_links":{"self":[{"href":"https:\/\/yuri.com.br\/claudio\/wp-json\/wp\/v2\/posts\/5255","targetHints":{"allow":["GET"]}}],"collection":[{"href":"https:\/\/yuri.com.br\/claudio\/wp-json\/wp\/v2\/posts"}],"about":[{"href":"https:\/\/yuri.com.br\/claudio\/wp-json\/wp\/v2\/types\/post"}],"author":[{"embeddable":true,"href":"https:\/\/yuri.com.br\/claudio\/wp-json\/wp\/v2\/users\/2"}],"replies":[{"embeddable":true,"href":"https:\/\/yuri.com.br\/claudio\/wp-json\/wp\/v2\/comments?post=5255"}],"version-history":[{"count":0,"href":"https:\/\/yuri.com.br\/claudio\/wp-json\/wp\/v2\/posts\/5255\/revisions"}],"wp:featuredmedia":[{"embeddable":true,"href":"https:\/\/yuri.com.br\/claudio\/wp-json\/wp\/v2\/media\/5256"}],"wp:attachment":[{"href":"https:\/\/yuri.com.br\/claudio\/wp-json\/wp\/v2\/media?parent=5255"}],"wp:term":[{"taxonomy":"category","embeddable":true,"href":"https:\/\/yuri.com.br\/claudio\/wp-json\/wp\/v2\/categories?post=5255"},{"taxonomy":"post_tag","embeddable":true,"href":"https:\/\/yuri.com.br\/claudio\/wp-json\/wp\/v2\/tags?post=5255"}],"curies":[{"name":"wp","href":"https:\/\/api.w.org\/{rel}","templated":true}]}}