{"id":5217,"date":"2013-06-03T01:30:57","date_gmt":"2013-06-03T01:30:57","guid":{"rendered":"http:\/\/claudiobr.wordpress.com\/?p=5217"},"modified":"2013-06-03T01:30:57","modified_gmt":"2013-06-03T01:30:57","slug":"arqueiro-zen-rubinho","status":"publish","type":"post","link":"https:\/\/yuri.com.br\/claudio\/2013\/06\/03\/arqueiro-zen-rubinho\/","title":{"rendered":"Arqueiro Zen @ Rubinho"},"content":{"rendered":"<p style=\"text-align:left;\">Uns anos atr\u00e1s, recebi de presente do Taka um <a href=\"http:\/\/en.wikipedia.org\/wiki\/Zen_in_the_Art_of_Archery\" target=\"_blank\">livro<\/a> que relaciona arco e flecha com filosofia zen, a grosso modo, sob a premissa de um conte\u00fado valioso pra dar um upgrade na minha escalada. Confesso que fiquei bastante confuso ao me deparar com uma aus\u00eancia total de dicas concretas de treinamento, mas sim uma abstra\u00e7\u00e3o filos\u00f3fica que prega:<\/p>\n<p style=\"text-align:center;\"><em>&#8220;A arte genu\u00edna n\u00e3o conhece nem fim nem inten\u00e7\u00e3o&#8221;<strong><br \/>\n<\/strong><\/em><\/p>\n<p><img loading=\"lazy\" decoding=\"async\" data-attachment-id=\"5224\" data-permalink=\"https:\/\/yuri.com.br\/claudio\/2013\/06\/03\/arqueiro-zen-rubinho\/arqueiro-2\/\" data-orig-file=\"https:\/\/yuri.com.br\/claudio\/wp-content\/uploads\/2013\/06\/arqueiro.gif\" data-orig-size=\"150,203\" data-comments-opened=\"1\" data-image-meta=\"{&quot;aperture&quot;:&quot;0&quot;,&quot;credit&quot;:&quot;&quot;,&quot;camera&quot;:&quot;&quot;,&quot;caption&quot;:&quot;&quot;,&quot;created_timestamp&quot;:&quot;0&quot;,&quot;copyright&quot;:&quot;&quot;,&quot;focal_length&quot;:&quot;0&quot;,&quot;iso&quot;:&quot;0&quot;,&quot;shutter_speed&quot;:&quot;0&quot;,&quot;title&quot;:&quot;&quot;}\" data-image-title=\"Mestre Zen\" data-image-description=\"\" data-image-caption=\"\" data-medium-file=\"https:\/\/yuri.com.br\/claudio\/wp-content\/uploads\/2013\/06\/arqueiro.gif\" data-large-file=\"https:\/\/yuri.com.br\/claudio\/wp-content\/uploads\/2013\/06\/arqueiro.gif\" class=\"size-full wp-image-5224 alignright\" alt=\"Mestre Zen\" src=\"http:\/\/yuri.com.br\/claudio\/wp-content\/uploads\/2013\/06\/arqueiro.gif\" width=\"164\" height=\"224\" \/>Como assim, escalar sem pensar na cadena? Realizar um movimento dif\u00edcil sem desej\u00e1-lo, mesmo que em contrapartida, cada movimento seja uma quest\u00e3o de vida ou morte? Que papo \u00e9 esse de espiritualizar a t\u00e9cnica? S\u00e3o quest\u00f5es dif\u00edceis de se resolver com meu pensamento ocidental, que jamais atingir\u00e1 este n\u00edvel de desprendimento onde sequer existe o m\u00e9rito pr\u00f3prio, a busca pelo sucesso ou o desejo de n\u00e3o fracassar. Mas uma coisa todos certamente j\u00e1 sentiram: esse estado de n\u00e3o-consci\u00eancia durante uma cadena, uma dimens\u00e3o onde n\u00e3o existe o ch\u00e3o, a gravidade, a dor, apenas uma extraordin\u00e1ria presen\u00e7a de esp\u00edrito em cada fra\u00e7\u00e3o de segundo que passa. \u00c9 um momento raro que acredito ser poss\u00edvel somente quando nos expomos verdadeiramente aos nossos limites pessoais.<\/p>\n<p>Todo esse lenga-lenga \u00e9 para justificar o nome do \u00faltimo projeto liberado no Rubinho: <strong>Arqueiro Zen<\/strong>. Diferente do ano passado, nesta temporada a miss\u00e3o era &#8220;dar a cara pra bater&#8221; (leia-se: procurar as mais perfeitas, raras e duras linhas dessa incr\u00edvel Mantiqueira!). Miss\u00e3o quase abortada por polias estouradas, mas felizmente tenho conseguido administrar minha escalada com 50% da m\u00e3o esquerda, compensando com 150% de motiva\u00e7\u00e3o. Portanto, \u00e9 uma retomada especial para mim, considerando as atuais circunst\u00e2ncias.<\/p>\n<p><img loading=\"lazy\" decoding=\"async\" data-attachment-id=\"5219\" data-permalink=\"https:\/\/yuri.com.br\/claudio\/2013\/06\/03\/arqueiro-zen-rubinho\/rubinho_arqueirozen_claudio_fa\/\" data-orig-file=\"https:\/\/yuri.com.br\/claudio\/wp-content\/uploads\/2013\/06\/rubinho_arqueirozen_claudio_fa.jpg\" data-orig-size=\"700,700\" data-comments-opened=\"1\" data-image-meta=\"{&quot;aperture&quot;:&quot;0&quot;,&quot;credit&quot;:&quot;&quot;,&quot;camera&quot;:&quot;&quot;,&quot;caption&quot;:&quot;&quot;,&quot;created_timestamp&quot;:&quot;0&quot;,&quot;copyright&quot;:&quot;&quot;,&quot;focal_length&quot;:&quot;0&quot;,&quot;iso&quot;:&quot;0&quot;,&quot;shutter_speed&quot;:&quot;0&quot;,&quot;title&quot;:&quot;&quot;}\" data-image-title=\"Arqueiro Zen (V11?)\" data-image-description=\"\" data-image-caption=\"\" data-medium-file=\"https:\/\/yuri.com.br\/claudio\/wp-content\/uploads\/2013\/06\/rubinho_arqueirozen_claudio_fa-300x300.jpg\" data-large-file=\"https:\/\/yuri.com.br\/claudio\/wp-content\/uploads\/2013\/06\/rubinho_arqueirozen_claudio_fa.jpg\" class=\"size-full wp-image-5219 aligncenter\" alt=\"Arqueiro Zen (V11?)\" src=\"http:\/\/yuri.com.br\/claudio\/wp-content\/uploads\/2013\/06\/rubinho_arqueirozen_claudio_fa.jpg\" width=\"700\" height=\"700\" srcset=\"https:\/\/yuri.com.br\/claudio\/wp-content\/uploads\/2013\/06\/rubinho_arqueirozen_claudio_fa.jpg 700w, https:\/\/yuri.com.br\/claudio\/wp-content\/uploads\/2013\/06\/rubinho_arqueirozen_claudio_fa-150x150.jpg 150w, https:\/\/yuri.com.br\/claudio\/wp-content\/uploads\/2013\/06\/rubinho_arqueirozen_claudio_fa-300x300.jpg 300w, https:\/\/yuri.com.br\/claudio\/wp-content\/uploads\/2013\/06\/rubinho_arqueirozen_claudio_fa-210x210.jpg 210w\" sizes=\"auto, (max-width: 700px) 100vw, 700px\" \/><\/p>\n<p>Excepcionalmente desta vez ganhei fotos minhas escalando (gra\u00e7as \u00e0 fot\u00f3grafa Yuri :-) e os quadros acima ilustram do 3\u00ba movimento ao 1\u00ba crux. Depois disso ainda tem um din\u00e2mico alucinante. Gostei do cen\u00e1rio retratado, com a galera ilustre dando a <em>vibe<\/em>, o local \u00e9 bem bonito, sombra o dia todo sob a centen\u00e1ria figueira. Quanto \u00e0 recorrente curiosidade sobre o grau, chuto um V11, cheio de d\u00favidas por estar lesionado e sem refer\u00eancias (ando mais abrindo linhas do que repetindo). Mas uma coisa \u00e9 certa: nasceu uma bel\u00edssima e explosiva linha para a regi\u00e3o!<\/p>\n<p>Finalizo deixando outra cita\u00e7\u00e3o famosa do livro em quest\u00e3o, que descreve a tal fluidez tida como &#8220;being in the zone&#8221;:<\/p>\n<p style=\"text-align:center;\"><em>&#8220;No tiro com arco, arqueiro e alvo deixam de ser entidades opostas, mas uma \u00fanica e mesma realidade&#8221;<\/em><\/p>\n","protected":false},"excerpt":{"rendered":"<p>Uns anos atr\u00e1s, recebi de presente do Taka um livro que relaciona arco e flecha com filosofia zen, a grosso modo, sob a premissa de um conte\u00fado valioso pra dar um upgrade na minha escalada. Confesso que fiquei bastante confuso ao me deparar com uma aus\u00eancia total de dicas concretas de treinamento, mas sim uma&hellip;&nbsp;<a href=\"https:\/\/yuri.com.br\/claudio\/2013\/06\/03\/arqueiro-zen-rubinho\/\" rel=\"bookmark\">Continue a ler &raquo;<span class=\"screen-reader-text\">Arqueiro Zen @ Rubinho<\/span><\/a><\/p>\n","protected":false},"author":2,"featured_media":5218,"comment_status":"open","ping_status":"open","sticky":false,"template":"","format":"standard","meta":{"neve_meta_sidebar":"","neve_meta_container":"","neve_meta_enable_content_width":"","neve_meta_content_width":0,"neve_meta_title_alignment":"","neve_meta_author_avatar":"","neve_post_elements_order":"","neve_meta_disable_header":"","neve_meta_disable_footer":"","neve_meta_disable_title":"","jetpack_post_was_ever_published":false,"_jetpack_newsletter_access":"","_jetpack_dont_email_post_to_subs":false,"_jetpack_newsletter_tier_id":0,"_jetpack_memberships_contains_paywalled_content":false,"_jetpack_memberships_contains_paid_content":false,"footnotes":"","jetpack_publicize_message":"","jetpack_publicize_feature_enabled":true,"jetpack_social_post_already_shared":false,"jetpack_social_options":{"image_generator_settings":{"template":"highway","default_image_id":0,"font":"","enabled":false},"version":2}},"categories":[3],"tags":[],"class_list":["post-5217","post","type-post","status-publish","format-standard","has-post-thumbnail","hentry","category-escalada"],"jetpack_publicize_connections":[],"jetpack_featured_media_url":"https:\/\/yuri.com.br\/claudio\/wp-content\/uploads\/2013\/06\/arqueiro.jpg","jetpack_shortlink":"https:\/\/wp.me\/p4i7cB-1m9","jetpack_sharing_enabled":true,"jetpack-related-posts":[{"id":5428,"url":"https:\/\/yuri.com.br\/claudio\/2013\/07\/14\/arqueiro-zen-rubinho-fotos\/","url_meta":{"origin":5217,"position":0},"title":"Arqueiro Zen @ Rubinho (fotos)","author":"claudio","date":"14\/jul\/2013","format":false,"excerpt":"Um pouco de marketing do Arqueiro Zen no Rubinho - estrelando Marcelo 'Babaleia' - com o in\u00edcio do crux; depois a buscada em quest\u00e3o e por fim o din\u00e2mico final, mostrando desde a 1\u00aa agarra da linha (pin\u00e7a no canto direito). Tem mais gente forte apertando ali e estou torcendo\u2026","rel":"","context":"Em &quot;Escalada&quot;","block_context":{"text":"Escalada","link":"https:\/\/yuri.com.br\/claudio\/category\/escalada\/"},"img":{"alt_text":"","src":"","width":0,"height":0},"classes":[]},{"id":5831,"url":"https:\/\/yuri.com.br\/claudio\/2013\/09\/30\/video-arqueiro-zen-rollerblade\/","url_meta":{"origin":5217,"position":1},"title":"V\u00eddeo: Arqueiro Zen &#038; Rollerblade","author":"claudio","date":"30\/set\/2013","format":false,"excerpt":"Mais um da s\u00e9rie \"arquivo Rubinho\", desta vez sem grandes firulas ou surpresas, apenas um beta-showdown de 2 problemas de qualidade por l\u00e1. Primeiro, Babaleia realiza o bel\u00edssimo (sou suspeito pra falar) Arqueiro Zen V11 e depois tem a Yuri no Rollerblade V5, um bom teste de p\u00e9s com crux\u2026","rel":"","context":"Em &quot;Escalada&quot;","block_context":{"text":"Escalada","link":"https:\/\/yuri.com.br\/claudio\/category\/escalada\/"},"img":{"alt_text":"","src":"","width":0,"height":0},"classes":[]},{"id":6004,"url":"https:\/\/yuri.com.br\/claudio\/2013\/10\/27\/foca-no-rubinho\/","url_meta":{"origin":5217,"position":2},"title":"Foca no Rubinho","author":"claudio","date":"27\/out\/2013","format":false,"excerpt":"Eis que uma janela de tempo bom excepcional agraciou mais uma visitinha dos brothers da saudosa Rio de Janeiro... Fica ent\u00e3o um souvenir com o Miguel \"Esteban\" provando o final do Medusa V12. Detalhe da seg cl\u00e1ssica de 1 m\u00e3o! E abaixo, Dr. Dani d\u00e1 um pega no Arqueiro Zen\u2026","rel":"","context":"Em &quot;Escalada&quot;","block_context":{"text":"Escalada","link":"https:\/\/yuri.com.br\/claudio\/category\/escalada\/"},"img":{"alt_text":"","src":"https:\/\/i0.wp.com\/yuri.com.br\/claudio\/wp-content\/uploads\/2013\/10\/rubinho_medusa_miguel.jpg?resize=350%2C200&ssl=1","width":350,"height":200,"srcset":"https:\/\/i0.wp.com\/yuri.com.br\/claudio\/wp-content\/uploads\/2013\/10\/rubinho_medusa_miguel.jpg?resize=350%2C200&ssl=1 1x, https:\/\/i0.wp.com\/yuri.com.br\/claudio\/wp-content\/uploads\/2013\/10\/rubinho_medusa_miguel.jpg?resize=525%2C300&ssl=1 1.5x, https:\/\/i0.wp.com\/yuri.com.br\/claudio\/wp-content\/uploads\/2013\/10\/rubinho_medusa_miguel.jpg?resize=700%2C400&ssl=1 2x, https:\/\/i0.wp.com\/yuri.com.br\/claudio\/wp-content\/uploads\/2013\/10\/rubinho_medusa_miguel.jpg?resize=1050%2C600&ssl=1 3x"},"classes":[]},{"id":5977,"url":"https:\/\/yuri.com.br\/claudio\/2013\/11\/25\/o-beta-do-ano\/","url_meta":{"origin":5217,"position":3},"title":"O beta do ano","author":"claudio","date":"25\/nov\/2013","format":false,"excerpt":"Temporada vem, temporada vai, o que fica s\u00e3o as experi\u00eancias e os aprendizados. E assim caminha a humanidade... Bel\u00ea no Arqueiro Zen V11 \u00a0 \u00a0 No meu caso, tive a oportunidade de vivenciar de perto o surgimento de 3 novos setores inteiros em poucos anos, o que sem d\u00favidas me\u2026","rel":"","context":"Em &quot;Escalada&quot;","block_context":{"text":"Escalada","link":"https:\/\/yuri.com.br\/claudio\/category\/escalada\/"},"img":{"alt_text":"","src":"https:\/\/i0.wp.com\/yuri.com.br\/claudio\/wp-content\/uploads\/2013\/10\/vento_blocao_2013.jpg?resize=350%2C200&ssl=1","width":350,"height":200,"srcset":"https:\/\/i0.wp.com\/yuri.com.br\/claudio\/wp-content\/uploads\/2013\/10\/vento_blocao_2013.jpg?resize=350%2C200&ssl=1 1x, https:\/\/i0.wp.com\/yuri.com.br\/claudio\/wp-content\/uploads\/2013\/10\/vento_blocao_2013.jpg?resize=525%2C300&ssl=1 1.5x, https:\/\/i0.wp.com\/yuri.com.br\/claudio\/wp-content\/uploads\/2013\/10\/vento_blocao_2013.jpg?resize=700%2C400&ssl=1 2x"},"classes":[]},{"id":8023,"url":"https:\/\/yuri.com.br\/claudio\/2014\/07\/21\/rubinho-2014\/","url_meta":{"origin":5217,"position":4},"title":"Rubinho 2014","author":"Cl\u00e1udio Brisighello","date":"21\/jul\/2014","format":false,"excerpt":"Abaixo, Facu - esta jovem M\u00c1QUINA de escalar - d\u00e1 um pega no Medusa em pleno meio-dia, com os dedos literalmente sangrando. Como era seu \"50\u00ba\" dia seguido de escalada non-stop, ficou pra pr\u00f3xima, \"s\u00f3\" deu pra mandar o Arqueiro Zen flash. Esse a\u00ed atropela o que tiver pela frente...\u2026","rel":"","context":"Em &quot;Escalada&quot;","block_context":{"text":"Escalada","link":"https:\/\/yuri.com.br\/claudio\/category\/escalada\/"},"img":{"alt_text":"","src":"https:\/\/i0.wp.com\/yuri.com.br\/claudio\/wp-content\/uploads\/2014\/07\/croqui.jpg?resize=350%2C200&ssl=1","width":350,"height":200,"srcset":"https:\/\/i0.wp.com\/yuri.com.br\/claudio\/wp-content\/uploads\/2014\/07\/croqui.jpg?resize=350%2C200&ssl=1 1x, https:\/\/i0.wp.com\/yuri.com.br\/claudio\/wp-content\/uploads\/2014\/07\/croqui.jpg?resize=525%2C300&ssl=1 1.5x"},"classes":[]},{"id":5652,"url":"https:\/\/yuri.com.br\/claudio\/2013\/08\/28\/fofocas-nu\/","url_meta":{"origin":5217,"position":5},"title":"Fofocas.nu","author":"claudio","date":"28\/ago\/2013","format":false,"excerpt":"N\u00e3o sou de ficar enaltecendo n\u00fameros por aqui, mas como as not\u00edcias s\u00e3o quent\u00edssimas da regi\u00e3o e essa galera abaixo \u00e9 low profile (n\u00e3o faz marketing de cadena), vou puxar um saco com sinceridade agora: - Mestre Bel\u00ea, vulgo Andr\u00e9 Berezoski, tornou hoje o Medusa V12 uma realidade. Quem viu\u2026","rel":"","context":"Em &quot;Escalada&quot;","block_context":{"text":"Escalada","link":"https:\/\/yuri.com.br\/claudio\/category\/escalada\/"},"img":{"alt_text":"","src":"","width":0,"height":0},"classes":[]}],"_links":{"self":[{"href":"https:\/\/yuri.com.br\/claudio\/wp-json\/wp\/v2\/posts\/5217","targetHints":{"allow":["GET"]}}],"collection":[{"href":"https:\/\/yuri.com.br\/claudio\/wp-json\/wp\/v2\/posts"}],"about":[{"href":"https:\/\/yuri.com.br\/claudio\/wp-json\/wp\/v2\/types\/post"}],"author":[{"embeddable":true,"href":"https:\/\/yuri.com.br\/claudio\/wp-json\/wp\/v2\/users\/2"}],"replies":[{"embeddable":true,"href":"https:\/\/yuri.com.br\/claudio\/wp-json\/wp\/v2\/comments?post=5217"}],"version-history":[{"count":0,"href":"https:\/\/yuri.com.br\/claudio\/wp-json\/wp\/v2\/posts\/5217\/revisions"}],"wp:featuredmedia":[{"embeddable":true,"href":"https:\/\/yuri.com.br\/claudio\/wp-json\/wp\/v2\/media\/5218"}],"wp:attachment":[{"href":"https:\/\/yuri.com.br\/claudio\/wp-json\/wp\/v2\/media?parent=5217"}],"wp:term":[{"taxonomy":"category","embeddable":true,"href":"https:\/\/yuri.com.br\/claudio\/wp-json\/wp\/v2\/categories?post=5217"},{"taxonomy":"post_tag","embeddable":true,"href":"https:\/\/yuri.com.br\/claudio\/wp-json\/wp\/v2\/tags?post=5217"}],"curies":[{"name":"wp","href":"https:\/\/api.w.org\/{rel}","templated":true}]}}