{"id":5161,"date":"2013-05-19T20:16:23","date_gmt":"2013-05-19T20:16:23","guid":{"rendered":"http:\/\/claudiobr.wordpress.com\/?p=5161"},"modified":"2013-05-19T20:16:23","modified_gmt":"2013-05-19T20:16:23","slug":"polvilho-power","status":"publish","type":"post","link":"https:\/\/yuri.com.br\/claudio\/2013\/05\/19\/polvilho-power\/","title":{"rendered":"Polvilho Power"},"content":{"rendered":"<p>Com o setor Rubinho cheio neste s\u00e1bado ensolarado, acho que n\u00e3o preciso mais fazer propaganda&#8230; e quando mencionei acesso f\u00e1cil e <a href=\"http:\/\/claudiobr.wordpress.com\/2013\/04\/29\/rubinho-2\/\" target=\"_blank\">escaladas para todos<\/a>, aqui est\u00e1 mais uma prova, com o nosso vice-campe\u00e3o mundial de paraclimbing mandando o &#8220;Polvilho Power&#8221; (linha batizada por ele :-) ap\u00f3s v\u00e1rias tentativas&#8230; foi emocionante!<\/p>\n<p><a href=\"http:\/\/claudiobr.wordpress.com\/rock-climbing\/#jp-carousel-5171\" target=\"_blank\"><img loading=\"lazy\" decoding=\"async\" data-attachment-id=\"5162\" data-permalink=\"https:\/\/yuri.com.br\/claudio\/2013\/05\/19\/polvilho-power\/rubinho_nishimura\/\" data-orig-file=\"https:\/\/yuri.com.br\/claudio\/wp-content\/uploads\/2013\/05\/rubinho_nishimura.jpg\" data-orig-size=\"700,416\" data-comments-opened=\"1\" data-image-meta=\"{&quot;aperture&quot;:&quot;3.5&quot;,&quot;credit&quot;:&quot;Claudio Brisighello&quot;,&quot;camera&quot;:&quot;Canon EOS 7D&quot;,&quot;caption&quot;:&quot;&quot;,&quot;created_timestamp&quot;:&quot;1368896161&quot;,&quot;copyright&quot;:&quot;&quot;,&quot;focal_length&quot;:&quot;11&quot;,&quot;iso&quot;:&quot;320&quot;,&quot;shutter_speed&quot;:&quot;0.003125&quot;,&quot;title&quot;:&quot;&quot;}\" data-image-title=\"Raphael Nishimura\" data-image-description=\"\" data-image-caption=\"\" data-medium-file=\"https:\/\/yuri.com.br\/claudio\/wp-content\/uploads\/2013\/05\/rubinho_nishimura-300x178.jpg\" data-large-file=\"https:\/\/yuri.com.br\/claudio\/wp-content\/uploads\/2013\/05\/rubinho_nishimura.jpg\" class=\"aligncenter size-full wp-image-5162\" title=\"clique para aumentar!\" alt=\"clique para aumentar!\" src=\"http:\/\/yuri.com.br\/claudio\/wp-content\/uploads\/2013\/05\/rubinho_nishimura.jpg\" width=\"700\" height=\"416\" srcset=\"https:\/\/yuri.com.br\/claudio\/wp-content\/uploads\/2013\/05\/rubinho_nishimura.jpg 700w, https:\/\/yuri.com.br\/claudio\/wp-content\/uploads\/2013\/05\/rubinho_nishimura-300x178.jpg 300w, https:\/\/yuri.com.br\/claudio\/wp-content\/uploads\/2013\/05\/rubinho_nishimura-210x124.jpg 210w\" sizes=\"auto, (max-width: 700px) 100vw, 700px\" \/><\/a><\/p>\n<p>Muitos j\u00e1 ouviram falar bastante do <a href=\"http:\/\/escalango.com\/\" target=\"_blank\">Raphael Nishimura<\/a>, como exemplo de vida, sujeito gente boa e etc., ent\u00e3o n\u00e3o vou ficar elogiando muito para n\u00e3o soar repetitivo. Ele \u00e9 tudo isso mesmo e mais um pouco. Acho que todos os que reclamam demais da vida, deviam passar um tempinho com ele.<\/p>\n","protected":false},"excerpt":{"rendered":"<p>Com o setor Rubinho cheio neste s\u00e1bado ensolarado, acho que n\u00e3o preciso mais fazer propaganda&#8230; e quando mencionei acesso f\u00e1cil e escaladas para todos, aqui est\u00e1 mais uma prova, com o nosso vice-campe\u00e3o mundial de paraclimbing mandando o &#8220;Polvilho Power&#8221; (linha batizada por ele :-) ap\u00f3s v\u00e1rias tentativas&#8230; foi emocionante! Muitos j\u00e1 ouviram falar bastante&hellip;&nbsp;<a href=\"https:\/\/yuri.com.br\/claudio\/2013\/05\/19\/polvilho-power\/\" rel=\"bookmark\">Continue a ler &raquo;<span class=\"screen-reader-text\">Polvilho Power<\/span><\/a><\/p>\n","protected":false},"author":2,"featured_media":5162,"comment_status":"open","ping_status":"open","sticky":false,"template":"","format":"standard","meta":{"neve_meta_sidebar":"","neve_meta_container":"","neve_meta_enable_content_width":"","neve_meta_content_width":0,"neve_meta_title_alignment":"","neve_meta_author_avatar":"","neve_post_elements_order":"","neve_meta_disable_header":"","neve_meta_disable_footer":"","neve_meta_disable_title":"","jetpack_post_was_ever_published":false,"_jetpack_newsletter_access":"","_jetpack_dont_email_post_to_subs":false,"_jetpack_newsletter_tier_id":0,"_jetpack_memberships_contains_paywalled_content":false,"_jetpack_memberships_contains_paid_content":false,"footnotes":"","jetpack_publicize_message":"","jetpack_publicize_feature_enabled":true,"jetpack_social_post_already_shared":false,"jetpack_social_options":{"image_generator_settings":{"template":"highway","default_image_id":0,"font":"","enabled":false},"version":2}},"categories":[3],"tags":[],"class_list":["post-5161","post","type-post","status-publish","format-standard","has-post-thumbnail","hentry","category-escalada"],"jetpack_publicize_connections":[],"jetpack_featured_media_url":"https:\/\/yuri.com.br\/claudio\/wp-content\/uploads\/2013\/05\/rubinho_nishimura.jpg","jetpack_shortlink":"https:\/\/wp.me\/p4i7cB-1lf","jetpack_sharing_enabled":true,"jetpack-related-posts":[{"id":4868,"url":"https:\/\/yuri.com.br\/claudio\/2013\/04\/22\/rubinho\/","url_meta":{"origin":5161,"position":0},"title":"Rubinho?","author":"claudio","date":"22\/abr\/2013","format":false,"excerpt":"*Atualiza\u00e7\u00e3o: esta linha foi batizada em homenagem ao grande escalador e pessoa F\u00e1bio Muniz, que faleceu este ano em (mais) um acidente de bicicleta no RJ. Desde ent\u00e3o vinha procurando uma linha nova que merecesse a refer\u00eancia, essa da\u00ed possui movimenta\u00e7\u00e3o bem t\u00e9cnica, aqueles drop-knees caracter\u00edsticos dele... e um final\u2026","rel":"","context":"Em &quot;Escalada&quot;","block_context":{"text":"Escalada","link":"https:\/\/yuri.com.br\/claudio\/category\/escalada\/"},"img":{"alt_text":"","src":"https:\/\/i0.wp.com\/yuri.com.br\/claudio\/wp-content\/uploads\/2013\/04\/rubinho_babaleia_blocosuper.jpg?resize=350%2C200&ssl=1","width":350,"height":200,"srcset":"https:\/\/i0.wp.com\/yuri.com.br\/claudio\/wp-content\/uploads\/2013\/04\/rubinho_babaleia_blocosuper.jpg?resize=350%2C200&ssl=1 1x, https:\/\/i0.wp.com\/yuri.com.br\/claudio\/wp-content\/uploads\/2013\/04\/rubinho_babaleia_blocosuper.jpg?resize=525%2C300&ssl=1 1.5x, https:\/\/i0.wp.com\/yuri.com.br\/claudio\/wp-content\/uploads\/2013\/04\/rubinho_babaleia_blocosuper.jpg?resize=700%2C400&ssl=1 2x"},"classes":[]},{"id":8023,"url":"https:\/\/yuri.com.br\/claudio\/2014\/07\/21\/rubinho-2014\/","url_meta":{"origin":5161,"position":1},"title":"Rubinho 2014","author":"Cl\u00e1udio Brisighello","date":"21\/jul\/2014","format":false,"excerpt":"Abaixo, Facu - esta jovem M\u00c1QUINA de escalar - d\u00e1 um pega no Medusa em pleno meio-dia, com os dedos literalmente sangrando. Como era seu \"50\u00ba\" dia seguido de escalada non-stop, ficou pra pr\u00f3xima, \"s\u00f3\" deu pra mandar o Arqueiro Zen flash. Esse a\u00ed atropela o que tiver pela frente...\u2026","rel":"","context":"Em &quot;Escalada&quot;","block_context":{"text":"Escalada","link":"https:\/\/yuri.com.br\/claudio\/category\/escalada\/"},"img":{"alt_text":"","src":"https:\/\/i0.wp.com\/yuri.com.br\/claudio\/wp-content\/uploads\/2014\/07\/croqui.jpg?resize=350%2C200&ssl=1","width":350,"height":200,"srcset":"https:\/\/i0.wp.com\/yuri.com.br\/claudio\/wp-content\/uploads\/2014\/07\/croqui.jpg?resize=350%2C200&ssl=1 1x, https:\/\/i0.wp.com\/yuri.com.br\/claudio\/wp-content\/uploads\/2014\/07\/croqui.jpg?resize=525%2C300&ssl=1 1.5x"},"classes":[]},{"id":5789,"url":"https:\/\/yuri.com.br\/claudio\/2013\/09\/23\/video-golpe-baixo-v10-rubinho\/","url_meta":{"origin":5161,"position":2},"title":"V\u00eddeo: Golpe Baixo V10 @ Rubinho","author":"claudio","date":"23\/set\/2013","format":false,"excerpt":"Desta vez vamos de um boulder duro na proa da entrada, o Golpe Baixo. A encrenca sai a partir do p\u00e9 das outras linhas, mais uma micro fissura e escala a face direita. A dificuldade \u00e9 bem concentrada (se resume aos movimentos iniciais) e portanto dif\u00edcil de graduar. Mas ap\u00f3s\u2026","rel":"","context":"Em &quot;Escalada&quot;","block_context":{"text":"Escalada","link":"https:\/\/yuri.com.br\/claudio\/category\/escalada\/"},"img":{"alt_text":"clique para ampliar!","src":"https:\/\/i0.wp.com\/yuri.com.br\/claudio\/wp-content\/uploads\/2013\/09\/rubinho_medusa_theo.jpg?resize=350%2C200","width":350,"height":200,"srcset":"https:\/\/i0.wp.com\/yuri.com.br\/claudio\/wp-content\/uploads\/2013\/09\/rubinho_medusa_theo.jpg?resize=350%2C200 1x, https:\/\/i0.wp.com\/yuri.com.br\/claudio\/wp-content\/uploads\/2013\/09\/rubinho_medusa_theo.jpg?resize=525%2C300 1.5x, https:\/\/i0.wp.com\/yuri.com.br\/claudio\/wp-content\/uploads\/2013\/09\/rubinho_medusa_theo.jpg?resize=700%2C400 2x"},"classes":[]},{"id":6138,"url":"https:\/\/yuri.com.br\/claudio\/2013\/11\/13\/seu-rubinho-e-seu-juca\/","url_meta":{"origin":5161,"position":3},"title":"Seu Rubinho e Seu Juca?","author":"claudio","date":"13\/nov\/2013","format":false,"excerpt":"Antes que o calor, as mutucas e o corpo mole nos renda de vez, o papai noel chegou mais cedo no Rubinho e nos deixou uns presentinhos cl\u00e1ssicos. Abaixo, Marcelo 'Babaleia' na ilustra\u00e7\u00e3o: Estamos falando do terreno \u00e0 direita do setor, atr\u00e1s do Arqueiro Zen , onde morreu uma vaca\u2026","rel":"","context":"Em &quot;Escalada&quot;","block_context":{"text":"Escalada","link":"https:\/\/yuri.com.br\/claudio\/category\/escalada\/"},"img":{"alt_text":"Limpeza","src":"https:\/\/i0.wp.com\/yuri.com.br\/claudio\/wp-content\/uploads\/2013\/11\/limpeza.jpg?resize=350%2C200","width":350,"height":200},"classes":[]},{"id":5275,"url":"https:\/\/yuri.com.br\/claudio\/2013\/06\/09\/patinete-v0-rubinho\/","url_meta":{"origin":5161,"position":4},"title":"Patinete V0 @ Rubinho","author":"claudio","date":"9\/jun\/2013","format":false,"excerpt":"A luz estava dura mas por sorte a manga da camiseta serviu de rebatedor: Mieko busca a borda do \"Patinete\" V0, com Yuri e Goro na seg. E ela n\u00e3o estava de brincadeira, mandou depois de v\u00e1rias tentativas, esta que seria a 2\u00aa cadena do dia. E ainda deu ra\u00e7a\u2026","rel":"","context":"Em &quot;Escalada&quot;","block_context":{"text":"Escalada","link":"https:\/\/yuri.com.br\/claudio\/category\/escalada\/"},"img":{"alt_text":"","src":"https:\/\/i0.wp.com\/yuri.com.br\/claudio\/wp-content\/uploads\/2013\/06\/rubinho_mieko_patinete.jpg?resize=350%2C200&ssl=1","width":350,"height":200},"classes":[]},{"id":7362,"url":"https:\/\/yuri.com.br\/claudio\/2014\/03\/05\/cruzeiro\/","url_meta":{"origin":5161,"position":5},"title":"Cruzeiro?","author":"Cl\u00e1udio Brisighello","date":"5\/mar\/2014","format":false,"excerpt":"Na foto acima, Thais Makino tenta um pogo no \"crucificador\" projeto Calv\u00e1rio, uma das linhas de compress\u00e3o mais incr\u00edveis que eu j\u00e1 vi! Abaixo, a Yuri me clicou em uma das tentativas, ap\u00f3s mais um dia de trabalho pesado neste que vem sendo conhecido como setor Cruzeiro, em Gon\u00e7alves. O\u2026","rel":"","context":"Em &quot;Escalada&quot;","block_context":{"text":"Escalada","link":"https:\/\/yuri.com.br\/claudio\/category\/escalada\/"},"img":{"alt_text":"","src":"https:\/\/i0.wp.com\/yuri.com.br\/claudio\/wp-content\/uploads\/2014\/03\/Cruzeiro_Calvario_Claudio.jpg?resize=350%2C200&ssl=1","width":350,"height":200,"srcset":"https:\/\/i0.wp.com\/yuri.com.br\/claudio\/wp-content\/uploads\/2014\/03\/Cruzeiro_Calvario_Claudio.jpg?resize=350%2C200&ssl=1 1x, https:\/\/i0.wp.com\/yuri.com.br\/claudio\/wp-content\/uploads\/2014\/03\/Cruzeiro_Calvario_Claudio.jpg?resize=525%2C300&ssl=1 1.5x, https:\/\/i0.wp.com\/yuri.com.br\/claudio\/wp-content\/uploads\/2014\/03\/Cruzeiro_Calvario_Claudio.jpg?resize=700%2C400&ssl=1 2x"},"classes":[]}],"_links":{"self":[{"href":"https:\/\/yuri.com.br\/claudio\/wp-json\/wp\/v2\/posts\/5161","targetHints":{"allow":["GET"]}}],"collection":[{"href":"https:\/\/yuri.com.br\/claudio\/wp-json\/wp\/v2\/posts"}],"about":[{"href":"https:\/\/yuri.com.br\/claudio\/wp-json\/wp\/v2\/types\/post"}],"author":[{"embeddable":true,"href":"https:\/\/yuri.com.br\/claudio\/wp-json\/wp\/v2\/users\/2"}],"replies":[{"embeddable":true,"href":"https:\/\/yuri.com.br\/claudio\/wp-json\/wp\/v2\/comments?post=5161"}],"version-history":[{"count":0,"href":"https:\/\/yuri.com.br\/claudio\/wp-json\/wp\/v2\/posts\/5161\/revisions"}],"wp:featuredmedia":[{"embeddable":true,"href":"https:\/\/yuri.com.br\/claudio\/wp-json\/wp\/v2\/media\/5162"}],"wp:attachment":[{"href":"https:\/\/yuri.com.br\/claudio\/wp-json\/wp\/v2\/media?parent=5161"}],"wp:term":[{"taxonomy":"category","embeddable":true,"href":"https:\/\/yuri.com.br\/claudio\/wp-json\/wp\/v2\/categories?post=5161"},{"taxonomy":"post_tag","embeddable":true,"href":"https:\/\/yuri.com.br\/claudio\/wp-json\/wp\/v2\/tags?post=5161"}],"curies":[{"name":"wp","href":"https:\/\/api.w.org\/{rel}","templated":true}]}}