{"id":5149,"date":"2013-06-13T00:20:52","date_gmt":"2013-06-13T00:20:52","guid":{"rendered":"http:\/\/claudiobr.wordpress.com\/?p=5149"},"modified":"2018-10-25T18:52:53","modified_gmt":"2018-10-25T18:52:53","slug":"risottos","status":"publish","type":"post","link":"https:\/\/yuri.com.br\/claudio\/2013\/06\/13\/risottos\/","title":{"rendered":"Risottos"},"content":{"rendered":"<p>Amo um risotinho. A execu\u00e7\u00e3o \u00e9 pr\u00e1tica e se encaixa perfeitamente naquele esquema &#8220;comfort food&#8221;, o que tiver na geladeira ou despensa pode muito bem incrementar um belo arroz. Al\u00e9m de ser bom para servir v\u00e1rias pessoas sem a complica\u00e7\u00e3o de montar pratos cheios de componentes: o resultado fica todo em uma \u00fanica panela cheia de sabores!<\/p>\n<p><img loading=\"lazy\" decoding=\"async\" data-attachment-id=\"5287\" data-permalink=\"https:\/\/yuri.com.br\/claudio\/2013\/06\/13\/risottos\/risotofrangomaracuja\/\" data-orig-file=\"https:\/\/yuri.com.br\/claudio\/wp-content\/uploads\/2013\/06\/risotofrangomaracuja.jpg\" data-orig-size=\"700,467\" data-comments-opened=\"1\" data-image-meta=\"{&quot;aperture&quot;:&quot;3.2&quot;,&quot;credit&quot;:&quot;Claudio Brisighello&quot;,&quot;camera&quot;:&quot;Canon EOS 7D&quot;,&quot;caption&quot;:&quot;&quot;,&quot;created_timestamp&quot;:&quot;1370876107&quot;,&quot;copyright&quot;:&quot;&quot;,&quot;focal_length&quot;:&quot;50&quot;,&quot;iso&quot;:&quot;640&quot;,&quot;shutter_speed&quot;:&quot;0.01&quot;,&quot;title&quot;:&quot;&quot;}\" data-image-title=\"RisotoFrangoMaracuja\" data-image-description=\"\" data-image-caption=\"\" data-medium-file=\"https:\/\/yuri.com.br\/claudio\/wp-content\/uploads\/2013\/06\/risotofrangomaracuja-300x200.jpg\" data-large-file=\"https:\/\/yuri.com.br\/claudio\/wp-content\/uploads\/2013\/06\/risotofrangomaracuja.jpg\" class=\"aligncenter size-full wp-image-5287\" title=\"Risoto de frango com maracuj\u00e1\" src=\"http:\/\/yuri.com.br\/claudio\/wp-content\/uploads\/2013\/06\/risotofrangomaracuja.jpg\" alt=\"Risoto de frango com maracuj\u00e1\" width=\"700\" height=\"467\" srcset=\"https:\/\/yuri.com.br\/claudio\/wp-content\/uploads\/2013\/06\/risotofrangomaracuja.jpg 700w, https:\/\/yuri.com.br\/claudio\/wp-content\/uploads\/2013\/06\/risotofrangomaracuja-300x200.jpg 300w, https:\/\/yuri.com.br\/claudio\/wp-content\/uploads\/2013\/06\/risotofrangomaracuja-210x140.jpg 210w\" sizes=\"auto, (max-width: 700px) 100vw, 700px\" \/><\/p>\n<p>O m\u00e9todo b\u00e1sico normalmente inicia com um refogado de temperos (ex.: alho e cebola), em seguida adiciona-se o arroz (dos apropriados, o mais em conta costuma ser o arb\u00f3reo). Mexendo constantemente para n\u00e3o queimar ou grudar (panela de fundo grosso!), adicionamos ent\u00e3o um l\u00edquido para aromatizar, tradicionalmente vinho branco mas, na aus\u00eancia dele, j\u00e1 usei at\u00e9 cacha\u00e7a com sassafraz, vinagre bals\u00e2mico e etc., lembrando sempre de tampar a panela para conter o vapor. Essa etapa faz uma diferen\u00e7a! A partir da\u00ed, juntamos o caldo de cozimento, que pode ser de legumes, carnes ou at\u00e9 um ch\u00e1 (ex.: infus\u00e3o de cal\u00eandula fica j\u00f3ia), o importante \u00e9 adicionar aos poucos para que possamos controlar o ponto &#8220;al dente&#8221; do arroz. Ao final, \u00e9 s\u00f3 juntar o sabor desejado e ajustar temperos. No caso da foto, fiz uma gororoba com iscas de frango refogado com alecrim, finalizando com uma mistura de <a href=\"http:\/\/claudiobr.wordpress.com\/2013\/01\/09\/flor\/\" target=\"_blank\" rel=\"noopener\">maracuj\u00e1 doce<\/a> aqui do quintal, iogurte caseiro, c\u00farcuma, mostarda, lim\u00e3o e cebolinha. Ficou perfumado! Por fim, pode-se adicionar um bom parmes\u00e3o ralado na hora mais uma obrigat\u00f3ria colher de manteiga. O arroz deve ficar BEM \u00famido.<\/p>\n<p>N\u00e3o coloquei tudo em &#8220;passo a passo&#8221; justamente para estimular a desenvoltura criativa do neg\u00f3cio. N\u00e3o se prenda \u00e0 receitas rob\u00f3ticas, muito menos ao m\u00e9todo acima! M\u00e3o na massa pessoal&#8230; ops, na panela!!<\/p>\n","protected":false},"excerpt":{"rendered":"<p>Amo um risotinho. A execu\u00e7\u00e3o \u00e9 pr\u00e1tica e se encaixa perfeitamente naquele esquema &#8220;comfort food&#8221;, o que tiver na geladeira ou despensa pode muito bem incrementar um belo arroz. Al\u00e9m de ser bom para servir v\u00e1rias pessoas sem a complica\u00e7\u00e3o de montar pratos cheios de componentes: o resultado fica todo em uma \u00fanica panela cheia&hellip;&nbsp;<a href=\"https:\/\/yuri.com.br\/claudio\/2013\/06\/13\/risottos\/\" rel=\"bookmark\">Continue a ler &raquo;<span class=\"screen-reader-text\">Risottos<\/span><\/a><\/p>\n","protected":false},"author":2,"featured_media":5150,"comment_status":"open","ping_status":"open","sticky":false,"template":"","format":"standard","meta":{"neve_meta_sidebar":"","neve_meta_container":"","neve_meta_enable_content_width":"","neve_meta_content_width":0,"neve_meta_title_alignment":"","neve_meta_author_avatar":"","neve_post_elements_order":"","neve_meta_disable_header":"","neve_meta_disable_footer":"","neve_meta_disable_title":"","jetpack_post_was_ever_published":false,"_jetpack_newsletter_access":"","_jetpack_dont_email_post_to_subs":false,"_jetpack_newsletter_tier_id":0,"_jetpack_memberships_contains_paywalled_content":false,"_jetpack_memberships_contains_paid_content":false,"footnotes":"","jetpack_publicize_message":"","jetpack_publicize_feature_enabled":true,"jetpack_social_post_already_shared":true,"jetpack_social_options":{"image_generator_settings":{"template":"highway","default_image_id":0,"font":"","enabled":false},"version":2}},"categories":[2,128],"tags":[],"class_list":["post-5149","post","type-post","status-publish","format-standard","has-post-thumbnail","hentry","category-baixa-gastronomia","category-receitas"],"jetpack_publicize_connections":[],"jetpack_featured_media_url":"https:\/\/yuri.com.br\/claudio\/wp-content\/uploads\/2013\/05\/risotochampignon.jpg","jetpack_shortlink":"https:\/\/wp.me\/s4i7cB-risottos","jetpack_sharing_enabled":true,"jetpack-related-posts":[{"id":3359,"url":"https:\/\/yuri.com.br\/claudio\/2012\/01\/29\/risoto-de-beterraba-com-iogurte\/","url_meta":{"origin":5149,"position":0},"title":"Risoto de beterraba com iogurte","author":"claudio","date":"29\/jan\/2012","format":false,"excerpt":"Esse arroz \u00e9 bonito, leve e costuma converter at\u00e9 os maiores desafetos deste tub\u00e9rculo maravilhoso que \u00e9 a beterraba. Descasque 2 delas, picando grosseiramente e bata no liquidificador com \u00e1gua. Se tiver uma centr\u00edfuga (juicer), melhor ainda. Coar e reservar o suco em uma panelinha. Na panela do arroz, refogue\u2026","rel":"","context":"Em &quot;'Baixa' Gastronomia&quot;","block_context":{"text":"'Baixa' Gastronomia","link":"https:\/\/yuri.com.br\/claudio\/category\/baixa-gastronomia\/"},"img":{"alt_text":"","src":"https:\/\/i0.wp.com\/yuri.com.br\/claudio\/wp-content\/uploads\/2012\/01\/beterraba1.jpg?resize=350%2C200","width":350,"height":200},"classes":[]},{"id":2671,"url":"https:\/\/yuri.com.br\/claudio\/2011\/04\/25\/arroz-pinhao\/","url_meta":{"origin":5149,"position":1},"title":"Arroz + pinh\u00e3o","author":"claudio","date":"25\/abr\/2011","format":false,"excerpt":"J\u00e1 \u00e9 \u00e9poca de pinh\u00e3o, ent\u00e3o eis uma sugest\u00e3o de um cl\u00e1ssico da serra, f\u00e1cil como juntar uma coisa b\u00e1sica com outra! Ingredientes (para 2 pessoas): - cebola e alho picadinhos - bom punhado de pinh\u00e3o cozido e alecrim - 1 x\u00edcara de arroz - 1 litro de caldo de\u2026","rel":"","context":"Em &quot;'Baixa' Gastronomia&quot;","block_context":{"text":"'Baixa' Gastronomia","link":"https:\/\/yuri.com.br\/claudio\/category\/baixa-gastronomia\/"},"img":{"alt_text":"","src":"https:\/\/i0.wp.com\/farm6.static.flickr.com\/5063\/5651316145_f9f228c33d_z.jpg?resize=350%2C200","width":350,"height":200,"srcset":"https:\/\/i0.wp.com\/farm6.static.flickr.com\/5063\/5651316145_f9f228c33d_z.jpg?resize=350%2C200 1x, https:\/\/i0.wp.com\/farm6.static.flickr.com\/5063\/5651316145_f9f228c33d_z.jpg?resize=525%2C300 1.5x"},"classes":[]},{"id":2760,"url":"https:\/\/yuri.com.br\/claudio\/2011\/06\/11\/no-forno-ops-na-panela\/","url_meta":{"origin":5149,"position":2},"title":"No forno&#8230; ops, na panela!","author":"claudio","date":"11\/jun\/2011","format":false,"excerpt":"O p\u00e3o com malte de cevada eu posso garantir que ficou bom, agora a cerveja (uma simples amber pale-ale)... veredito final s\u00f3 daqui umas 2 semanas. Dedos cruzados :-) e como em toda primeira experi\u00eancia, j\u00e1 foram v\u00e1rias as \"lessons-learned\". Fora essa friaca que t\u00e1 dificultando qualquer fermenta\u00e7\u00e3o em casa!","rel":"","context":"Em &quot;'Baixa' Gastronomia&quot;","block_context":{"text":"'Baixa' Gastronomia","link":"https:\/\/yuri.com.br\/claudio\/category\/baixa-gastronomia\/"},"img":{"alt_text":"","src":"https:\/\/i0.wp.com\/yuri.com.br\/claudio\/wp-content\/uploads\/2011\/06\/paoecerveja.jpg?resize=350%2C200","width":350,"height":200,"srcset":"https:\/\/i0.wp.com\/yuri.com.br\/claudio\/wp-content\/uploads\/2011\/06\/paoecerveja.jpg?resize=350%2C200 1x, https:\/\/i0.wp.com\/yuri.com.br\/claudio\/wp-content\/uploads\/2011\/06\/paoecerveja.jpg?resize=525%2C300 1.5x, https:\/\/i0.wp.com\/yuri.com.br\/claudio\/wp-content\/uploads\/2011\/06\/paoecerveja.jpg?resize=700%2C400 2x"},"classes":[]},{"id":4107,"url":"https:\/\/yuri.com.br\/claudio\/2012\/10\/07\/farofa-de-mel\/","url_meta":{"origin":5149,"position":3},"title":"Farofa de mel","author":"claudio","date":"7\/out\/2012","format":false,"excerpt":"Mais um item no card\u00e1pio do nosso chal\u00e9 que vivem perguntando como se faz. O mais engra\u00e7ado \u00e9 que todos perguntam para a Yuri, sem a menor suspeita de que eu cozinho alguma coisa nessa casa. Mas os tempos est\u00e3o mudando e a revolu\u00e7\u00e3o masculina est\u00e1 por vir. Enquanto as\u2026","rel":"","context":"Em &quot;'Baixa' Gastronomia&quot;","block_context":{"text":"'Baixa' Gastronomia","link":"https:\/\/yuri.com.br\/claudio\/category\/baixa-gastronomia\/"},"img":{"alt_text":"","src":"https:\/\/i0.wp.com\/yuri.com.br\/claudio\/wp-content\/uploads\/2012\/10\/farofademel1.jpg?resize=350%2C200&ssl=1","width":350,"height":200,"srcset":"https:\/\/i0.wp.com\/yuri.com.br\/claudio\/wp-content\/uploads\/2012\/10\/farofademel1.jpg?resize=350%2C200&ssl=1 1x, https:\/\/i0.wp.com\/yuri.com.br\/claudio\/wp-content\/uploads\/2012\/10\/farofademel1.jpg?resize=525%2C300&ssl=1 1.5x, https:\/\/i0.wp.com\/yuri.com.br\/claudio\/wp-content\/uploads\/2012\/10\/farofademel1.jpg?resize=700%2C400&ssl=1 2x"},"classes":[]},{"id":3256,"url":"https:\/\/yuri.com.br\/claudio\/2011\/12\/07\/creme-de-mandioquinha\/","url_meta":{"origin":5149,"position":4},"title":"Creme de mandioquinha","author":"claudio","date":"7\/dez\/2011","format":false,"excerpt":"Essa sopa n\u00e3o tem erro, \u00e9 s\u00f3 cozinhar na \u00e1gua um monte de mandioquinhas (batata baroa) descascadas e picadas, se tiver com pressa utilize uma panela de press\u00e3o. Reserve o caldo e amasse as mandioquinhas formando um pur\u00ea. Em um panel\u00e3o, refogue no azeite os temperos que achar apropriados: alho\u2026","rel":"","context":"Em &quot;'Baixa' Gastronomia&quot;","block_context":{"text":"'Baixa' Gastronomia","link":"https:\/\/yuri.com.br\/claudio\/category\/baixa-gastronomia\/"},"img":{"alt_text":"","src":"https:\/\/i0.wp.com\/yuri.com.br\/claudio\/wp-content\/uploads\/2011\/12\/mandioquinha_sopa.jpg?resize=350%2C200&ssl=1","width":350,"height":200,"srcset":"https:\/\/i0.wp.com\/yuri.com.br\/claudio\/wp-content\/uploads\/2011\/12\/mandioquinha_sopa.jpg?resize=350%2C200&ssl=1 1x, https:\/\/i0.wp.com\/yuri.com.br\/claudio\/wp-content\/uploads\/2011\/12\/mandioquinha_sopa.jpg?resize=525%2C300&ssl=1 1.5x, https:\/\/i0.wp.com\/yuri.com.br\/claudio\/wp-content\/uploads\/2011\/12\/mandioquinha_sopa.jpg?resize=700%2C400&ssl=1 2x"},"classes":[]},{"id":2641,"url":"https:\/\/yuri.com.br\/claudio\/2011\/04\/07\/carne-moida\/","url_meta":{"origin":5149,"position":5},"title":"Carne mo\u00edda","author":"claudio","date":"7\/abr\/2011","format":false,"excerpt":"Combust\u00edvel de muitas del\u00edcias mundo afora! Desde a vers\u00e3o crua at\u00e9 as mais irreconhec\u00edveis, a carne mo\u00edda dificilmente escapa de n\u00f3s em alguma de suas muitas formas. Eis algumas maneiras simples e gostosas de se fazer: Confesso que n\u00e3o achava gra\u00e7a nenhuma no polpetone. E seu parente menor, as alm\u00f4ndegas,\u2026","rel":"","context":"Em &quot;'Baixa' Gastronomia&quot;","block_context":{"text":"'Baixa' Gastronomia","link":"https:\/\/yuri.com.br\/claudio\/category\/baixa-gastronomia\/"},"img":{"alt_text":"","src":"https:\/\/i0.wp.com\/yuri.com.br\/claudio\/wp-content\/uploads\/2011\/04\/polpetone.jpg?resize=350%2C200&ssl=1","width":350,"height":200,"srcset":"https:\/\/i0.wp.com\/yuri.com.br\/claudio\/wp-content\/uploads\/2011\/04\/polpetone.jpg?resize=350%2C200&ssl=1 1x, https:\/\/i0.wp.com\/yuri.com.br\/claudio\/wp-content\/uploads\/2011\/04\/polpetone.jpg?resize=525%2C300&ssl=1 1.5x, https:\/\/i0.wp.com\/yuri.com.br\/claudio\/wp-content\/uploads\/2011\/04\/polpetone.jpg?resize=700%2C400&ssl=1 2x"},"classes":[]}],"_links":{"self":[{"href":"https:\/\/yuri.com.br\/claudio\/wp-json\/wp\/v2\/posts\/5149","targetHints":{"allow":["GET"]}}],"collection":[{"href":"https:\/\/yuri.com.br\/claudio\/wp-json\/wp\/v2\/posts"}],"about":[{"href":"https:\/\/yuri.com.br\/claudio\/wp-json\/wp\/v2\/types\/post"}],"author":[{"embeddable":true,"href":"https:\/\/yuri.com.br\/claudio\/wp-json\/wp\/v2\/users\/2"}],"replies":[{"embeddable":true,"href":"https:\/\/yuri.com.br\/claudio\/wp-json\/wp\/v2\/comments?post=5149"}],"version-history":[{"count":2,"href":"https:\/\/yuri.com.br\/claudio\/wp-json\/wp\/v2\/posts\/5149\/revisions"}],"predecessor-version":[{"id":10068,"href":"https:\/\/yuri.com.br\/claudio\/wp-json\/wp\/v2\/posts\/5149\/revisions\/10068"}],"wp:featuredmedia":[{"embeddable":true,"href":"https:\/\/yuri.com.br\/claudio\/wp-json\/wp\/v2\/media\/5150"}],"wp:attachment":[{"href":"https:\/\/yuri.com.br\/claudio\/wp-json\/wp\/v2\/media?parent=5149"}],"wp:term":[{"taxonomy":"category","embeddable":true,"href":"https:\/\/yuri.com.br\/claudio\/wp-json\/wp\/v2\/categories?post=5149"},{"taxonomy":"post_tag","embeddable":true,"href":"https:\/\/yuri.com.br\/claudio\/wp-json\/wp\/v2\/tags?post=5149"}],"curies":[{"name":"wp","href":"https:\/\/api.w.org\/{rel}","templated":true}]}}