{"id":5132,"date":"2013-05-16T22:08:44","date_gmt":"2013-05-16T22:08:44","guid":{"rendered":"http:\/\/claudiobr.wordpress.com\/?p=5132"},"modified":"2013-05-16T22:08:44","modified_gmt":"2013-05-16T22:08:44","slug":"paraiso-em-camadas","status":"publish","type":"post","link":"https:\/\/yuri.com.br\/claudio\/2013\/05\/16\/paraiso-em-camadas\/","title":{"rendered":"Para\u00edso em camadas"},"content":{"rendered":"<p>Esse friozinho que est\u00e1 chegando n\u00e3o \u00e9 s\u00f3 bom pra escalar ou tomar aquele caldinho de feij\u00e3o com uma boa cacha\u00e7a. Dessa vez n\u00e3o deixarei escapar a oportunidade de me aventurar no estilo vienense e suas massas ricas e laminadas.<\/p>\n<p><a href=\"http:\/\/www.flickr.com\/photos\/cbrisighello\/8744528567\/in\/photostream\/lightbox\/\" target=\"_blank\"><img loading=\"lazy\" decoding=\"async\" data-attachment-id=\"5133\" data-permalink=\"https:\/\/yuri.com.br\/claudio\/2013\/05\/16\/paraiso-em-camadas\/croissant_learning\/\" data-orig-file=\"https:\/\/yuri.com.br\/claudio\/wp-content\/uploads\/2013\/05\/croissant_learning.jpg\" data-orig-size=\"700,394\" data-comments-opened=\"1\" data-image-meta=\"{&quot;aperture&quot;:&quot;0&quot;,&quot;credit&quot;:&quot;&quot;,&quot;camera&quot;:&quot;&quot;,&quot;caption&quot;:&quot;&quot;,&quot;created_timestamp&quot;:&quot;0&quot;,&quot;copyright&quot;:&quot;&quot;,&quot;focal_length&quot;:&quot;0&quot;,&quot;iso&quot;:&quot;0&quot;,&quot;shutter_speed&quot;:&quot;0&quot;,&quot;title&quot;:&quot;&quot;}\" data-image-title=\"croissant caseiro\" data-image-description=\"\" data-image-caption=\"\" data-medium-file=\"https:\/\/yuri.com.br\/claudio\/wp-content\/uploads\/2013\/05\/croissant_learning-300x168.jpg\" data-large-file=\"https:\/\/yuri.com.br\/claudio\/wp-content\/uploads\/2013\/05\/croissant_learning.jpg\" class=\"aligncenter size-full wp-image-5133\" alt=\"croissant caseiro\" src=\"http:\/\/yuri.com.br\/claudio\/wp-content\/uploads\/2013\/05\/croissant_learning.jpg\" width=\"700\" height=\"394\" srcset=\"https:\/\/yuri.com.br\/claudio\/wp-content\/uploads\/2013\/05\/croissant_learning.jpg 700w, https:\/\/yuri.com.br\/claudio\/wp-content\/uploads\/2013\/05\/croissant_learning-300x168.jpg 300w, https:\/\/yuri.com.br\/claudio\/wp-content\/uploads\/2013\/05\/croissant_learning-210x118.jpg 210w\" sizes=\"auto, (max-width: 700px) 100vw, 700px\" \/><\/a><\/p>\n<p>Assim como o <em><a href=\"http:\/\/claudiobr.wordpress.com\/2013\/02\/06\/pao-de-cebola\/\" target=\"_blank\">pain au levain<\/a><\/em>, o <strong>croissant<\/strong> \u00e9 um longo caminho rumo \u00e0 distante perfei\u00e7\u00e3o&#8230; este a\u00ed foi a 2\u00aa tentativa de muitas por vir. Soa arrogante mas minha \u00fanica lembran\u00e7a boa de um croissant de verdade vem l\u00e1 da Fran\u00e7a, de uma buc\u00f3lica vila ao lado de Fontainebleau. Havia pernoitado em um velho hotelzinho e, ao acordar, sa\u00ed do quarto flutuando que nem desenho animado, atra\u00eddo pelo cheiro daquilo que seria apenas um croissant, gel\u00e9ia e caf\u00e9. Simples e eternamente em minha mem\u00f3ria. Enfim, chegou a hora de renovar essas recorda\u00e7\u00f5es! :-)<\/p>\n","protected":false},"excerpt":{"rendered":"<p>Esse friozinho que est\u00e1 chegando n\u00e3o \u00e9 s\u00f3 bom pra escalar ou tomar aquele caldinho de feij\u00e3o com uma boa cacha\u00e7a. Dessa vez n\u00e3o deixarei escapar a oportunidade de me aventurar no estilo vienense e suas massas ricas e laminadas. Assim como o pain au levain, o croissant \u00e9 um longo caminho rumo \u00e0 distante&hellip;&nbsp;<a href=\"https:\/\/yuri.com.br\/claudio\/2013\/05\/16\/paraiso-em-camadas\/\" rel=\"bookmark\">Continue a ler &raquo;<span class=\"screen-reader-text\">Para\u00edso em camadas<\/span><\/a><\/p>\n","protected":false},"author":2,"featured_media":5133,"comment_status":"open","ping_status":"open","sticky":false,"template":"","format":"standard","meta":{"neve_meta_sidebar":"","neve_meta_container":"","neve_meta_enable_content_width":"","neve_meta_content_width":0,"neve_meta_title_alignment":"","neve_meta_author_avatar":"","neve_post_elements_order":"","neve_meta_disable_header":"","neve_meta_disable_footer":"","neve_meta_disable_title":"","jetpack_post_was_ever_published":false,"_jetpack_newsletter_access":"","_jetpack_dont_email_post_to_subs":false,"_jetpack_newsletter_tier_id":0,"_jetpack_memberships_contains_paywalled_content":false,"_jetpack_memberships_contains_paid_content":false,"footnotes":"","jetpack_publicize_message":"","jetpack_publicize_feature_enabled":true,"jetpack_social_post_already_shared":false,"jetpack_social_options":{"image_generator_settings":{"template":"highway","default_image_id":0,"font":"","enabled":false},"version":2}},"categories":[2],"tags":[],"class_list":["post-5132","post","type-post","status-publish","format-standard","has-post-thumbnail","hentry","category-baixa-gastronomia"],"jetpack_publicize_connections":[],"jetpack_featured_media_url":"https:\/\/yuri.com.br\/claudio\/wp-content\/uploads\/2013\/05\/croissant_learning.jpg","jetpack_shortlink":"https:\/\/wp.me\/p4i7cB-1kM","jetpack_sharing_enabled":true,"jetpack-related-posts":[{"id":35,"url":"https:\/\/yuri.com.br\/claudio\/2008\/07\/29\/os-caldos-de-minha-vida\/","url_meta":{"origin":5132,"position":0},"title":"Os caldos de minha vida &#8211; Adega da Velha","author":"claudio","date":"29\/jul\/2008","format":false,"excerpt":"Gostaria de compartilhar um pouco da minha experi\u00eancia butequeira adquirida aqui no RJ, cidade ber\u00e7o do botequim tradicional. J\u00e1 faz tempo que eu desejo me expressar em homenagem a esse \"templo\" do bem viver, mas para isto eu pretendo me dedicar com mais carinho em uma futura postagem, como se\u2026","rel":"","context":"Em &quot;'Baixa' Gastronomia&quot;","block_context":{"text":"'Baixa' Gastronomia","link":"https:\/\/yuri.com.br\/claudio\/category\/baixa-gastronomia\/"},"img":{"alt_text":"","src":"https:\/\/i0.wp.com\/yuri.com.br\/claudio\/wp-content\/uploads\/2008\/07\/wordpress_adega_caldinho.jpg?resize=350%2C200&ssl=1","width":350,"height":200},"classes":[]},{"id":191,"url":"https:\/\/yuri.com.br\/claudio\/2008\/09\/05\/os-caldos-de-minha-vida-estacao-saude\/","url_meta":{"origin":5132,"position":1},"title":"Os caldos de minha vida &#8211; Esta\u00e7\u00e3o Sa\u00fade","author":"claudio","date":"5\/set\/2008","format":false,"excerpt":"Ok, ok... admito: meu 'p\u00e2nceps' n\u00e3o vive s\u00f3 do trio caldinho de feij\u00e3o, chope e cacha\u00e7a. Portanto a recomenda\u00e7\u00e3o dessa vez \u00e9 o meu \"natureba\" predileto do RJ, que se chama Esta\u00e7\u00e3o Sa\u00fade. Fica na Barra, mais precisamente no shopping Barra Garden. Pode n\u00e3o ser t\u00e3o famoso quanto o Universo\u2026","rel":"","context":"Em &quot;'Baixa' Gastronomia&quot;","block_context":{"text":"'Baixa' Gastronomia","link":"https:\/\/yuri.com.br\/claudio\/category\/baixa-gastronomia\/"},"img":{"alt_text":"","src":"https:\/\/i0.wp.com\/yuri.com.br\/claudio\/wp-content\/uploads\/2008\/09\/img_4205.jpg?resize=350%2C200&ssl=1","width":350,"height":200,"srcset":"https:\/\/i0.wp.com\/yuri.com.br\/claudio\/wp-content\/uploads\/2008\/09\/img_4205.jpg?resize=350%2C200&ssl=1 1x, https:\/\/i0.wp.com\/yuri.com.br\/claudio\/wp-content\/uploads\/2008\/09\/img_4205.jpg?resize=525%2C300&ssl=1 1.5x, https:\/\/i0.wp.com\/yuri.com.br\/claudio\/wp-content\/uploads\/2008\/09\/img_4205.jpg?resize=700%2C400&ssl=1 2x"},"classes":[]},{"id":134,"url":"https:\/\/yuri.com.br\/claudio\/2008\/08\/20\/os-caldos-de-minha-vida-real-chopp\/","url_meta":{"origin":5132,"position":2},"title":"Os caldos de minha vida &#8211; Real Chopp","author":"claudio","date":"20\/ago\/2008","format":false,"excerpt":"Dando sequ\u00eancia \u00e0s opini\u00f5es 'gastro-butequeiras' dessas terras cariocas, apresentarei a seguir o caldinho de feij\u00e3o do Real Chopp, meu boteco predileto de Copacabana. O local, cujos donos atuais, Afonso e Erm\u00edrio, se revezam no balc\u00e3o desde 1984, oferece um bom chope e algumas iguarias a pre\u00e7o just\u00edssimo. Afinal onde voc\u00ea\u2026","rel":"","context":"Em &quot;'Baixa' Gastronomia&quot;","block_context":{"text":"'Baixa' Gastronomia","link":"https:\/\/yuri.com.br\/claudio\/category\/baixa-gastronomia\/"},"img":{"alt_text":"","src":"https:\/\/i0.wp.com\/yuri.com.br\/claudio\/wp-content\/uploads\/2008\/08\/realchopp_caldinho.jpg?resize=350%2C200&ssl=1","width":350,"height":200,"srcset":"https:\/\/i0.wp.com\/yuri.com.br\/claudio\/wp-content\/uploads\/2008\/08\/realchopp_caldinho.jpg?resize=350%2C200&ssl=1 1x, https:\/\/i0.wp.com\/yuri.com.br\/claudio\/wp-content\/uploads\/2008\/08\/realchopp_caldinho.jpg?resize=525%2C300&ssl=1 1.5x, https:\/\/i0.wp.com\/yuri.com.br\/claudio\/wp-content\/uploads\/2008\/08\/realchopp_caldinho.jpg?resize=700%2C400&ssl=1 2x"},"classes":[]},{"id":2257,"url":"https:\/\/yuri.com.br\/claudio\/2010\/06\/24\/way-underground\/","url_meta":{"origin":5132,"position":3},"title":"Way underground","author":"claudio","date":"24\/jun\/2010","format":false,"excerpt":"Recentemente em minhas andan\u00e7as sem carro pelo Rio, fui at\u00e9 o Real Chopp pela profunda esta\u00e7\u00e3o Cardeal Arcoverde do metr\u00f4 carioca. Aquele esquema de sempre: treino \u00e0 noite na Limite e caldinho de feij\u00e3o com cacha\u00e7a pra repor. O que eu n\u00e3o esperava \u00e9 que na volta eu fosse pirar\u2026","rel":"","context":"Em &quot;Outros&quot;","block_context":{"text":"Outros","link":"https:\/\/yuri.com.br\/claudio\/category\/outros\/"},"img":{"alt_text":"","src":"https:\/\/i0.wp.com\/farm5.static.flickr.com\/4022\/4712385838_9e93cee308_b.jpg?resize=350%2C200","width":350,"height":200,"srcset":"https:\/\/i0.wp.com\/farm5.static.flickr.com\/4022\/4712385838_9e93cee308_b.jpg?resize=350%2C200 1x, https:\/\/i0.wp.com\/farm5.static.flickr.com\/4022\/4712385838_9e93cee308_b.jpg?resize=525%2C300 1.5x"},"classes":[]},{"id":203,"url":"https:\/\/yuri.com.br\/claudio\/2008\/09\/10\/festival-comida-di-buteco-no-rj\/","url_meta":{"origin":5132,"position":4},"title":"Festival &#8216;Comida di Buteco&#8217; no RJ","author":"claudio","date":"10\/set\/2008","format":false,"excerpt":"Aconteceu durante o m\u00eas passado, agosto, o festival \"Comida di Buteco\", realizado pela primeira vez no Rio. O resultado (ap\u00f3s 20 mil votos durante o m\u00eas todo) saiu a pouco: 1a. Lugar MELHOR TIRA-GOSTO - Um rol\u00e9 pelo sub\u00farbio - rol\u00e9 ouri\u00e7ado com molho de Bohemia Escura em mini-ba\u00edas de\u2026","rel":"","context":"Em &quot;'Baixa' Gastronomia&quot;","block_context":{"text":"'Baixa' Gastronomia","link":"https:\/\/yuri.com.br\/claudio\/category\/baixa-gastronomia\/"},"img":{"alt_text":"","src":"https:\/\/i0.wp.com\/yuri.com.br\/claudio\/wp-content\/uploads\/2008\/09\/sururu.jpg?resize=350%2C200&ssl=1","width":350,"height":200,"srcset":"https:\/\/i0.wp.com\/yuri.com.br\/claudio\/wp-content\/uploads\/2008\/09\/sururu.jpg?resize=350%2C200&ssl=1 1x, https:\/\/i0.wp.com\/yuri.com.br\/claudio\/wp-content\/uploads\/2008\/09\/sururu.jpg?resize=525%2C300&ssl=1 1.5x"},"classes":[]},{"id":3937,"url":"https:\/\/yuri.com.br\/claudio\/2012\/08\/06\/luminosa\/","url_meta":{"origin":5132,"position":5},"title":"Luminosa","author":"claudio","date":"6\/ago\/2012","format":false,"excerpt":"Sou fregu\u00eas do alambique de Luminosa. Trouxe 30 litros de cacha\u00e7a de l\u00e1 neste domingo, 15 deles com 9 anos de idade. E pra juntar \u00fatil e agrad\u00e1vel, no caminho tem um setor hom\u00f4nimo, n\u00e3o muito frequentado mas que merece uma visita pelo visual e por esse bloc\u00e3o superior que\u2026","rel":"","context":"Em &quot;'Baixa' Gastronomia&quot;","block_context":{"text":"'Baixa' Gastronomia","link":"https:\/\/yuri.com.br\/claudio\/category\/baixa-gastronomia\/"},"img":{"alt_text":"","src":"https:\/\/i0.wp.com\/yuri.com.br\/claudio\/wp-content\/uploads\/2012\/08\/luminosa_emeu.jpg?resize=350%2C200&ssl=1","width":350,"height":200,"srcset":"https:\/\/i0.wp.com\/yuri.com.br\/claudio\/wp-content\/uploads\/2012\/08\/luminosa_emeu.jpg?resize=350%2C200&ssl=1 1x, https:\/\/i0.wp.com\/yuri.com.br\/claudio\/wp-content\/uploads\/2012\/08\/luminosa_emeu.jpg?resize=525%2C300&ssl=1 1.5x, https:\/\/i0.wp.com\/yuri.com.br\/claudio\/wp-content\/uploads\/2012\/08\/luminosa_emeu.jpg?resize=700%2C400&ssl=1 2x"},"classes":[]}],"_links":{"self":[{"href":"https:\/\/yuri.com.br\/claudio\/wp-json\/wp\/v2\/posts\/5132","targetHints":{"allow":["GET"]}}],"collection":[{"href":"https:\/\/yuri.com.br\/claudio\/wp-json\/wp\/v2\/posts"}],"about":[{"href":"https:\/\/yuri.com.br\/claudio\/wp-json\/wp\/v2\/types\/post"}],"author":[{"embeddable":true,"href":"https:\/\/yuri.com.br\/claudio\/wp-json\/wp\/v2\/users\/2"}],"replies":[{"embeddable":true,"href":"https:\/\/yuri.com.br\/claudio\/wp-json\/wp\/v2\/comments?post=5132"}],"version-history":[{"count":0,"href":"https:\/\/yuri.com.br\/claudio\/wp-json\/wp\/v2\/posts\/5132\/revisions"}],"wp:featuredmedia":[{"embeddable":true,"href":"https:\/\/yuri.com.br\/claudio\/wp-json\/wp\/v2\/media\/5133"}],"wp:attachment":[{"href":"https:\/\/yuri.com.br\/claudio\/wp-json\/wp\/v2\/media?parent=5132"}],"wp:term":[{"taxonomy":"category","embeddable":true,"href":"https:\/\/yuri.com.br\/claudio\/wp-json\/wp\/v2\/categories?post=5132"},{"taxonomy":"post_tag","embeddable":true,"href":"https:\/\/yuri.com.br\/claudio\/wp-json\/wp\/v2\/tags?post=5132"}],"curies":[{"name":"wp","href":"https:\/\/api.w.org\/{rel}","templated":true}]}}