{"id":5123,"date":"2013-05-15T13:57:33","date_gmt":"2013-05-15T13:57:33","guid":{"rendered":"http:\/\/claudiobr.wordpress.com\/?p=5123"},"modified":"2013-05-15T13:57:33","modified_gmt":"2013-05-15T13:57:33","slug":"boulder-session","status":"publish","type":"post","link":"https:\/\/yuri.com.br\/claudio\/2013\/05\/15\/boulder-session\/","title":{"rendered":"&#8220;Boulder Session&#8221;"},"content":{"rendered":"<p>Mais uma session no Rubinho: s\u00e3o 4 linhas de dificuldades progressivas nesta proa: Tapinha nas Costas, Tapa na Cara, Tapa na Orelha e a \u00faltima e concentrada adi\u00e7\u00e3o, Golpe Baixo. Contando com os projetos, o setor j\u00e1 est\u00e1 chegando a 40 linhas. Curiosidade: os cactos vis\u00edveis na imagem s\u00e3o da incr\u00edvel\u00a0\u201c<a href=\"http:\/\/en.wikipedia.org\/wiki\/Pitaya\" target=\"_blank\">fruta do drag\u00e3o<\/a>\u201d (pitaia)!<\/p>\n<p><a href=\"http:\/\/www.flickr.com\/photos\/cbrisighello\/8741529402\/in\/photostream\/lightbox\/\" target=\"_blank\"><img loading=\"lazy\" decoding=\"async\" data-attachment-id=\"5124\" data-permalink=\"https:\/\/yuri.com.br\/claudio\/2013\/05\/15\/boulder-session\/rubinho_babaleia_tapanacara\/\" data-orig-file=\"https:\/\/yuri.com.br\/claudio\/wp-content\/uploads\/2013\/05\/rubinho_babaleia_tapanacara.jpg\" data-orig-size=\"700,594\" data-comments-opened=\"1\" data-image-meta=\"{&quot;aperture&quot;:&quot;7.1&quot;,&quot;credit&quot;:&quot;Claudio Brisighello&quot;,&quot;camera&quot;:&quot;Canon EOS 7D&quot;,&quot;caption&quot;:&quot;&quot;,&quot;created_timestamp&quot;:&quot;1368458220&quot;,&quot;copyright&quot;:&quot;&quot;,&quot;focal_length&quot;:&quot;11&quot;,&quot;iso&quot;:&quot;320&quot;,&quot;shutter_speed&quot;:&quot;0.003125&quot;,&quot;title&quot;:&quot;&quot;}\" data-image-title=\"Session no Rubinho\" data-image-description=\"\" data-image-caption=\"\" data-medium-file=\"https:\/\/yuri.com.br\/claudio\/wp-content\/uploads\/2013\/05\/rubinho_babaleia_tapanacara-300x254.jpg\" data-large-file=\"https:\/\/yuri.com.br\/claudio\/wp-content\/uploads\/2013\/05\/rubinho_babaleia_tapanacara.jpg\" class=\"aligncenter size-full wp-image-5124\" alt=\"clique para aumentar\" title=\"clique para aumentar\" src=\"http:\/\/yuri.com.br\/claudio\/wp-content\/uploads\/2013\/05\/rubinho_babaleia_tapanacara.jpg\" width=\"700\" height=\"594\" srcset=\"https:\/\/yuri.com.br\/claudio\/wp-content\/uploads\/2013\/05\/rubinho_babaleia_tapanacara.jpg 700w, https:\/\/yuri.com.br\/claudio\/wp-content\/uploads\/2013\/05\/rubinho_babaleia_tapanacara-300x254.jpg 300w, https:\/\/yuri.com.br\/claudio\/wp-content\/uploads\/2013\/05\/rubinho_babaleia_tapanacara-210x178.jpg 210w\" sizes=\"auto, (max-width: 700px) 100vw, 700px\" \/><\/a><\/p>\n","protected":false},"excerpt":{"rendered":"<p>Mais uma session no Rubinho: s\u00e3o 4 linhas de dificuldades progressivas nesta proa: Tapinha nas Costas, Tapa na Cara, Tapa na Orelha e a \u00faltima e concentrada adi\u00e7\u00e3o, Golpe Baixo. Contando com os projetos, o setor j\u00e1 est\u00e1 chegando a 40 linhas. Curiosidade: os cactos vis\u00edveis na imagem s\u00e3o da incr\u00edvel\u00a0\u201cfruta do drag\u00e3o\u201d (pitaia)!<\/p>\n","protected":false},"author":2,"featured_media":5124,"comment_status":"open","ping_status":"open","sticky":false,"template":"","format":"standard","meta":{"neve_meta_sidebar":"","neve_meta_container":"","neve_meta_enable_content_width":"","neve_meta_content_width":0,"neve_meta_title_alignment":"","neve_meta_author_avatar":"","neve_post_elements_order":"","neve_meta_disable_header":"","neve_meta_disable_footer":"","neve_meta_disable_title":"","jetpack_post_was_ever_published":false,"_jetpack_newsletter_access":"","_jetpack_dont_email_post_to_subs":false,"_jetpack_newsletter_tier_id":0,"_jetpack_memberships_contains_paywalled_content":false,"_jetpack_memberships_contains_paid_content":false,"footnotes":"","jetpack_publicize_message":"","jetpack_publicize_feature_enabled":true,"jetpack_social_post_already_shared":false,"jetpack_social_options":{"image_generator_settings":{"template":"highway","default_image_id":0,"font":"","enabled":false},"version":2}},"categories":[3],"tags":[],"class_list":["post-5123","post","type-post","status-publish","format-standard","has-post-thumbnail","hentry","category-escalada"],"jetpack_publicize_connections":[],"jetpack_featured_media_url":"https:\/\/yuri.com.br\/claudio\/wp-content\/uploads\/2013\/05\/rubinho_babaleia_tapanacara.jpg","jetpack_shortlink":"https:\/\/wp.me\/p4i7cB-1kD","jetpack_sharing_enabled":true,"jetpack-related-posts":[{"id":5789,"url":"https:\/\/yuri.com.br\/claudio\/2013\/09\/23\/video-golpe-baixo-v10-rubinho\/","url_meta":{"origin":5123,"position":0},"title":"V\u00eddeo: Golpe Baixo V10 @ Rubinho","author":"claudio","date":"23\/set\/2013","format":false,"excerpt":"Desta vez vamos de um boulder duro na proa da entrada, o Golpe Baixo. A encrenca sai a partir do p\u00e9 das outras linhas, mais uma micro fissura e escala a face direita. A dificuldade \u00e9 bem concentrada (se resume aos movimentos iniciais) e portanto dif\u00edcil de graduar. Mas ap\u00f3s\u2026","rel":"","context":"Em &quot;Escalada&quot;","block_context":{"text":"Escalada","link":"https:\/\/yuri.com.br\/claudio\/category\/escalada\/"},"img":{"alt_text":"clique para ampliar!","src":"https:\/\/i0.wp.com\/yuri.com.br\/claudio\/wp-content\/uploads\/2013\/09\/rubinho_medusa_theo.jpg?resize=350%2C200","width":350,"height":200,"srcset":"https:\/\/i0.wp.com\/yuri.com.br\/claudio\/wp-content\/uploads\/2013\/09\/rubinho_medusa_theo.jpg?resize=350%2C200 1x, https:\/\/i0.wp.com\/yuri.com.br\/claudio\/wp-content\/uploads\/2013\/09\/rubinho_medusa_theo.jpg?resize=525%2C300 1.5x, https:\/\/i0.wp.com\/yuri.com.br\/claudio\/wp-content\/uploads\/2013\/09\/rubinho_medusa_theo.jpg?resize=700%2C400 2x"},"classes":[]},{"id":5888,"url":"https:\/\/yuri.com.br\/claudio\/2013\/10\/16\/bbloc-on-the-rock\/","url_meta":{"origin":5123,"position":1},"title":"BBLOC on the ROCK","author":"claudio","date":"16\/out\/2013","format":false,"excerpt":"Essa semana fui com o \"bonde do BBLOC\" curtir mais uma das sa\u00eddas pra rocha que o Bel\u00ea vem realizando com essa galerinha local, que j\u00e1 vem mostrando n\u00edtida evolu\u00e7\u00e3o! O setor da vez foi o Rubinho, que cumpre bem essa fun\u00e7\u00e3o de campo-escola. Com a gra\u00e7a de S\u00e3o Pedro,\u2026","rel":"","context":"Em &quot;Escalada&quot;","block_context":{"text":"Escalada","link":"https:\/\/yuri.com.br\/claudio\/category\/escalada\/"},"img":{"alt_text":"","src":"https:\/\/i0.wp.com\/yuri.com.br\/claudio\/wp-content\/uploads\/2013\/10\/rubinho_bbloc1.jpg?resize=350%2C200&ssl=1","width":350,"height":200,"srcset":"https:\/\/i0.wp.com\/yuri.com.br\/claudio\/wp-content\/uploads\/2013\/10\/rubinho_bbloc1.jpg?resize=350%2C200&ssl=1 1x, https:\/\/i0.wp.com\/yuri.com.br\/claudio\/wp-content\/uploads\/2013\/10\/rubinho_bbloc1.jpg?resize=525%2C300&ssl=1 1.5x, https:\/\/i0.wp.com\/yuri.com.br\/claudio\/wp-content\/uploads\/2013\/10\/rubinho_bbloc1.jpg?resize=700%2C400&ssl=1 2x"},"classes":[]},{"id":5404,"url":"https:\/\/yuri.com.br\/claudio\/2013\/07\/09\/oportunidade-nao-nega-desaforo-v2-rubinho\/","url_meta":{"origin":5123,"position":2},"title":"Oportunidade n\u00e3o nega desaforo V2 @ Rubinho","author":"claudio","date":"9\/jul\/2013","format":false,"excerpt":"Mais uma \"family session\" no Rubinho, com mais uma nova linha: Goro encadenando com um estiloso p\u00e9 na m\u00e3o...","rel":"","context":"Em &quot;Escalada&quot;","block_context":{"text":"Escalada","link":"https:\/\/yuri.com.br\/claudio\/category\/escalada\/"},"img":{"alt_text":"","src":"https:\/\/i0.wp.com\/yuri.com.br\/claudio\/wp-content\/uploads\/2013\/07\/rubinho_oportunidade_goro.jpg?resize=350%2C200&ssl=1","width":350,"height":200,"srcset":"https:\/\/i0.wp.com\/yuri.com.br\/claudio\/wp-content\/uploads\/2013\/07\/rubinho_oportunidade_goro.jpg?resize=350%2C200&ssl=1 1x, https:\/\/i0.wp.com\/yuri.com.br\/claudio\/wp-content\/uploads\/2013\/07\/rubinho_oportunidade_goro.jpg?resize=525%2C300&ssl=1 1.5x, https:\/\/i0.wp.com\/yuri.com.br\/claudio\/wp-content\/uploads\/2013\/07\/rubinho_oportunidade_goro.jpg?resize=700%2C400&ssl=1 2x"},"classes":[]},{"id":5255,"url":"https:\/\/yuri.com.br\/claudio\/2013\/06\/04\/pra-variar\/","url_meta":{"origin":5123,"position":3},"title":"Pra variar&#8230;","author":"claudio","date":"4\/jun\/2013","format":false,"excerpt":"Mais fotos do setor Rubinho: Edu Belis\u00e1rio mandando o cl\u00e1ssico Buracos (V4? Depende da sua estatura!), foto tirada no topo do projeto Medusa, com o bloco do Rollerblade acima e a galera sentada no bloco do Fontainebinho. D\u00e1 pra ter uma no\u00e7\u00e3o da proximidade entre os boulders. Camila Ferreira mandando\u2026","rel":"","context":"Em &quot;Escalada&quot;","block_context":{"text":"Escalada","link":"https:\/\/yuri.com.br\/claudio\/category\/escalada\/"},"img":{"alt_text":"","src":"https:\/\/i0.wp.com\/yuri.com.br\/claudio\/wp-content\/uploads\/2013\/06\/rubinho_edubelisario_buracos.jpg?resize=350%2C200&ssl=1","width":350,"height":200},"classes":[]},{"id":4071,"url":"https:\/\/yuri.com.br\/claudio\/2012\/09\/19\/ubt-session\/","url_meta":{"origin":5123,"position":4},"title":"UBT session","author":"claudio","date":"19\/set\/2012","format":false,"excerpt":"Depois de muito tempo sem viajar para escalar, por fim uma rock-trip! Apesar do calorz\u00e3o que anda fazendo esses dias, \u00e9 sempre bom estar nesse point t\u00e3o desenvolvido e com uma incr\u00edvel concentra\u00e7\u00e3o de op\u00e7\u00f5es por metro quadrado. Tamb\u00e9m foi bom poder me testar e perceber que S\u00e3o Bento tem\u2026","rel":"","context":"Em &quot;Escalada&quot;","block_context":{"text":"Escalada","link":"https:\/\/yuri.com.br\/claudio\/category\/escalada\/"},"img":{"alt_text":"","src":"https:\/\/i0.wp.com\/yuri.com.br\/claudio\/wp-content\/uploads\/2012\/09\/ubt_paisagem2012set.jpg?resize=350%2C200&ssl=1","width":350,"height":200},"classes":[]},{"id":5726,"url":"https:\/\/yuri.com.br\/claudio\/2013\/09\/05\/jardim-japones-aranha\/","url_meta":{"origin":5123,"position":5},"title":"Jardim Japon\u00eas @ Aranha","author":"claudio","date":"5\/set\/2013","format":false,"excerpt":"A temporada j\u00e1 vem dando sinais de quentura e chuva, mas deu tempo de voltar ao Aranha esses dias para uma session descontra\u00edda. Os \u00faltimos trampos foram no sub-setor entitulado \"Jardim Japon\u00eas\", no caminho para a fal\u00e9sia, e foi pra l\u00e1 que fomos matar a saudade. Abrimos o Story of\u2026","rel":"","context":"Em &quot;Escalada&quot;","block_context":{"text":"Escalada","link":"https:\/\/yuri.com.br\/claudio\/category\/escalada\/"},"img":{"alt_text":"","src":"https:\/\/i0.wp.com\/yuri.com.br\/claudio\/wp-content\/uploads\/2013\/09\/aranha_mobytrick_lello_web.jpg?resize=350%2C200&ssl=1","width":350,"height":200,"srcset":"https:\/\/i0.wp.com\/yuri.com.br\/claudio\/wp-content\/uploads\/2013\/09\/aranha_mobytrick_lello_web.jpg?resize=350%2C200&ssl=1 1x, https:\/\/i0.wp.com\/yuri.com.br\/claudio\/wp-content\/uploads\/2013\/09\/aranha_mobytrick_lello_web.jpg?resize=525%2C300&ssl=1 1.5x, https:\/\/i0.wp.com\/yuri.com.br\/claudio\/wp-content\/uploads\/2013\/09\/aranha_mobytrick_lello_web.jpg?resize=700%2C400&ssl=1 2x, https:\/\/i0.wp.com\/yuri.com.br\/claudio\/wp-content\/uploads\/2013\/09\/aranha_mobytrick_lello_web.jpg?resize=1050%2C600&ssl=1 3x"},"classes":[]}],"_links":{"self":[{"href":"https:\/\/yuri.com.br\/claudio\/wp-json\/wp\/v2\/posts\/5123","targetHints":{"allow":["GET"]}}],"collection":[{"href":"https:\/\/yuri.com.br\/claudio\/wp-json\/wp\/v2\/posts"}],"about":[{"href":"https:\/\/yuri.com.br\/claudio\/wp-json\/wp\/v2\/types\/post"}],"author":[{"embeddable":true,"href":"https:\/\/yuri.com.br\/claudio\/wp-json\/wp\/v2\/users\/2"}],"replies":[{"embeddable":true,"href":"https:\/\/yuri.com.br\/claudio\/wp-json\/wp\/v2\/comments?post=5123"}],"version-history":[{"count":0,"href":"https:\/\/yuri.com.br\/claudio\/wp-json\/wp\/v2\/posts\/5123\/revisions"}],"wp:featuredmedia":[{"embeddable":true,"href":"https:\/\/yuri.com.br\/claudio\/wp-json\/wp\/v2\/media\/5124"}],"wp:attachment":[{"href":"https:\/\/yuri.com.br\/claudio\/wp-json\/wp\/v2\/media?parent=5123"}],"wp:term":[{"taxonomy":"category","embeddable":true,"href":"https:\/\/yuri.com.br\/claudio\/wp-json\/wp\/v2\/categories?post=5123"},{"taxonomy":"post_tag","embeddable":true,"href":"https:\/\/yuri.com.br\/claudio\/wp-json\/wp\/v2\/tags?post=5123"}],"curies":[{"name":"wp","href":"https:\/\/api.w.org\/{rel}","templated":true}]}}