{"id":5112,"date":"2013-05-14T13:55:59","date_gmt":"2013-05-14T13:55:59","guid":{"rendered":"http:\/\/claudiobr.wordpress.com\/?p=5112"},"modified":"2013-05-14T13:55:59","modified_gmt":"2013-05-14T13:55:59","slug":"pesquisa-sao-bento","status":"publish","type":"post","link":"https:\/\/yuri.com.br\/claudio\/2013\/05\/14\/pesquisa-sao-bento\/","title":{"rendered":"Pesquisa S\u00e3o Bento"},"content":{"rendered":"<p>Muitos j\u00e1 preencheram mas n\u00e3o custa refor\u00e7ar: se vc j\u00e1 veio pra S\u00e3o Bento, n\u00e3o deixe de participar da pesquisa:<\/p>\n<p><a href=\"http:\/\/sumbaboulder.blogspot.com.br\/2013\/05\/PESQUISA.html\" target=\"_blank\">http:\/\/sumbaboulder.blogspot.com.br\/2013\/05\/PESQUISA.html<\/a><\/p>\n<p>S\u00e3o 5 minutinhos seus que ajudar\u00e3o a concretizar alguns dados importantes para o futuro. Valeu!<\/p>\n","protected":false},"excerpt":{"rendered":"<p>Muitos j\u00e1 preencheram mas n\u00e3o custa refor\u00e7ar: se vc j\u00e1 veio pra S\u00e3o Bento, n\u00e3o deixe de participar da pesquisa: http:\/\/sumbaboulder.blogspot.com.br\/2013\/05\/PESQUISA.html S\u00e3o 5 minutinhos seus que ajudar\u00e3o a concretizar alguns dados importantes para o futuro. Valeu!<\/p>\n","protected":false},"author":2,"featured_media":0,"comment_status":"open","ping_status":"open","sticky":false,"template":"","format":"standard","meta":{"neve_meta_sidebar":"","neve_meta_container":"","neve_meta_enable_content_width":"","neve_meta_content_width":0,"neve_meta_title_alignment":"","neve_meta_author_avatar":"","neve_post_elements_order":"","neve_meta_disable_header":"","neve_meta_disable_footer":"","neve_meta_disable_title":"","jetpack_post_was_ever_published":false,"_jetpack_newsletter_access":"","_jetpack_dont_email_post_to_subs":false,"_jetpack_newsletter_tier_id":0,"_jetpack_memberships_contains_paywalled_content":false,"_jetpack_memberships_contains_paid_content":false,"footnotes":"","jetpack_publicize_message":"","jetpack_publicize_feature_enabled":true,"jetpack_social_post_already_shared":false,"jetpack_social_options":{"image_generator_settings":{"template":"highway","default_image_id":0,"font":"","enabled":false},"version":2}},"categories":[3],"tags":[],"class_list":["post-5112","post","type-post","status-publish","format-standard","hentry","category-escalada"],"jetpack_publicize_connections":[],"jetpack_featured_media_url":"","jetpack_shortlink":"https:\/\/wp.me\/p4i7cB-1ks","jetpack_sharing_enabled":true,"jetpack-related-posts":[{"id":3701,"url":"https:\/\/yuri.com.br\/claudio\/2012\/06\/05\/seg-de-corpus-christi\/","url_meta":{"origin":5112,"position":0},"title":"&#8216;Seg&#8217; de Corpus Christi","author":"claudio","date":"5\/jun\/2012","format":false,"excerpt":"A maioria j\u00e1 sabe e est\u00e1 vindo a\u00ea, mas n\u00e3o custa aumentar o coro: nesse fds tem Campeonato Brasileiro seguido de Festa na Montanha 2012 em S\u00e3o Bento! Uma \"prociss\u00e3o\" de escaladores vai encher a cidade... nos vemos por l\u00e1!","rel":"","context":"Em &quot;Escalada&quot;","block_context":{"text":"Escalada","link":"https:\/\/yuri.com.br\/claudio\/category\/escalada\/"},"img":{"alt_text":"","src":"https:\/\/i0.wp.com\/yuri.com.br\/claudio\/wp-content\/uploads\/2012\/06\/campeonato_brasileiro_boulder_2012.jpg?resize=350%2C200&ssl=1","width":350,"height":200,"srcset":"https:\/\/i0.wp.com\/yuri.com.br\/claudio\/wp-content\/uploads\/2012\/06\/campeonato_brasileiro_boulder_2012.jpg?resize=350%2C200&ssl=1 1x, https:\/\/i0.wp.com\/yuri.com.br\/claudio\/wp-content\/uploads\/2012\/06\/campeonato_brasileiro_boulder_2012.jpg?resize=525%2C300&ssl=1 1.5x"},"classes":[]},{"id":5554,"url":"https:\/\/yuri.com.br\/claudio\/2013\/08\/09\/bbloc\/","url_meta":{"origin":5112,"position":1},"title":"BBLOC","author":"claudio","date":"9\/ago\/2013","format":false,"excerpt":"Acho que toda a comunidade escaladora est\u00e1 sabendo, mas n\u00e3o custa refor\u00e7ar o coro: est\u00e1 aberto o BBLOC aqui em S\u00e3o Bento do Sapuca\u00ed, dos s\u00f3cios Bel\u00ea\/N\u00edvea e Marcos, com uma incr\u00edvel cave cheia de placas curvas (ondas), tem at\u00e9 um arco pra galera se torturar, al\u00e9m de muros de\u2026","rel":"","context":"Em &quot;Escalada&quot;","block_context":{"text":"Escalada","link":"https:\/\/yuri.com.br\/claudio\/category\/escalada\/"},"img":{"alt_text":"","src":"","width":0,"height":0},"classes":[]},{"id":4929,"url":"https:\/\/yuri.com.br\/claudio\/2013\/05\/05\/macaron\/","url_meta":{"origin":5112,"position":2},"title":"Macaron","author":"claudio","date":"5\/maio\/2013","format":false,"excerpt":"Em tempos de BoicotaSP provocando debates e reflex\u00f5es na sociedade de consumo, \u00e9 um bom momento para refor\u00e7ar a satisfa\u00e7\u00e3o do \"fa\u00e7a vc mesmo\"! Esse aqui eu n\u00e3o tinha como n\u00e3o mostrar: macarons caseiros, by Yuri! Uma unidade desses docinhos franceses, que vc come em praticamente uma bocada (te levando\u2026","rel":"","context":"Em &quot;'Baixa' Gastronomia&quot;","block_context":{"text":"'Baixa' Gastronomia","link":"https:\/\/yuri.com.br\/claudio\/category\/baixa-gastronomia\/"},"img":{"alt_text":"","src":"https:\/\/i0.wp.com\/yuri.com.br\/claudio\/wp-content\/uploads\/2013\/05\/macaron1.jpg?resize=350%2C200&ssl=1","width":350,"height":200,"srcset":"https:\/\/i0.wp.com\/yuri.com.br\/claudio\/wp-content\/uploads\/2013\/05\/macaron1.jpg?resize=350%2C200&ssl=1 1x, https:\/\/i0.wp.com\/yuri.com.br\/claudio\/wp-content\/uploads\/2013\/05\/macaron1.jpg?resize=525%2C300&ssl=1 1.5x, https:\/\/i0.wp.com\/yuri.com.br\/claudio\/wp-content\/uploads\/2013\/05\/macaron1.jpg?resize=700%2C400&ssl=1 2x"},"classes":[]},{"id":3439,"url":"https:\/\/yuri.com.br\/claudio\/2012\/02\/19\/pao-bento\/","url_meta":{"origin":5112,"position":3},"title":"P\u00e3o Bento","author":"claudio","date":"19\/fev\/2012","format":false,"excerpt":"Mais uma propaganda bem intencionada, desta vez comest\u00edvel. Se existe o famoso p\u00e9 de moleque de Piranguinho, por que n\u00e3o o p\u00e3o de queijo de S\u00e3o Bento do Sapuca\u00ed? Eis que surge a proposta do P\u00e3o Bento da Mantiqueira, um p\u00e3o de queijo fiel \u00e0s origens (leia-se muito queijo meia-cura)\u2026","rel":"","context":"Em &quot;'Baixa' Gastronomia&quot;","block_context":{"text":"'Baixa' Gastronomia","link":"https:\/\/yuri.com.br\/claudio\/category\/baixa-gastronomia\/"},"img":{"alt_text":"","src":"https:\/\/i0.wp.com\/yuri.com.br\/claudio\/wp-content\/uploads\/2012\/02\/logo.jpg?resize=350%2C200&ssl=1","width":350,"height":200},"classes":[]},{"id":473,"url":"https:\/\/yuri.com.br\/claudio\/2009\/03\/12\/mixtape-15\/","url_meta":{"origin":5112,"position":4},"title":"mixtape #15","author":"claudio","date":"12\/mar\/2009","format":false,"excerpt":"\u00a0 \u00a0 \u00a0 \u00a0 \u00a0 \u00a0 \u00a0 \u00a0 \u00a0 Mais 40 minutinhos no capricho, pra vc apagar a luz e ligar os 'estrobos piscantes' :-) mixtape #15 The Templeton Twins - Can't Take My Eyes Off Of You (intro) Tosca - Heidi Bruehl (Makossa & Megablast Remix) Parov Stelar -\u2026","rel":"","context":"Em &quot;M\u00fasica&quot;","block_context":{"text":"M\u00fasica","link":"https:\/\/yuri.com.br\/claudio\/category\/musica\/"},"img":{"alt_text":"Vitrola","src":"https:\/\/i0.wp.com\/yuri.com.br\/claudio\/wp-content\/uploads\/2009\/03\/vitrola.jpg?resize=350%2C200","width":350,"height":200},"classes":[]},{"id":3692,"url":"https:\/\/yuri.com.br\/claudio\/2012\/05\/29\/cachacas-da-regiao\/","url_meta":{"origin":5112,"position":5},"title":"Cacha\u00e7as da regi\u00e3o","author":"claudio","date":"29\/maio\/2012","format":false,"excerpt":"As 2 boas canas das redondezas de S\u00e3o Bento do Sapuca\u00ed: Luminosa e Gon\u00e7alves. No garraf\u00e3o temos um l\u00edquido com 9 anos de idade, envelhecido com lascas de carvalho. E na direita, cacha\u00e7a envelhecida com folha de figo. Os 6 litros acima est\u00e3o destinados a um casamento. Pressinto que ao\u2026","rel":"","context":"Em &quot;'Baixa' Gastronomia&quot;","block_context":{"text":"'Baixa' Gastronomia","link":"https:\/\/yuri.com.br\/claudio\/category\/baixa-gastronomia\/"},"img":{"alt_text":"","src":"https:\/\/i0.wp.com\/yuri.com.br\/claudio\/wp-content\/uploads\/2012\/05\/presente_cesinhatati.jpg?resize=350%2C200&ssl=1","width":350,"height":200,"srcset":"https:\/\/i0.wp.com\/yuri.com.br\/claudio\/wp-content\/uploads\/2012\/05\/presente_cesinhatati.jpg?resize=350%2C200&ssl=1 1x, https:\/\/i0.wp.com\/yuri.com.br\/claudio\/wp-content\/uploads\/2012\/05\/presente_cesinhatati.jpg?resize=525%2C300&ssl=1 1.5x, https:\/\/i0.wp.com\/yuri.com.br\/claudio\/wp-content\/uploads\/2012\/05\/presente_cesinhatati.jpg?resize=700%2C400&ssl=1 2x"},"classes":[]}],"_links":{"self":[{"href":"https:\/\/yuri.com.br\/claudio\/wp-json\/wp\/v2\/posts\/5112","targetHints":{"allow":["GET"]}}],"collection":[{"href":"https:\/\/yuri.com.br\/claudio\/wp-json\/wp\/v2\/posts"}],"about":[{"href":"https:\/\/yuri.com.br\/claudio\/wp-json\/wp\/v2\/types\/post"}],"author":[{"embeddable":true,"href":"https:\/\/yuri.com.br\/claudio\/wp-json\/wp\/v2\/users\/2"}],"replies":[{"embeddable":true,"href":"https:\/\/yuri.com.br\/claudio\/wp-json\/wp\/v2\/comments?post=5112"}],"version-history":[{"count":0,"href":"https:\/\/yuri.com.br\/claudio\/wp-json\/wp\/v2\/posts\/5112\/revisions"}],"wp:attachment":[{"href":"https:\/\/yuri.com.br\/claudio\/wp-json\/wp\/v2\/media?parent=5112"}],"wp:term":[{"taxonomy":"category","embeddable":true,"href":"https:\/\/yuri.com.br\/claudio\/wp-json\/wp\/v2\/categories?post=5112"},{"taxonomy":"post_tag","embeddable":true,"href":"https:\/\/yuri.com.br\/claudio\/wp-json\/wp\/v2\/tags?post=5112"}],"curies":[{"name":"wp","href":"https:\/\/api.w.org\/{rel}","templated":true}]}}