{"id":5094,"date":"2013-05-08T18:52:44","date_gmt":"2013-05-08T18:52:44","guid":{"rendered":"http:\/\/claudiobr.wordpress.com\/?p=5094"},"modified":"2014-02-03T13:14:32","modified_gmt":"2014-02-03T13:14:32","slug":"galeria-de-fotos-no-blog","status":"publish","type":"post","link":"https:\/\/yuri.com.br\/claudio\/2013\/05\/08\/galeria-de-fotos-no-blog\/","title":{"rendered":"Galeria de fotos no blog"},"content":{"rendered":"<p>Faz tempo que n\u00e3o assino mais o Flickr &#8220;Pro&#8221;. Com a limita\u00e7\u00e3o de storage por l\u00e1, as minhas fotos v\u00e3o se perdendo&#8230; Resolvi ent\u00e3o fazer uma sele\u00e7\u00e3o e hospedar por aqui mesmo, no blog. Na coluna ao lado tem os links&#8230; enjoy!<\/p>\n","protected":false},"excerpt":{"rendered":"<p>Faz tempo que n\u00e3o assino mais o Flickr &#8220;Pro&#8221;. Com a limita\u00e7\u00e3o de storage por l\u00e1, as minhas fotos v\u00e3o se perdendo&#8230; Resolvi ent\u00e3o fazer uma sele\u00e7\u00e3o e hospedar por aqui mesmo, no blog. Na coluna ao lado tem os links&#8230; enjoy!<\/p>\n","protected":false},"author":2,"featured_media":0,"comment_status":"open","ping_status":"open","sticky":false,"template":"","format":"standard","meta":{"neve_meta_sidebar":"","neve_meta_container":"","neve_meta_enable_content_width":"","neve_meta_content_width":0,"neve_meta_title_alignment":"","neve_meta_author_avatar":"","neve_post_elements_order":"","neve_meta_disable_header":"","neve_meta_disable_footer":"","neve_meta_disable_title":"","jetpack_post_was_ever_published":false,"_jetpack_newsletter_access":"","_jetpack_dont_email_post_to_subs":false,"_jetpack_newsletter_tier_id":0,"_jetpack_memberships_contains_paywalled_content":false,"_jetpack_memberships_contains_paid_content":false,"footnotes":"","jetpack_publicize_message":"","jetpack_publicize_feature_enabled":true,"jetpack_social_post_already_shared":false,"jetpack_social_options":{"image_generator_settings":{"template":"highway","default_image_id":0,"font":"","enabled":false},"version":2}},"categories":[5],"tags":[],"class_list":["post-5094","post","type-post","status-publish","format-standard","hentry","category-outros"],"jetpack_publicize_connections":[],"jetpack_featured_media_url":"","jetpack_shortlink":"https:\/\/wp.me\/p4i7cB-1ka","jetpack_sharing_enabled":true,"jetpack-related-posts":[{"id":3246,"url":"https:\/\/yuri.com.br\/claudio\/2011\/12\/03\/fotos-fritas\/","url_meta":{"origin":5094,"position":0},"title":"Fotos Fritas","author":"claudio","date":"3\/dez\/2011","format":false,"excerpt":"Com o calend\u00e1rio devidamente lan\u00e7ado, divulgo ent\u00e3o as fotos que fiz aqui em S\u00e3o Bento do Sapuca\u00ed: N\u00edvea no Cartucheira, V6 highball no Aranha. O bloc\u00e3o tem o Ba\u00fa ao fundo, facilitando uma composi\u00e7\u00e3o bonita. O ideal ali seria um fim de tarde, portanto utilizei um flash para equilibrar um\u2026","rel":"","context":"Em &quot;Escalada&quot;","block_context":{"text":"Escalada","link":"https:\/\/yuri.com.br\/claudio\/category\/escalada\/"},"img":{"alt_text":"","src":"https:\/\/i0.wp.com\/yuri.com.br\/claudio\/wp-content\/uploads\/2011\/12\/dedosfritos_nivea_panorama_small.jpg?resize=350%2C200&ssl=1","width":350,"height":200,"srcset":"https:\/\/i0.wp.com\/yuri.com.br\/claudio\/wp-content\/uploads\/2011\/12\/dedosfritos_nivea_panorama_small.jpg?resize=350%2C200&ssl=1 1x, https:\/\/i0.wp.com\/yuri.com.br\/claudio\/wp-content\/uploads\/2011\/12\/dedosfritos_nivea_panorama_small.jpg?resize=525%2C300&ssl=1 1.5x, https:\/\/i0.wp.com\/yuri.com.br\/claudio\/wp-content\/uploads\/2011\/12\/dedosfritos_nivea_panorama_small.jpg?resize=700%2C400&ssl=1 2x"},"classes":[]},{"id":5492,"url":"https:\/\/yuri.com.br\/claudio\/2013\/07\/24\/5-anos\/","url_meta":{"origin":5094,"position":1},"title":"5 anos enchendo lingui\u00e7a","author":"claudio","date":"24\/jul\/2013","format":false,"excerpt":"N\u00e3o \u00e9 todo dia que fazemos \"5 anos de alguma coisa\", ent\u00e3o fiquei surpreso ao ser avisado pelo wordpress que este blog completou 5 aninhos. Olhando para tr\u00e1s, percebo que a fotografia tem desempenhado bastante neste blog, tanto que movi meu acervo de imagens para c\u00e1. Ent\u00e3o vamos falar um\u2026","rel":"","context":"Em &quot;Outros&quot;","block_context":{"text":"Outros","link":"https:\/\/yuri.com.br\/claudio\/category\/outros\/"},"img":{"alt_text":"","src":"","width":0,"height":0},"classes":[]},{"id":254,"url":"https:\/\/yuri.com.br\/claudio\/2008\/10\/31\/sobre-o-campeonato-estadual-de-boulder-rj-2008\/","url_meta":{"origin":5094,"position":2},"title":"Sobre o Campeonato Estadual de Boulder RJ 2008","author":"claudio","date":"31\/out\/2008","format":false,"excerpt":"Neste m\u00eas de outubro\u00a0terminou o Campeonato Estadual de Escalada (Boulder) do RJ 2008. Sobre os resultados oficiais eu indico 2 artigos: Blog da Lojinha de Escalada Blog do Caio Gomes E clicando neste link pode-se conferir algumas fotos que fiz desta \u00faltima etapa na Limite Vertical. Aproveito este espa\u00e7o para\u2026","rel":"","context":"Em &quot;Escalada&quot;","block_context":{"text":"Escalada","link":"https:\/\/yuri.com.br\/claudio\/category\/escalada\/"},"img":{"alt_text":"","src":"https:\/\/i0.wp.com\/yuri.com.br\/claudio\/wp-content\/uploads\/2008\/10\/jornaldossports_estadualrj2008.jpg?resize=350%2C200&ssl=1","width":350,"height":200,"srcset":"https:\/\/i0.wp.com\/yuri.com.br\/claudio\/wp-content\/uploads\/2008\/10\/jornaldossports_estadualrj2008.jpg?resize=350%2C200&ssl=1 1x, https:\/\/i0.wp.com\/yuri.com.br\/claudio\/wp-content\/uploads\/2008\/10\/jornaldossports_estadualrj2008.jpg?resize=525%2C300&ssl=1 1.5x, https:\/\/i0.wp.com\/yuri.com.br\/claudio\/wp-content\/uploads\/2008\/10\/jornaldossports_estadualrj2008.jpg?resize=700%2C400&ssl=1 2x"},"classes":[]},{"id":3129,"url":"https:\/\/yuri.com.br\/claudio\/2011\/10\/10\/dedos-fritos-2012\/","url_meta":{"origin":5094,"position":3},"title":"Dedos Fritos 2012","author":"claudio","date":"10\/out\/2011","format":false,"excerpt":"Mais uma foto de escalada, desta vez durante a session para o tal calend\u00e1rio das mulheres. O dif\u00edcil mesmo foi conciliar o prazo curto devido ao Sumba Boulder e as agendas compromissadas, me deixando praticamente com uma chance pra fazer a foto, topando qualquer hor\u00e1rio, luz ou lugar que fosse.\u2026","rel":"","context":"Em &quot;Escalada&quot;","block_context":{"text":"Escalada","link":"https:\/\/yuri.com.br\/claudio\/category\/escalada\/"},"img":{"alt_text":"","src":"https:\/\/i0.wp.com\/yuri.com.br\/claudio\/wp-content\/uploads\/2011\/10\/dedosfritos_nivea_close_small.jpg?resize=350%2C200&ssl=1","width":350,"height":200,"srcset":"https:\/\/i0.wp.com\/yuri.com.br\/claudio\/wp-content\/uploads\/2011\/10\/dedosfritos_nivea_close_small.jpg?resize=350%2C200&ssl=1 1x, https:\/\/i0.wp.com\/yuri.com.br\/claudio\/wp-content\/uploads\/2011\/10\/dedosfritos_nivea_close_small.jpg?resize=525%2C300&ssl=1 1.5x, https:\/\/i0.wp.com\/yuri.com.br\/claudio\/wp-content\/uploads\/2011\/10\/dedosfritos_nivea_close_small.jpg?resize=700%2C400&ssl=1 2x"},"classes":[]},{"id":1511,"url":"https:\/\/yuri.com.br\/claudio\/2010\/02\/09\/project-365\/","url_meta":{"origin":5094,"position":4},"title":"Project 365","author":"claudio","date":"9\/fev\/2010","format":false,"excerpt":"Desde o ano passado, notei alguns malucos se comprometendo num projeto fotogr\u00e1fico que consiste em tirar uma foto por dia, durante os 365 dias do ano. O destaque foi Dustin Diaz, que chegou a ser eleito o Best Flickr Photographer de 2009 em vota\u00e7\u00e3o popular. Ele ainda publicava os setups\u2026","rel":"","context":"Em &quot;Outros&quot;","block_context":{"text":"Outros","link":"https:\/\/yuri.com.br\/claudio\/category\/outros\/"},"img":{"alt_text":"","src":"https:\/\/i0.wp.com\/l.yimg.com\/g\/images\/spaceball.gif?resize=350%2C200","width":350,"height":200},"classes":[]},{"id":4537,"url":"https:\/\/yuri.com.br\/claudio\/2013\/02\/01\/five-ten-team-brasil\/","url_meta":{"origin":5094,"position":5},"title":"FIVE TEN Team Brasil","author":"claudio","date":"1\/fev\/2013","format":false,"excerpt":"A equipe est\u00e1 crescendo e l\u00e1 fui eu fazer mais fotos. Lembra da japinha no campeonato brasileiro? Olha ela a\u00ed, seu nome \u00e9 Bruna. S\u00f3 este reconhecimento\/incentivo a ela j\u00e1 justificaria a escolha de minha pr\u00f3xima sapatilha. Fica a dica: Dragon (sim, aquela que vc v\u00ea pisando em mto V14\u2026","rel":"","context":"Em &quot;Escalada&quot;","block_context":{"text":"Escalada","link":"https:\/\/yuri.com.br\/claudio\/category\/escalada\/"},"img":{"alt_text":"","src":"https:\/\/i0.wp.com\/yuri.com.br\/claudio\/wp-content\/uploads\/2013\/02\/teambrasil_squarecrop.jpg?resize=350%2C200&ssl=1","width":350,"height":200,"srcset":"https:\/\/i0.wp.com\/yuri.com.br\/claudio\/wp-content\/uploads\/2013\/02\/teambrasil_squarecrop.jpg?resize=350%2C200&ssl=1 1x, https:\/\/i0.wp.com\/yuri.com.br\/claudio\/wp-content\/uploads\/2013\/02\/teambrasil_squarecrop.jpg?resize=525%2C300&ssl=1 1.5x, https:\/\/i0.wp.com\/yuri.com.br\/claudio\/wp-content\/uploads\/2013\/02\/teambrasil_squarecrop.jpg?resize=700%2C400&ssl=1 2x"},"classes":[]}],"_links":{"self":[{"href":"https:\/\/yuri.com.br\/claudio\/wp-json\/wp\/v2\/posts\/5094","targetHints":{"allow":["GET"]}}],"collection":[{"href":"https:\/\/yuri.com.br\/claudio\/wp-json\/wp\/v2\/posts"}],"about":[{"href":"https:\/\/yuri.com.br\/claudio\/wp-json\/wp\/v2\/types\/post"}],"author":[{"embeddable":true,"href":"https:\/\/yuri.com.br\/claudio\/wp-json\/wp\/v2\/users\/2"}],"replies":[{"embeddable":true,"href":"https:\/\/yuri.com.br\/claudio\/wp-json\/wp\/v2\/comments?post=5094"}],"version-history":[{"count":1,"href":"https:\/\/yuri.com.br\/claudio\/wp-json\/wp\/v2\/posts\/5094\/revisions"}],"predecessor-version":[{"id":7166,"href":"https:\/\/yuri.com.br\/claudio\/wp-json\/wp\/v2\/posts\/5094\/revisions\/7166"}],"wp:attachment":[{"href":"https:\/\/yuri.com.br\/claudio\/wp-json\/wp\/v2\/media?parent=5094"}],"wp:term":[{"taxonomy":"category","embeddable":true,"href":"https:\/\/yuri.com.br\/claudio\/wp-json\/wp\/v2\/categories?post=5094"},{"taxonomy":"post_tag","embeddable":true,"href":"https:\/\/yuri.com.br\/claudio\/wp-json\/wp\/v2\/tags?post=5094"}],"curies":[{"name":"wp","href":"https:\/\/api.w.org\/{rel}","templated":true}]}}