{"id":4885,"date":"2013-04-27T01:13:57","date_gmt":"2013-04-27T01:13:57","guid":{"rendered":"http:\/\/claudiobr.wordpress.com\/?p=4885"},"modified":"2013-04-27T01:13:57","modified_gmt":"2013-04-27T01:13:57","slug":"complexo-pedra-do-bau","status":"publish","type":"post","link":"https:\/\/yuri.com.br\/claudio\/2013\/04\/27\/complexo-pedra-do-bau\/","title":{"rendered":"Complexo Pedra do Ba\u00fa"},"content":{"rendered":"<p>Esta foto frontal do Ba\u00fa \u00e9 cl\u00e1ssica, do tipo &#8220;apontar e clicar&#8221;. Hoje finalmente resolvi parar o carro e sacar a c\u00e2mera!<\/p>\n<p style=\"text-align:center;\"><a href=\"http:\/\/www.flickr.com\/photos\/cbrisighello\/8683214331\/in\/photostream\/lightbox\/\"><img loading=\"lazy\" decoding=\"async\" data-attachment-id=\"4890\" data-permalink=\"https:\/\/yuri.com.br\/claudio\/2013\/04\/27\/complexo-pedra-do-bau\/complexobau\/\" data-orig-file=\"https:\/\/yuri.com.br\/claudio\/wp-content\/uploads\/2013\/04\/complexobau.jpg\" data-orig-size=\"620,930\" data-comments-opened=\"1\" data-image-meta=\"{&quot;aperture&quot;:&quot;11&quot;,&quot;credit&quot;:&quot;Claudio Brisighello&quot;,&quot;camera&quot;:&quot;Canon EOS 7D&quot;,&quot;caption&quot;:&quot;&quot;,&quot;created_timestamp&quot;:&quot;1366991266&quot;,&quot;copyright&quot;:&quot;&quot;,&quot;focal_length&quot;:&quot;14&quot;,&quot;iso&quot;:&quot;160&quot;,&quot;shutter_speed&quot;:&quot;0.004&quot;,&quot;title&quot;:&quot;&quot;}\" data-image-title=\"ComplexoBau\" data-image-description=\"\" data-image-caption=\"\" data-medium-file=\"https:\/\/yuri.com.br\/claudio\/wp-content\/uploads\/2013\/04\/complexobau-200x300.jpg\" data-large-file=\"https:\/\/yuri.com.br\/claudio\/wp-content\/uploads\/2013\/04\/complexobau.jpg\" class=\"aligncenter size-full wp-image-4890\" alt=\"Complexo Pedra do Ba\u00fa\" src=\"http:\/\/yuri.com.br\/claudio\/wp-content\/uploads\/2013\/04\/complexobau.jpg\" width=\"620\" height=\"930\" srcset=\"https:\/\/yuri.com.br\/claudio\/wp-content\/uploads\/2013\/04\/complexobau.jpg 620w, https:\/\/yuri.com.br\/claudio\/wp-content\/uploads\/2013\/04\/complexobau-200x300.jpg 200w, https:\/\/yuri.com.br\/claudio\/wp-content\/uploads\/2013\/04\/complexobau-210x315.jpg 210w\" sizes=\"auto, (max-width: 620px) 100vw, 620px\" \/><\/a><\/p>\n","protected":false},"excerpt":{"rendered":"<p>Esta foto frontal do Ba\u00fa \u00e9 cl\u00e1ssica, do tipo &#8220;apontar e clicar&#8221;. Hoje finalmente resolvi parar o carro e sacar a c\u00e2mera!<\/p>\n","protected":false},"author":2,"featured_media":4886,"comment_status":"open","ping_status":"open","sticky":false,"template":"","format":"standard","meta":{"neve_meta_sidebar":"","neve_meta_container":"","neve_meta_enable_content_width":"","neve_meta_content_width":0,"neve_meta_title_alignment":"","neve_meta_author_avatar":"","neve_post_elements_order":"","neve_meta_disable_header":"","neve_meta_disable_footer":"","neve_meta_disable_title":"","jetpack_post_was_ever_published":false,"_jetpack_newsletter_access":"","_jetpack_dont_email_post_to_subs":false,"_jetpack_newsletter_tier_id":0,"_jetpack_memberships_contains_paywalled_content":false,"_jetpack_memberships_contains_paid_content":false,"footnotes":"","jetpack_publicize_message":"","jetpack_publicize_feature_enabled":true,"jetpack_social_post_already_shared":false,"jetpack_social_options":{"image_generator_settings":{"template":"highway","default_image_id":0,"font":"","enabled":false},"version":2}},"categories":[3],"tags":[],"class_list":["post-4885","post","type-post","status-publish","format-standard","has-post-thumbnail","hentry","category-escalada"],"jetpack_publicize_connections":[],"jetpack_featured_media_url":"https:\/\/yuri.com.br\/claudio\/wp-content\/uploads\/2013\/04\/complexobau_blogger.jpg","jetpack_shortlink":"https:\/\/wp.me\/p4i7cB-1gN","jetpack_sharing_enabled":true,"jetpack-related-posts":[{"id":3653,"url":"https:\/\/yuri.com.br\/claudio\/2012\/04\/13\/video-robertete-sds-v7-pedra-do-bau\/","url_meta":{"origin":4885,"position":0},"title":"V\u00eddeo: Robertete SDS V7 @ Pedra do Ba\u00fa","author":"claudio","date":"13\/abr\/2012","format":false,"excerpt":"Segue o videozinho previsto. A id\u00e9ia inicial era testar o estabilizador (Glidecam) mas por incompet\u00eancia minha, s\u00f3 levei metade das pe\u00e7as... no fim registrei a session com a c\u00e2mera handheld e 2 lentes, mais nada. O bloco e o cen\u00e1rio s\u00e3o 5 estrelas! E a incr\u00edvel linha \"Robertete\" agora conta\u2026","rel":"","context":"Em &quot;Escalada&quot;","block_context":{"text":"Escalada","link":"https:\/\/yuri.com.br\/claudio\/category\/escalada\/"},"img":{"alt_text":"","src":"","width":0,"height":0},"classes":[]},{"id":5554,"url":"https:\/\/yuri.com.br\/claudio\/2013\/08\/09\/bbloc\/","url_meta":{"origin":4885,"position":1},"title":"BBLOC","author":"claudio","date":"9\/ago\/2013","format":false,"excerpt":"Acho que toda a comunidade escaladora est\u00e1 sabendo, mas n\u00e3o custa refor\u00e7ar o coro: est\u00e1 aberto o BBLOC aqui em S\u00e3o Bento do Sapuca\u00ed, dos s\u00f3cios Bel\u00ea\/N\u00edvea e Marcos, com uma incr\u00edvel cave cheia de placas curvas (ondas), tem at\u00e9 um arco pra galera se torturar, al\u00e9m de muros de\u2026","rel":"","context":"Em &quot;Escalada&quot;","block_context":{"text":"Escalada","link":"https:\/\/yuri.com.br\/claudio\/category\/escalada\/"},"img":{"alt_text":"","src":"","width":0,"height":0},"classes":[]},{"id":3834,"url":"https:\/\/yuri.com.br\/claudio\/2012\/07\/22\/air-jordan-enterrada\/","url_meta":{"origin":4885,"position":2},"title":"Air Jordan \/ Enterrada","author":"claudio","date":"22\/jul\/2012","format":false,"excerpt":"A c\u00e2mera anda meio parada por conta das prioridades 'escalador\u00edsticas', e confesso que n\u00e3o ando muito disposto (ou inspirado?)\u00a0 em apenas registrar souvenirs aleat\u00f3rios... mas este movimento sempre mereceu um enquadramento: Na foto temos o Jo\u00e3o Pena (bouldersintra.wordpress.com) tentando o cl\u00e1ssico Air Jordan V8 no setor \u00c1reas, este que foi\u2026","rel":"","context":"Em &quot;Escalada&quot;","block_context":{"text":"Escalada","link":"https:\/\/yuri.com.br\/claudio\/category\/escalada\/"},"img":{"alt_text":"","src":"https:\/\/i0.wp.com\/yuri.com.br\/claudio\/wp-content\/uploads\/2012\/07\/areas_airjordan_joao.jpg?resize=350%2C200&ssl=1","width":350,"height":200,"srcset":"https:\/\/i0.wp.com\/yuri.com.br\/claudio\/wp-content\/uploads\/2012\/07\/areas_airjordan_joao.jpg?resize=350%2C200&ssl=1 1x, https:\/\/i0.wp.com\/yuri.com.br\/claudio\/wp-content\/uploads\/2012\/07\/areas_airjordan_joao.jpg?resize=525%2C300&ssl=1 1.5x, https:\/\/i0.wp.com\/yuri.com.br\/claudio\/wp-content\/uploads\/2012\/07\/areas_airjordan_joao.jpg?resize=700%2C400&ssl=1 2x"},"classes":[]},{"id":3849,"url":"https:\/\/yuri.com.br\/claudio\/2012\/07\/25\/mais-uma-tarde-ordinaria\/","url_meta":{"origin":4885,"position":3},"title":"Mais uma tarde &#8220;ordin\u00e1ria&#8221;&#8230;","author":"claudio","date":"25\/jul\/2012","format":false,"excerpt":"Tentando desenferrujar um pouco nas fotos com o cl\u00e1ssico \"S\u00e3o Carlos\" na Vista A\u00e9rea. O nome do setor \u00e9 justo! Esta composi\u00e7\u00e3o me deixou satisfeito por retratar bem a situa\u00e7\u00e3o: a buc\u00f3lica paisagem bem mineira, os carros ali na estrada que corta o vale, a session com a galera -\u2026","rel":"","context":"Em &quot;Escalada&quot;","block_context":{"text":"Escalada","link":"https:\/\/yuri.com.br\/claudio\/category\/escalada\/"},"img":{"alt_text":"","src":"https:\/\/i0.wp.com\/yuri.com.br\/claudio\/wp-content\/uploads\/2012\/07\/vistaaerea_saocarlos_diogo_small.jpg?resize=350%2C200&ssl=1","width":350,"height":200,"srcset":"https:\/\/i0.wp.com\/yuri.com.br\/claudio\/wp-content\/uploads\/2012\/07\/vistaaerea_saocarlos_diogo_small.jpg?resize=350%2C200&ssl=1 1x, https:\/\/i0.wp.com\/yuri.com.br\/claudio\/wp-content\/uploads\/2012\/07\/vistaaerea_saocarlos_diogo_small.jpg?resize=525%2C300&ssl=1 1.5x, https:\/\/i0.wp.com\/yuri.com.br\/claudio\/wp-content\/uploads\/2012\/07\/vistaaerea_saocarlos_diogo_small.jpg?resize=700%2C400&ssl=1 2x"},"classes":[]},{"id":2464,"url":"https:\/\/yuri.com.br\/claudio\/2010\/09\/25\/enquanto-isso\/","url_meta":{"origin":4885,"position":4},"title":"Enquanto isso&#8230;","author":"claudio","date":"25\/set\/2010","format":false,"excerpt":"Enquanto isso... compartilho uma vis\u00e3o recente, que sempre quis registrar na Dutra mas me faltava um pouco de vontade pra encostar o carro e fotografar. Foi talvez a minha \u00faltima chance de clicar isto por um bom tempo!","rel":"","context":"Em &quot;Outros&quot;","block_context":{"text":"Outros","link":"https:\/\/yuri.com.br\/claudio\/category\/outros\/"},"img":{"alt_text":"","src":"","width":0,"height":0},"classes":[]},{"id":5255,"url":"https:\/\/yuri.com.br\/claudio\/2013\/06\/04\/pra-variar\/","url_meta":{"origin":4885,"position":5},"title":"Pra variar&#8230;","author":"claudio","date":"4\/jun\/2013","format":false,"excerpt":"Mais fotos do setor Rubinho: Edu Belis\u00e1rio mandando o cl\u00e1ssico Buracos (V4? Depende da sua estatura!), foto tirada no topo do projeto Medusa, com o bloco do Rollerblade acima e a galera sentada no bloco do Fontainebinho. D\u00e1 pra ter uma no\u00e7\u00e3o da proximidade entre os boulders. Camila Ferreira mandando\u2026","rel":"","context":"Em &quot;Escalada&quot;","block_context":{"text":"Escalada","link":"https:\/\/yuri.com.br\/claudio\/category\/escalada\/"},"img":{"alt_text":"","src":"https:\/\/i0.wp.com\/yuri.com.br\/claudio\/wp-content\/uploads\/2013\/06\/rubinho_edubelisario_buracos.jpg?resize=350%2C200&ssl=1","width":350,"height":200},"classes":[]}],"_links":{"self":[{"href":"https:\/\/yuri.com.br\/claudio\/wp-json\/wp\/v2\/posts\/4885","targetHints":{"allow":["GET"]}}],"collection":[{"href":"https:\/\/yuri.com.br\/claudio\/wp-json\/wp\/v2\/posts"}],"about":[{"href":"https:\/\/yuri.com.br\/claudio\/wp-json\/wp\/v2\/types\/post"}],"author":[{"embeddable":true,"href":"https:\/\/yuri.com.br\/claudio\/wp-json\/wp\/v2\/users\/2"}],"replies":[{"embeddable":true,"href":"https:\/\/yuri.com.br\/claudio\/wp-json\/wp\/v2\/comments?post=4885"}],"version-history":[{"count":0,"href":"https:\/\/yuri.com.br\/claudio\/wp-json\/wp\/v2\/posts\/4885\/revisions"}],"wp:featuredmedia":[{"embeddable":true,"href":"https:\/\/yuri.com.br\/claudio\/wp-json\/wp\/v2\/media\/4886"}],"wp:attachment":[{"href":"https:\/\/yuri.com.br\/claudio\/wp-json\/wp\/v2\/media?parent=4885"}],"wp:term":[{"taxonomy":"category","embeddable":true,"href":"https:\/\/yuri.com.br\/claudio\/wp-json\/wp\/v2\/categories?post=4885"},{"taxonomy":"post_tag","embeddable":true,"href":"https:\/\/yuri.com.br\/claudio\/wp-json\/wp\/v2\/tags?post=4885"}],"curies":[{"name":"wp","href":"https:\/\/api.w.org\/{rel}","templated":true}]}}