{"id":4868,"date":"2013-04-22T03:17:47","date_gmt":"2013-04-22T03:17:47","guid":{"rendered":"http:\/\/claudiobr.wordpress.com\/?p=4868"},"modified":"2013-04-22T03:17:47","modified_gmt":"2013-04-22T03:17:47","slug":"rubinho","status":"publish","type":"post","link":"https:\/\/yuri.com.br\/claudio\/2013\/04\/22\/rubinho\/","title":{"rendered":"Rubinho?"},"content":{"rendered":"<p><a href=\"http:\/\/www.flickr.com\/photos\/cbrisighello\/8670637848\/in\/photostream\/lightbox\/\" target=\"_blank\"><img loading=\"lazy\" decoding=\"async\" data-attachment-id=\"4869\" data-permalink=\"https:\/\/yuri.com.br\/claudio\/2013\/04\/22\/rubinho\/rubinho_babaleia_blocosuper\/\" data-orig-file=\"https:\/\/yuri.com.br\/claudio\/wp-content\/uploads\/2013\/04\/rubinho_babaleia_blocosuper.jpg\" data-orig-size=\"700,467\" data-comments-opened=\"1\" data-image-meta=\"{&quot;aperture&quot;:&quot;0&quot;,&quot;credit&quot;:&quot;&quot;,&quot;camera&quot;:&quot;&quot;,&quot;caption&quot;:&quot;&quot;,&quot;created_timestamp&quot;:&quot;0&quot;,&quot;copyright&quot;:&quot;&quot;,&quot;focal_length&quot;:&quot;0&quot;,&quot;iso&quot;:&quot;0&quot;,&quot;shutter_speed&quot;:&quot;0&quot;,&quot;title&quot;:&quot;&quot;}\" data-image-title=\"Babaleia @ Setor Rubinho\" data-image-description=\"\" data-image-caption=\"\" data-medium-file=\"https:\/\/yuri.com.br\/claudio\/wp-content\/uploads\/2013\/04\/rubinho_babaleia_blocosuper-300x200.jpg\" data-large-file=\"https:\/\/yuri.com.br\/claudio\/wp-content\/uploads\/2013\/04\/rubinho_babaleia_blocosuper.jpg\" class=\"aligncenter size-full wp-image-4869\" title=\"Babaleia @ Setor Rubinho\" alt=\"Babaleia @ Setor Rubinho\" src=\"http:\/\/yuri.com.br\/claudio\/wp-content\/uploads\/2013\/04\/rubinho_babaleia_blocosuper.jpg\" width=\"700\" height=\"467\" srcset=\"https:\/\/yuri.com.br\/claudio\/wp-content\/uploads\/2013\/04\/rubinho_babaleia_blocosuper.jpg 700w, https:\/\/yuri.com.br\/claudio\/wp-content\/uploads\/2013\/04\/rubinho_babaleia_blocosuper-300x200.jpg 300w, https:\/\/yuri.com.br\/claudio\/wp-content\/uploads\/2013\/04\/rubinho_babaleia_blocosuper-210x140.jpg 210w\" sizes=\"auto, (max-width: 700px) 100vw, 700px\" \/><\/a><\/p>\n<p><strong>*Atualiza\u00e7\u00e3o: esta linha foi batizada em homenagem ao grande escalador e pessoa F\u00e1bio Muniz, que faleceu este ano em (mais) um acidente de bicicleta no RJ. Desde ent\u00e3o vinha procurando uma linha nova que merecesse a refer\u00eancia, essa da\u00ed possui movimenta\u00e7\u00e3o bem t\u00e9cnica, aqueles drop-knees caracter\u00edsticos dele&#8230; e um final highball, pertinho do c\u00e9u! Nome: &#8220;FABINHO NAS ALTURAS&#8221;!<\/strong><\/p>\n<p>Na foto: Marcelo Balestero botando um percentual da sua falange pra jogo. Taka estava l\u00e1 e esmerilhou o regletinho, ressurgindo de volta com sua velha press\u00e3o! At\u00e9 que enfim levei minha c\u00e2mera para um pequeno registro deste outro <a href=\"http:\/\/claudiobr.wordpress.com\/2013\/02\/25\/boas-novas-e-velhas\/\" target=\"_blank\">novo setor<\/a>, que aos poucos vem tomando forma de maneira ecl\u00e9tica com uma boa variedade de estilos e dificuldades, prometendo se tornar mais um \u00f3timo campo escola de escalada em boulder na regi\u00e3o mantiqueirense.<\/p>\n<p>Sobre novas pedras, eu concordo com o que sempre ou\u00e7o: pedra \u00e9 o que n\u00e3o falta por a\u00ed afora, \u00e9 s\u00f3 procurar. Explorar \u00e9 inerente \u00e0 ra\u00e7a escaladora. Mas eu complementaria: al\u00e9m do simples ato de procurar, tenha um pouco de persist\u00eancia: pode ser que vc vare quil\u00f4metros de mato sem encontrar nada. Pode ser que vc encontre um &#8220;hueco tanks&#8221; de pedras lisas. Pode ser que vc invada o quintal de algu\u00e9m que n\u00e3o queira saber de escalada. Ent\u00e3o, com a persist\u00eancia mencionada e uma boa dose de educa\u00e7\u00e3o, cedo ou tarde vc se ver\u00e1 no meio de um setor inteiro virgem com acesso livre e a motiva\u00e7\u00e3o a mil. E se tratando do sudeste brasileiro, mais precisamente dos granitos perdidos pela mata atl\u00e2ntica, vc ganha um b\u00f4nus: muito <a href=\"http:\/\/www.flickr.com\/photos\/cbrisighello\/8643327914\/\" target=\"_blank\">trabalho<\/a> para preparar as linhas&#8230;<\/p>\n<p>O setor em quest\u00e3o vem sendo referido como \u201c<strong>Rubinho<\/strong>\u201d, nome do simp\u00e1tico propriet\u00e1rio. Procure pela galera local (ou um tal de Cl\u00e1udio e Yuri\u00a0 :-) para pegar os betas. A <em>vibe<\/em> desse fds por l\u00e1 foi de fam\u00edlia! Valeu crian\u00e7ada!!<\/p>\n<p><img loading=\"lazy\" decoding=\"async\" data-attachment-id=\"4870\" data-permalink=\"https:\/\/yuri.com.br\/claudio\/2013\/04\/22\/rubinho\/criancas\/\" data-orig-file=\"https:\/\/yuri.com.br\/claudio\/wp-content\/uploads\/2013\/04\/criancas.jpg\" data-orig-size=\"500,500\" data-comments-opened=\"1\" data-image-meta=\"{&quot;aperture&quot;:&quot;0&quot;,&quot;credit&quot;:&quot;&quot;,&quot;camera&quot;:&quot;&quot;,&quot;caption&quot;:&quot;&quot;,&quot;created_timestamp&quot;:&quot;0&quot;,&quot;copyright&quot;:&quot;&quot;,&quot;focal_length&quot;:&quot;0&quot;,&quot;iso&quot;:&quot;0&quot;,&quot;shutter_speed&quot;:&quot;0&quot;,&quot;title&quot;:&quot;&quot;}\" data-image-title=\"criancas\" data-image-description=\"\" data-image-caption=\"\" data-medium-file=\"https:\/\/yuri.com.br\/claudio\/wp-content\/uploads\/2013\/04\/criancas-300x300.jpg\" data-large-file=\"https:\/\/yuri.com.br\/claudio\/wp-content\/uploads\/2013\/04\/criancas.jpg\" class=\"aligncenter size-full wp-image-4870\" title=\"Roger, Theo e Anne no setor novo :-)\" alt=\"Roger, Theo e Anne no setor novo :-)\" src=\"http:\/\/yuri.com.br\/claudio\/wp-content\/uploads\/2013\/04\/criancas.jpg\" width=\"500\" height=\"500\" srcset=\"https:\/\/yuri.com.br\/claudio\/wp-content\/uploads\/2013\/04\/criancas.jpg 500w, https:\/\/yuri.com.br\/claudio\/wp-content\/uploads\/2013\/04\/criancas-150x150.jpg 150w, https:\/\/yuri.com.br\/claudio\/wp-content\/uploads\/2013\/04\/criancas-300x300.jpg 300w, https:\/\/yuri.com.br\/claudio\/wp-content\/uploads\/2013\/04\/criancas-210x210.jpg 210w\" sizes=\"auto, (max-width: 500px) 100vw, 500px\" \/><\/p>\n","protected":false},"excerpt":{"rendered":"<p>*Atualiza\u00e7\u00e3o: esta linha foi batizada em homenagem ao grande escalador e pessoa F\u00e1bio Muniz, que faleceu este ano em (mais) um acidente de bicicleta no RJ. Desde ent\u00e3o vinha procurando uma linha nova que merecesse a refer\u00eancia, essa da\u00ed possui movimenta\u00e7\u00e3o bem t\u00e9cnica, aqueles drop-knees caracter\u00edsticos dele&#8230; e um final highball, pertinho do c\u00e9u! Nome:&hellip;&nbsp;<a href=\"https:\/\/yuri.com.br\/claudio\/2013\/04\/22\/rubinho\/\" rel=\"bookmark\">Continue a ler &raquo;<span class=\"screen-reader-text\">Rubinho?<\/span><\/a><\/p>\n","protected":false},"author":2,"featured_media":4869,"comment_status":"open","ping_status":"open","sticky":false,"template":"","format":"standard","meta":{"neve_meta_sidebar":"","neve_meta_container":"","neve_meta_enable_content_width":"","neve_meta_content_width":0,"neve_meta_title_alignment":"","neve_meta_author_avatar":"","neve_post_elements_order":"","neve_meta_disable_header":"","neve_meta_disable_footer":"","neve_meta_disable_title":"","jetpack_post_was_ever_published":false,"_jetpack_newsletter_access":"","_jetpack_dont_email_post_to_subs":false,"_jetpack_newsletter_tier_id":0,"_jetpack_memberships_contains_paywalled_content":false,"_jetpack_memberships_contains_paid_content":false,"footnotes":"","jetpack_publicize_message":"","jetpack_publicize_feature_enabled":true,"jetpack_social_post_already_shared":false,"jetpack_social_options":{"image_generator_settings":{"template":"highway","default_image_id":0,"font":"","enabled":false},"version":2}},"categories":[3],"tags":[],"class_list":["post-4868","post","type-post","status-publish","format-standard","has-post-thumbnail","hentry","category-escalada"],"jetpack_publicize_connections":[],"jetpack_featured_media_url":"https:\/\/yuri.com.br\/claudio\/wp-content\/uploads\/2013\/04\/rubinho_babaleia_blocosuper.jpg","jetpack_shortlink":"https:\/\/wp.me\/s4i7cB-rubinho","jetpack_sharing_enabled":true,"jetpack-related-posts":[{"id":3537,"url":"https:\/\/yuri.com.br\/claudio\/2012\/03\/12\/a-vinganca-do-bola-baixa\/","url_meta":{"origin":4868,"position":0},"title":"A vingan\u00e7a do bola baixa","author":"claudio","date":"12\/mar\/2012","format":false,"excerpt":"Divulgando outra nova linha (\u00e0 prova d\u00b4\u00e1gua) no Aranha, desta vez um bloquinho surpreendente com no m\u00e1ximo 2 metros. Divers\u00e3o garantida para quem procura dificuldade moderada\/dif\u00edcil e pegou uma chuvarada em S\u00e3o Bento. Nesse universo de montanhas e pedras, o lowball \u00e9 uma esp\u00e9cie de microcosmo da escalada, fazendo as\u2026","rel":"","context":"Em &quot;Escalada&quot;","block_context":{"text":"Escalada","link":"https:\/\/yuri.com.br\/claudio\/category\/escalada\/"},"img":{"alt_text":"","src":"https:\/\/i0.wp.com\/yuri.com.br\/claudio\/wp-content\/uploads\/2012\/03\/bolabaixa.jpg?resize=350%2C200","width":350,"height":200,"srcset":"https:\/\/i0.wp.com\/yuri.com.br\/claudio\/wp-content\/uploads\/2012\/03\/bolabaixa.jpg?resize=350%2C200 1x, https:\/\/i0.wp.com\/yuri.com.br\/claudio\/wp-content\/uploads\/2012\/03\/bolabaixa.jpg?resize=525%2C300 1.5x, https:\/\/i0.wp.com\/yuri.com.br\/claudio\/wp-content\/uploads\/2012\/03\/bolabaixa.jpg?resize=700%2C400 2x"},"classes":[]},{"id":5370,"url":"https:\/\/yuri.com.br\/claudio\/2013\/06\/30\/barba\/","url_meta":{"origin":4868,"position":1},"title":"Barba","author":"claudio","date":"30\/jun\/2013","format":false,"excerpt":"Barba, no bloco do Bigode, com Leandro e Yuri. O novo come\u00e7o deixou a linha bem mais s\u00f3lida (e mais cl\u00e1ssica!)...","rel":"","context":"Em &quot;Escalada&quot;","block_context":{"text":"Escalada","link":"https:\/\/yuri.com.br\/claudio\/category\/escalada\/"},"img":{"alt_text":"","src":"https:\/\/i0.wp.com\/yuri.com.br\/claudio\/wp-content\/uploads\/2013\/06\/barba_leandro.jpg?resize=350%2C200&ssl=1","width":350,"height":200,"srcset":"https:\/\/i0.wp.com\/yuri.com.br\/claudio\/wp-content\/uploads\/2013\/06\/barba_leandro.jpg?resize=350%2C200&ssl=1 1x, https:\/\/i0.wp.com\/yuri.com.br\/claudio\/wp-content\/uploads\/2013\/06\/barba_leandro.jpg?resize=525%2C300&ssl=1 1.5x, https:\/\/i0.wp.com\/yuri.com.br\/claudio\/wp-content\/uploads\/2013\/06\/barba_leandro.jpg?resize=700%2C400&ssl=1 2x"},"classes":[]},{"id":3058,"url":"https:\/\/yuri.com.br\/claudio\/2011\/09\/07\/e-da-lhe-boulder\/","url_meta":{"origin":4868,"position":2},"title":"E d\u00e1-lhe boulder&#8230;","author":"claudio","date":"7\/set\/2011","format":false,"excerpt":"Os trampos no setor novo continuam e dezenas de linhas est\u00e3o abertas, do V0 ao V-Hard, de verticais a tet\u00f5es, sem falar de um \u00e1rduo trabalho nas bases que mudou meu conceito, visando a seguran\u00e7a. E pensar que uma simples enxadada dessas poderia ter evitado os 4 parafusos que ganhei\u2026","rel":"","context":"Em &quot;Escalada&quot;","block_context":{"text":"Escalada","link":"https:\/\/yuri.com.br\/claudio\/category\/escalada\/"},"img":{"alt_text":"","src":"https:\/\/i0.wp.com\/yuri.com.br\/claudio\/wp-content\/uploads\/2011\/09\/sumbaboulder_paulinha_small.jpg?resize=350%2C200&ssl=1","width":350,"height":200,"srcset":"https:\/\/i0.wp.com\/yuri.com.br\/claudio\/wp-content\/uploads\/2011\/09\/sumbaboulder_paulinha_small.jpg?resize=350%2C200&ssl=1 1x, https:\/\/i0.wp.com\/yuri.com.br\/claudio\/wp-content\/uploads\/2011\/09\/sumbaboulder_paulinha_small.jpg?resize=525%2C300&ssl=1 1.5x, https:\/\/i0.wp.com\/yuri.com.br\/claudio\/wp-content\/uploads\/2011\/09\/sumbaboulder_paulinha_small.jpg?resize=700%2C400&ssl=1 2x"},"classes":[]},{"id":5404,"url":"https:\/\/yuri.com.br\/claudio\/2013\/07\/09\/oportunidade-nao-nega-desaforo-v2-rubinho\/","url_meta":{"origin":4868,"position":3},"title":"Oportunidade n\u00e3o nega desaforo V2 @ Rubinho","author":"claudio","date":"9\/jul\/2013","format":false,"excerpt":"Mais uma \"family session\" no Rubinho, com mais uma nova linha: Goro encadenando com um estiloso p\u00e9 na m\u00e3o...","rel":"","context":"Em &quot;Escalada&quot;","block_context":{"text":"Escalada","link":"https:\/\/yuri.com.br\/claudio\/category\/escalada\/"},"img":{"alt_text":"","src":"https:\/\/i0.wp.com\/yuri.com.br\/claudio\/wp-content\/uploads\/2013\/07\/rubinho_oportunidade_goro.jpg?resize=350%2C200&ssl=1","width":350,"height":200,"srcset":"https:\/\/i0.wp.com\/yuri.com.br\/claudio\/wp-content\/uploads\/2013\/07\/rubinho_oportunidade_goro.jpg?resize=350%2C200&ssl=1 1x, https:\/\/i0.wp.com\/yuri.com.br\/claudio\/wp-content\/uploads\/2013\/07\/rubinho_oportunidade_goro.jpg?resize=525%2C300&ssl=1 1.5x, https:\/\/i0.wp.com\/yuri.com.br\/claudio\/wp-content\/uploads\/2013\/07\/rubinho_oportunidade_goro.jpg?resize=700%2C400&ssl=1 2x"},"classes":[]},{"id":7864,"url":"https:\/\/yuri.com.br\/claudio\/2014\/06\/30\/video-cruzeiro-ep-1\/","url_meta":{"origin":4868,"position":4},"title":"V\u00eddeo: Cruzeiro Ep.1","author":"Cl\u00e1udio Brisighello","date":"30\/jun\/2014","format":false,"excerpt":"Pra motivar o in\u00edcio deste t\u00e3o esperado inverno, aguardem por uma sequ\u00eancia de videozinhos do setor Cruzeiro! Aqui vai a primeira amostra com o \"epis\u00f3dio 1\" da s\u00e9rie, aumentem o volume... Pra quem n\u00e3o viu, n\u00e3o deixem de conferir uns betas importantes no blog do SumbaBoulder. Outra dica, que vale\u2026","rel":"","context":"Em &quot;Escalada&quot;","block_context":{"text":"Escalada","link":"https:\/\/yuri.com.br\/claudio\/category\/escalada\/"},"img":{"alt_text":"Vimeo","src":"https:\/\/i0.wp.com\/yuri.com.br\/claudio\/wp-content\/uploads\/2014\/06\/Vimeo1.jpg?resize=350%2C200","width":350,"height":200,"srcset":"https:\/\/i0.wp.com\/yuri.com.br\/claudio\/wp-content\/uploads\/2014\/06\/Vimeo1.jpg?resize=350%2C200 1x, https:\/\/i0.wp.com\/yuri.com.br\/claudio\/wp-content\/uploads\/2014\/06\/Vimeo1.jpg?resize=525%2C300 1.5x, https:\/\/i0.wp.com\/yuri.com.br\/claudio\/wp-content\/uploads\/2014\/06\/Vimeo1.jpg?resize=700%2C400 2x"},"classes":[]},{"id":592,"url":"https:\/\/yuri.com.br\/claudio\/2009\/04\/27\/mais-2-fotos\/","url_meta":{"origin":4868,"position":5},"title":"Mais 2 fotos","author":"claudio","date":"27\/abr\/2009","format":false,"excerpt":"Continuando o \"di\u00e1rio de experi\u00eancias fotogr\u00e1ficas\" na escalada: As 2 imagens acima seguem uma caracter\u00edstica comum, que \u00e9 o enquadramento maior do sujeito. Isso elimina alguns aspectos mais amplos (principalmente em vias) como as quest\u00f5es \"aonde o escalador est\u00e1 indo?\" ou \"como \u00e9 esta linha toda?\". Por outro lado, abre-se\u2026","rel":"","context":"Em &quot;Escalada&quot;","block_context":{"text":"Escalada","link":"https:\/\/yuri.com.br\/claudio\/category\/escalada\/"},"img":{"alt_text":"","src":"https:\/\/i0.wp.com\/farm4.static.flickr.com\/3369\/3416825590_5ba4029f74.jpg?resize=350%2C200","width":350,"height":200},"classes":[]}],"_links":{"self":[{"href":"https:\/\/yuri.com.br\/claudio\/wp-json\/wp\/v2\/posts\/4868","targetHints":{"allow":["GET"]}}],"collection":[{"href":"https:\/\/yuri.com.br\/claudio\/wp-json\/wp\/v2\/posts"}],"about":[{"href":"https:\/\/yuri.com.br\/claudio\/wp-json\/wp\/v2\/types\/post"}],"author":[{"embeddable":true,"href":"https:\/\/yuri.com.br\/claudio\/wp-json\/wp\/v2\/users\/2"}],"replies":[{"embeddable":true,"href":"https:\/\/yuri.com.br\/claudio\/wp-json\/wp\/v2\/comments?post=4868"}],"version-history":[{"count":0,"href":"https:\/\/yuri.com.br\/claudio\/wp-json\/wp\/v2\/posts\/4868\/revisions"}],"wp:featuredmedia":[{"embeddable":true,"href":"https:\/\/yuri.com.br\/claudio\/wp-json\/wp\/v2\/media\/4869"}],"wp:attachment":[{"href":"https:\/\/yuri.com.br\/claudio\/wp-json\/wp\/v2\/media?parent=4868"}],"wp:term":[{"taxonomy":"category","embeddable":true,"href":"https:\/\/yuri.com.br\/claudio\/wp-json\/wp\/v2\/categories?post=4868"},{"taxonomy":"post_tag","embeddable":true,"href":"https:\/\/yuri.com.br\/claudio\/wp-json\/wp\/v2\/tags?post=4868"}],"curies":[{"name":"wp","href":"https:\/\/api.w.org\/{rel}","templated":true}]}}