{"id":4853,"date":"2013-04-16T23:21:16","date_gmt":"2013-04-16T23:21:16","guid":{"rendered":"http:\/\/claudiobr.wordpress.com\/?p=4853"},"modified":"2013-04-16T23:21:16","modified_gmt":"2013-04-16T23:21:16","slug":"pasta-de-alho-assado","status":"publish","type":"post","link":"https:\/\/yuri.com.br\/claudio\/2013\/04\/16\/pasta-de-alho-assado\/","title":{"rendered":"Pasta de alho assado"},"content":{"rendered":"<p>Aquela pasta de alho, que comentei no <a href=\"http:\/\/claudiobr.wordpress.com\/2013\/02\/06\/pao-de-cebola\/\" target=\"_blank\">p\u00e3o de cebola<\/a>, merece um post. Se voc\u00ea usa bastante o forno como eu, inclua uns alhos enquanto vc assa outras coisas e garanto, n\u00e3o se arrepender\u00e1! Essa eu fiz enquanto assava umas batatas.<\/p>\n<p style=\"text-align:center;\"><a href=\"http:\/\/www.flickr.com\/photos\/cbrisighello\/8656787370\/in\/photostream\/lightbox\/\" target=\"_blank\"><img loading=\"lazy\" decoding=\"async\" class=\"aligncenter\" title=\"P\u00e3o de cebola com fermenta\u00e7\u00e3o natural\" alt=\"P\u00e3o de cebola com fermenta\u00e7\u00e3o natural\" src=\"http:\/\/yuri.com.br\/claudio\/wp-content\/uploads\/2013\/04\/paocebola_pastaalho.jpg\" width=\"700\" height=\"394\" \/><\/a><\/p>\n<p>Basta embrulhar algumas cabe\u00e7as de alho em papel alum\u00ednio, ocupa pouco espa\u00e7o no cantinho do forno. Corte o &#8216;cucuruto&#8217; deles conforme na foto, vai te ajudar depois na hora de extrair a del\u00edcia de dentro da casca. Uns 40 minutos costumam ser suficientes para deix\u00e1-los desmanchando, docinhos, sem a pung\u00eancia de um alho cru.<\/p>\n<p><img loading=\"lazy\" decoding=\"async\" data-attachment-id=\"4855\" data-permalink=\"https:\/\/yuri.com.br\/claudio\/2013\/04\/16\/pasta-de-alho-assado\/alhoassado\/\" data-orig-file=\"https:\/\/yuri.com.br\/claudio\/wp-content\/uploads\/2013\/04\/alhoassado.jpg\" data-orig-size=\"700,456\" data-comments-opened=\"1\" data-image-meta=\"{&quot;aperture&quot;:&quot;0&quot;,&quot;credit&quot;:&quot;&quot;,&quot;camera&quot;:&quot;&quot;,&quot;caption&quot;:&quot;&quot;,&quot;created_timestamp&quot;:&quot;0&quot;,&quot;copyright&quot;:&quot;&quot;,&quot;focal_length&quot;:&quot;0&quot;,&quot;iso&quot;:&quot;0&quot;,&quot;shutter_speed&quot;:&quot;0&quot;,&quot;title&quot;:&quot;&quot;}\" data-image-title=\"AlhoAssado\" data-image-description=\"\" data-image-caption=\"\" data-medium-file=\"https:\/\/yuri.com.br\/claudio\/wp-content\/uploads\/2013\/04\/alhoassado-300x195.jpg\" data-large-file=\"https:\/\/yuri.com.br\/claudio\/wp-content\/uploads\/2013\/04\/alhoassado.jpg\" class=\"aligncenter size-full wp-image-4855\" alt=\"AlhoAssado\" src=\"http:\/\/yuri.com.br\/claudio\/wp-content\/uploads\/2013\/04\/alhoassado.jpg\" width=\"700\" height=\"456\" srcset=\"https:\/\/yuri.com.br\/claudio\/wp-content\/uploads\/2013\/04\/alhoassado.jpg 700w, https:\/\/yuri.com.br\/claudio\/wp-content\/uploads\/2013\/04\/alhoassado-300x195.jpg 300w, https:\/\/yuri.com.br\/claudio\/wp-content\/uploads\/2013\/04\/alhoassado-210x136.jpg 210w\" sizes=\"auto, (max-width: 700px) 100vw, 700px\" \/><\/p>\n<p>Deixe esfriar um pouco, ent\u00e3o esprema eles com a ponta dos dedos, reservando em um recipiente. Junte manteiga \u00e0 gosto, para dar uma liga e rale um bom parmes\u00e3o, mais uma boa regada de azeite. Use um garfo para misturar tudo, ajuste o sal e pronto, mais pr\u00e1tico imposs\u00edvel! Essa pasta se torna uma carta na manga quando quiser dar aquele &#8216;upgrade&#8217; em uma abobrinha, uma &#8216;baked potato&#8217; ou simplesmente para passar em um p\u00e3o quentinho.<\/p>\n<p>Bon apetit!!<\/p>\n","protected":false},"excerpt":{"rendered":"<p>Aquela pasta de alho, que comentei no p\u00e3o de cebola, merece um post. Se voc\u00ea usa bastante o forno como eu, inclua uns alhos enquanto vc assa outras coisas e garanto, n\u00e3o se arrepender\u00e1! Essa eu fiz enquanto assava umas batatas. Basta embrulhar algumas cabe\u00e7as de alho em papel alum\u00ednio, ocupa pouco espa\u00e7o no cantinho&hellip;&nbsp;<a href=\"https:\/\/yuri.com.br\/claudio\/2013\/04\/16\/pasta-de-alho-assado\/\" rel=\"bookmark\">Continue a ler &raquo;<span class=\"screen-reader-text\">Pasta de alho assado<\/span><\/a><\/p>\n","protected":false},"author":2,"featured_media":4854,"comment_status":"open","ping_status":"open","sticky":false,"template":"","format":"standard","meta":{"neve_meta_sidebar":"","neve_meta_container":"","neve_meta_enable_content_width":"","neve_meta_content_width":0,"neve_meta_title_alignment":"","neve_meta_author_avatar":"","neve_post_elements_order":"","neve_meta_disable_header":"","neve_meta_disable_footer":"","neve_meta_disable_title":"","jetpack_post_was_ever_published":false,"_jetpack_newsletter_access":"","_jetpack_dont_email_post_to_subs":false,"_jetpack_newsletter_tier_id":0,"_jetpack_memberships_contains_paywalled_content":false,"_jetpack_memberships_contains_paid_content":false,"footnotes":"","jetpack_publicize_message":"","jetpack_publicize_feature_enabled":true,"jetpack_social_post_already_shared":false,"jetpack_social_options":{"image_generator_settings":{"template":"highway","default_image_id":0,"font":"","enabled":false},"version":2}},"categories":[2],"tags":[],"class_list":["post-4853","post","type-post","status-publish","format-standard","has-post-thumbnail","hentry","category-baixa-gastronomia"],"jetpack_publicize_connections":[],"jetpack_featured_media_url":"https:\/\/yuri.com.br\/claudio\/wp-content\/uploads\/2013\/04\/paocebola_pastaalho.jpg","jetpack_shortlink":"https:\/\/wp.me\/p4i7cB-1gh","jetpack_sharing_enabled":true,"jetpack-related-posts":[{"id":5950,"url":"https:\/\/yuri.com.br\/claudio\/2013\/11\/22\/baba-ghanouj\/","url_meta":{"origin":4853,"position":0},"title":"Baba Ghanouj","author":"claudio","date":"22\/nov\/2013","format":false,"excerpt":"Quem n\u00e3o gosta de comida \u00e1rabe? Eu amo e uma das coisas que mais adoro \u00e9 petiscar as saud\u00e1veis pastas de gr\u00e3o de bico (homus) ou de berinjela (baba ghanouj). Esta \u00faltima \u00e9 o tema deste post! Vamos \u00e0 receita... BABA GHANOUJ 1 berinjela grande 1 colher de tahine (pasta\u2026","rel":"","context":"Em &quot;'Baixa' Gastronomia&quot;","block_context":{"text":"'Baixa' Gastronomia","link":"https:\/\/yuri.com.br\/claudio\/category\/baixa-gastronomia\/"},"img":{"alt_text":"","src":"https:\/\/i0.wp.com\/yuri.com.br\/claudio\/wp-content\/uploads\/2013\/10\/babaghanouj.jpg?resize=350%2C200&ssl=1","width":350,"height":200,"srcset":"https:\/\/i0.wp.com\/yuri.com.br\/claudio\/wp-content\/uploads\/2013\/10\/babaghanouj.jpg?resize=350%2C200&ssl=1 1x, https:\/\/i0.wp.com\/yuri.com.br\/claudio\/wp-content\/uploads\/2013\/10\/babaghanouj.jpg?resize=525%2C300&ssl=1 1.5x, https:\/\/i0.wp.com\/yuri.com.br\/claudio\/wp-content\/uploads\/2013\/10\/babaghanouj.jpg?resize=700%2C400&ssl=1 2x"},"classes":[]},{"id":3256,"url":"https:\/\/yuri.com.br\/claudio\/2011\/12\/07\/creme-de-mandioquinha\/","url_meta":{"origin":4853,"position":1},"title":"Creme de mandioquinha","author":"claudio","date":"7\/dez\/2011","format":false,"excerpt":"Essa sopa n\u00e3o tem erro, \u00e9 s\u00f3 cozinhar na \u00e1gua um monte de mandioquinhas (batata baroa) descascadas e picadas, se tiver com pressa utilize uma panela de press\u00e3o. Reserve o caldo e amasse as mandioquinhas formando um pur\u00ea. Em um panel\u00e3o, refogue no azeite os temperos que achar apropriados: alho\u2026","rel":"","context":"Em &quot;'Baixa' Gastronomia&quot;","block_context":{"text":"'Baixa' Gastronomia","link":"https:\/\/yuri.com.br\/claudio\/category\/baixa-gastronomia\/"},"img":{"alt_text":"","src":"https:\/\/i0.wp.com\/yuri.com.br\/claudio\/wp-content\/uploads\/2011\/12\/mandioquinha_sopa.jpg?resize=350%2C200&ssl=1","width":350,"height":200,"srcset":"https:\/\/i0.wp.com\/yuri.com.br\/claudio\/wp-content\/uploads\/2011\/12\/mandioquinha_sopa.jpg?resize=350%2C200&ssl=1 1x, https:\/\/i0.wp.com\/yuri.com.br\/claudio\/wp-content\/uploads\/2011\/12\/mandioquinha_sopa.jpg?resize=525%2C300&ssl=1 1.5x, https:\/\/i0.wp.com\/yuri.com.br\/claudio\/wp-content\/uploads\/2011\/12\/mandioquinha_sopa.jpg?resize=700%2C400&ssl=1 2x"},"classes":[]},{"id":4459,"url":"https:\/\/yuri.com.br\/claudio\/2012\/12\/17\/focaccia\/","url_meta":{"origin":4853,"position":2},"title":"Focaccia","author":"claudio","date":"17\/dez\/2012","format":false,"excerpt":"Na semana passada, sobrou fermento\/levain e aproveitei para fazer uma focaccia. Pena que foto n\u00e3o tem cheiro... Como a aprova\u00e7\u00e3o da esposa foi superlativa, deixo a sugest\u00e3o para vc que est\u00e1 naquele ador\u00e1vel ritmo de fim de ano e sem id\u00e9ias para fazer nesses dias de chuva. A grosso modo\u2026","rel":"","context":"Em &quot;'Baixa' Gastronomia&quot;","block_context":{"text":"'Baixa' Gastronomia","link":"https:\/\/yuri.com.br\/claudio\/category\/baixa-gastronomia\/"},"img":{"alt_text":"","src":"https:\/\/i0.wp.com\/yuri.com.br\/claudio\/wp-content\/uploads\/2012\/12\/focaccia.jpg?resize=350%2C200&ssl=1","width":350,"height":200,"srcset":"https:\/\/i0.wp.com\/yuri.com.br\/claudio\/wp-content\/uploads\/2012\/12\/focaccia.jpg?resize=350%2C200&ssl=1 1x, https:\/\/i0.wp.com\/yuri.com.br\/claudio\/wp-content\/uploads\/2012\/12\/focaccia.jpg?resize=525%2C300&ssl=1 1.5x, https:\/\/i0.wp.com\/yuri.com.br\/claudio\/wp-content\/uploads\/2012\/12\/focaccia.jpg?resize=700%2C400&ssl=1 2x"},"classes":[]},{"id":3032,"url":"https:\/\/yuri.com.br\/claudio\/2011\/08\/25\/sobras-da-abobrinha\/","url_meta":{"origin":4853,"position":3},"title":"Sobras da abobrinha","author":"claudio","date":"25\/ago\/2011","format":false,"excerpt":"Uma fatia comprida daquele p\u00e3o velho de casca grossa, azeite de um lado, fina camada de molho de tomate no outro. Rodelas de abobrinha razoavelmente espessas e rapidamente refogadas com alho, sal e pimenta do reino. Parmes\u00e3o ralado em cima, 10min. no forno, azeite antes de servir e pronto, r\u00e1pido\u2026","rel":"","context":"Em &quot;'Baixa' Gastronomia&quot;","block_context":{"text":"'Baixa' Gastronomia","link":"https:\/\/yuri.com.br\/claudio\/category\/baixa-gastronomia\/"},"img":{"alt_text":"","src":"https:\/\/i0.wp.com\/yuri.com.br\/claudio\/wp-content\/uploads\/2011\/08\/bruschetta_abobrinha.jpg?resize=350%2C200&ssl=1","width":350,"height":200,"srcset":"https:\/\/i0.wp.com\/yuri.com.br\/claudio\/wp-content\/uploads\/2011\/08\/bruschetta_abobrinha.jpg?resize=350%2C200&ssl=1 1x, https:\/\/i0.wp.com\/yuri.com.br\/claudio\/wp-content\/uploads\/2011\/08\/bruschetta_abobrinha.jpg?resize=525%2C300&ssl=1 1.5x, https:\/\/i0.wp.com\/yuri.com.br\/claudio\/wp-content\/uploads\/2011\/08\/bruschetta_abobrinha.jpg?resize=700%2C400&ssl=1 2x"},"classes":[]},{"id":2641,"url":"https:\/\/yuri.com.br\/claudio\/2011\/04\/07\/carne-moida\/","url_meta":{"origin":4853,"position":4},"title":"Carne mo\u00edda","author":"claudio","date":"7\/abr\/2011","format":false,"excerpt":"Combust\u00edvel de muitas del\u00edcias mundo afora! Desde a vers\u00e3o crua at\u00e9 as mais irreconhec\u00edveis, a carne mo\u00edda dificilmente escapa de n\u00f3s em alguma de suas muitas formas. Eis algumas maneiras simples e gostosas de se fazer: Confesso que n\u00e3o achava gra\u00e7a nenhuma no polpetone. E seu parente menor, as alm\u00f4ndegas,\u2026","rel":"","context":"Em &quot;'Baixa' Gastronomia&quot;","block_context":{"text":"'Baixa' Gastronomia","link":"https:\/\/yuri.com.br\/claudio\/category\/baixa-gastronomia\/"},"img":{"alt_text":"","src":"https:\/\/i0.wp.com\/yuri.com.br\/claudio\/wp-content\/uploads\/2011\/04\/polpetone.jpg?resize=350%2C200&ssl=1","width":350,"height":200,"srcset":"https:\/\/i0.wp.com\/yuri.com.br\/claudio\/wp-content\/uploads\/2011\/04\/polpetone.jpg?resize=350%2C200&ssl=1 1x, https:\/\/i0.wp.com\/yuri.com.br\/claudio\/wp-content\/uploads\/2011\/04\/polpetone.jpg?resize=525%2C300&ssl=1 1.5x, https:\/\/i0.wp.com\/yuri.com.br\/claudio\/wp-content\/uploads\/2011\/04\/polpetone.jpg?resize=700%2C400&ssl=1 2x"},"classes":[]},{"id":2976,"url":"https:\/\/yuri.com.br\/claudio\/2011\/08\/21\/macarrao-abobrinha-pesto\/","url_meta":{"origin":4853,"position":5},"title":"Macarr\u00e3o + Abobrinha + Pesto","author":"claudio","date":"21\/ago\/2011","format":false,"excerpt":"Ta\u00ed uma combina\u00e7\u00e3o comum, f\u00e1cil e leve. A abobrinha e o alho s\u00e3o \"irm\u00e3os\", harmonizam com o toque suave de alho do pesto, cujo parmes\u00e3o tbem vai bem com a abobrinha, o pinh\u00e3o d\u00e1 a mordida, o manjeric\u00e3o adora uma massa e o azeite liga tudo! \u00d3timo em dias quentes\u2026","rel":"","context":"Em &quot;'Baixa' Gastronomia&quot;","block_context":{"text":"'Baixa' Gastronomia","link":"https:\/\/yuri.com.br\/claudio\/category\/baixa-gastronomia\/"},"img":{"alt_text":"","src":"https:\/\/i0.wp.com\/yuri.com.br\/claudio\/wp-content\/uploads\/2011\/08\/macarraoabobrinha1.jpg?resize=350%2C200&ssl=1","width":350,"height":200,"srcset":"https:\/\/i0.wp.com\/yuri.com.br\/claudio\/wp-content\/uploads\/2011\/08\/macarraoabobrinha1.jpg?resize=350%2C200&ssl=1 1x, https:\/\/i0.wp.com\/yuri.com.br\/claudio\/wp-content\/uploads\/2011\/08\/macarraoabobrinha1.jpg?resize=525%2C300&ssl=1 1.5x, https:\/\/i0.wp.com\/yuri.com.br\/claudio\/wp-content\/uploads\/2011\/08\/macarraoabobrinha1.jpg?resize=700%2C400&ssl=1 2x"},"classes":[]}],"_links":{"self":[{"href":"https:\/\/yuri.com.br\/claudio\/wp-json\/wp\/v2\/posts\/4853","targetHints":{"allow":["GET"]}}],"collection":[{"href":"https:\/\/yuri.com.br\/claudio\/wp-json\/wp\/v2\/posts"}],"about":[{"href":"https:\/\/yuri.com.br\/claudio\/wp-json\/wp\/v2\/types\/post"}],"author":[{"embeddable":true,"href":"https:\/\/yuri.com.br\/claudio\/wp-json\/wp\/v2\/users\/2"}],"replies":[{"embeddable":true,"href":"https:\/\/yuri.com.br\/claudio\/wp-json\/wp\/v2\/comments?post=4853"}],"version-history":[{"count":0,"href":"https:\/\/yuri.com.br\/claudio\/wp-json\/wp\/v2\/posts\/4853\/revisions"}],"wp:featuredmedia":[{"embeddable":true,"href":"https:\/\/yuri.com.br\/claudio\/wp-json\/wp\/v2\/media\/4854"}],"wp:attachment":[{"href":"https:\/\/yuri.com.br\/claudio\/wp-json\/wp\/v2\/media?parent=4853"}],"wp:term":[{"taxonomy":"category","embeddable":true,"href":"https:\/\/yuri.com.br\/claudio\/wp-json\/wp\/v2\/categories?post=4853"},{"taxonomy":"post_tag","embeddable":true,"href":"https:\/\/yuri.com.br\/claudio\/wp-json\/wp\/v2\/tags?post=4853"}],"curies":[{"name":"wp","href":"https:\/\/api.w.org\/{rel}","templated":true}]}}