{"id":4804,"date":"2013-03-22T02:34:35","date_gmt":"2013-03-22T02:34:35","guid":{"rendered":"http:\/\/claudiobr.wordpress.com\/?p=4804"},"modified":"2013-03-22T02:34:35","modified_gmt":"2013-03-22T02:34:35","slug":"flow-for-the-love-of-water","status":"publish","type":"post","link":"https:\/\/yuri.com.br\/claudio\/2013\/03\/22\/flow-for-the-love-of-water\/","title":{"rendered":"FLOW &#8211; For Love of Water"},"content":{"rendered":"<p>E por falar em filminhos, vale recomendar um document\u00e1rio neste 22 de mar\u00e7o que \u00e9 o tal &#8220;dia mundial da \u00e1gua&#8221;. Assisti <a href=\"http:\/\/www.flowthefilm.com\/\" target=\"_blank\"><em>Flow <\/em><\/a>uns anos atr\u00e1s e, apesar de ser mais um desses ensaios eco-apocal\u00edpticos-parciais, tem sua utilidade em orientar sobre quais multinacionais voc\u00ea N\u00c3O deve dar o seu dinheiro. Soa exagerado mas eu defendo que em uma simples compra de mercado a gente financia a destrui\u00e7\u00e3o do planeta. Mas boicote contra gigantes \u00e9 utopia. Nos dias de hoje, nada melhor que circular pol\u00eamicas via rede social! Que o poder da <a href=\"http:\/\/portal.anvisa.gov.br\/wps\/content\/anvisa+portal\/anvisa\/sala+de+imprensa\/menu+-+noticias+anos\/2013+noticias\/anvisa+suspende+alimentos+de+soja+da+marca+ades\" target=\"_blank\">soda c\u00e1ustica<\/a> mire a Nestl\u00e9 na pr\u00f3xima!!<\/p>\n<p style=\"text-align:center;\"><div class=\"nv-iframe-embed\"><span class=\"embed-youtube\" style=\"text-align:center; display: block;\"><iframe loading=\"lazy\" class=\"youtube-player\" width=\"1200\" height=\"675\" src=\"https:\/\/www.youtube.com\/embed\/LGd9D4J0lag?version=3&#038;rel=1&#038;showsearch=0&#038;showinfo=1&#038;iv_load_policy=1&#038;fs=1&#038;hl=pt-BR&#038;autohide=2&#038;wmode=transparent\" allowfullscreen=\"true\" style=\"border:0;\" sandbox=\"allow-scripts allow-same-origin allow-popups allow-presentation allow-popups-to-escape-sandbox\"><\/iframe><\/span><\/div>\n","protected":false},"excerpt":{"rendered":"<p>E por falar em filminhos, vale recomendar um document\u00e1rio neste 22 de mar\u00e7o que \u00e9 o tal &#8220;dia mundial da \u00e1gua&#8221;. Assisti Flow uns anos atr\u00e1s e, apesar de ser mais um desses ensaios eco-apocal\u00edpticos-parciais, tem sua utilidade em orientar sobre quais multinacionais voc\u00ea N\u00c3O deve dar o seu dinheiro. Soa exagerado mas eu defendo&hellip;&nbsp;<a href=\"https:\/\/yuri.com.br\/claudio\/2013\/03\/22\/flow-for-the-love-of-water\/\" rel=\"bookmark\">Continue a ler &raquo;<span class=\"screen-reader-text\">FLOW &#8211; For Love of Water<\/span><\/a><\/p>\n","protected":false},"author":2,"featured_media":0,"comment_status":"open","ping_status":"open","sticky":false,"template":"","format":"standard","meta":{"neve_meta_sidebar":"","neve_meta_container":"","neve_meta_enable_content_width":"","neve_meta_content_width":0,"neve_meta_title_alignment":"","neve_meta_author_avatar":"","neve_post_elements_order":"","neve_meta_disable_header":"","neve_meta_disable_footer":"","neve_meta_disable_title":"","jetpack_post_was_ever_published":false,"_jetpack_newsletter_access":"","_jetpack_dont_email_post_to_subs":false,"_jetpack_newsletter_tier_id":0,"_jetpack_memberships_contains_paywalled_content":false,"_jetpack_memberships_contains_paid_content":false,"footnotes":"","jetpack_publicize_message":"","jetpack_publicize_feature_enabled":true,"jetpack_social_post_already_shared":false,"jetpack_social_options":{"image_generator_settings":{"template":"highway","default_image_id":0,"font":"","enabled":false},"version":2}},"categories":[5],"tags":[],"class_list":["post-4804","post","type-post","status-publish","format-standard","hentry","category-outros"],"jetpack_publicize_connections":[],"jetpack_featured_media_url":"","jetpack_shortlink":"https:\/\/wp.me\/p4i7cB-1fu","jetpack_sharing_enabled":true,"jetpack-related-posts":[{"id":40,"url":"https:\/\/yuri.com.br\/claudio\/2008\/07\/31\/letranger-85-days-in-font\/","url_meta":{"origin":4804,"position":0},"title":"L\u2019\u00c9tranger &#8211; 85 days in Font","author":"claudio","date":"31\/jul\/2008","format":false,"excerpt":"Recomenda\u00e7\u00e3o de filminho. Recentemente um ingl\u00eas passou alguns meses em Fontainebleau e registrou tudo em v\u00eddeo. O resultado foi \"The Outsider\", esse longa de quase 1 hora de bouldering em um dos locais mais tradicionais do mundo (com uma breve passagem na Su\u00ed\u00e7a). Considerando as circunst\u00e2ncias \"caseiras\" do filme, a\u2026","rel":"","context":"Em &quot;Escalada&quot;","block_context":{"text":"Escalada","link":"https:\/\/yuri.com.br\/claudio\/category\/escalada\/"},"img":{"alt_text":"","src":"https:\/\/i0.wp.com\/yuri.com.br\/claudio\/wp-content\/uploads\/2008\/07\/bleau_forest1_small.jpg?resize=350%2C200&ssl=1","width":350,"height":200,"srcset":"https:\/\/i0.wp.com\/yuri.com.br\/claudio\/wp-content\/uploads\/2008\/07\/bleau_forest1_small.jpg?resize=350%2C200&ssl=1 1x, https:\/\/i0.wp.com\/yuri.com.br\/claudio\/wp-content\/uploads\/2008\/07\/bleau_forest1_small.jpg?resize=525%2C300&ssl=1 1.5x, https:\/\/i0.wp.com\/yuri.com.br\/claudio\/wp-content\/uploads\/2008\/07\/bleau_forest1_small.jpg?resize=700%2C400&ssl=1 2x"},"classes":[]},{"id":3621,"url":"https:\/\/yuri.com.br\/claudio\/2012\/04\/02\/autopilot-mode-off\/","url_meta":{"origin":4804,"position":1},"title":"Autopilot mode: OFF","author":"claudio","date":"2\/abr\/2012","format":false,"excerpt":"\"The worst mistake that you can make is to think you're alive when really you're asleep in life's waiting room.\" - Guy Forsyth (Waking Life) Esses dias assisti The Beaver (Um Novo Despertar), filminho (no diminutivo mesmo) da Jodie Foster com o Mel Gibson fazendo um papel depr\u00ea\/doido. Apesar dos\u2026","rel":"","context":"Em &quot;Outros&quot;","block_context":{"text":"Outros","link":"https:\/\/yuri.com.br\/claudio\/category\/outros\/"},"img":{"alt_text":"","src":"https:\/\/i0.wp.com\/yuri.com.br\/claudio\/wp-content\/uploads\/2012\/04\/beaver2.jpg?resize=350%2C200&ssl=1","width":350,"height":200,"srcset":"https:\/\/i0.wp.com\/yuri.com.br\/claudio\/wp-content\/uploads\/2012\/04\/beaver2.jpg?resize=350%2C200&ssl=1 1x, https:\/\/i0.wp.com\/yuri.com.br\/claudio\/wp-content\/uploads\/2012\/04\/beaver2.jpg?resize=525%2C300&ssl=1 1.5x, https:\/\/i0.wp.com\/yuri.com.br\/claudio\/wp-content\/uploads\/2012\/04\/beaver2.jpg?resize=700%2C400&ssl=1 2x"},"classes":[]},{"id":1317,"url":"https:\/\/yuri.com.br\/claudio\/2009\/12\/30\/aquecimento-mitologico\/","url_meta":{"origin":4804,"position":2},"title":"Aquecimento mitol\u00f3gico","author":"claudio","date":"30\/dez\/2009","format":false,"excerpt":"Aproveitando o raro \u00f3cio de fim de ano, escrevo uma notinha a respeito dessa ladainha do aquecimento global antropol\u00f3gico (provocado pelo homem), e junto a isso um equivocado apelo de culpa, que preenche a ideologia de resist\u00eancia em milhares de indiv\u00edduos por a\u00ed afora. Afinal, ser eco-friendly e condenar a\u2026","rel":"","context":"Em &quot;Outros&quot;","block_context":{"text":"Outros","link":"https:\/\/yuri.com.br\/claudio\/category\/outros\/"},"img":{"alt_text":"","src":"https:\/\/i0.wp.com\/www.uwsp.edu\/cnr\/wcee\/keep\/HSSupplement\/images\/Time%20Magazine.jpg?resize=350%2C200","width":350,"height":200},"classes":[]},{"id":1878,"url":"https:\/\/yuri.com.br\/claudio\/2010\/04\/21\/religulous\/","url_meta":{"origin":4804,"position":3},"title":"Religulous","author":"claudio","date":"21\/abr\/2010","format":false,"excerpt":"Aproveitando o tema dos padres cat\u00f3licos comedores de criancinhas, em um dia\/feriado em que 2 milh\u00f5es de crentes da Igreja Universal vieram se aglomerar aqui do lado de casa, deixo a minha sugest\u00e3o de um divertido document\u00e1rio muito bem humorado (dependendo de quem assiste) - do mesmo diretor de Borat\u2026","rel":"","context":"Em &quot;Outros&quot;","block_context":{"text":"Outros","link":"https:\/\/yuri.com.br\/claudio\/category\/outros\/"},"img":{"alt_text":"","src":"https:\/\/i0.wp.com\/img.youtube.com\/vi\/eZpREDn4NFA\/0.jpg?resize=350%2C200","width":350,"height":200},"classes":[]},{"id":899,"url":"https:\/\/yuri.com.br\/claudio\/2009\/07\/20\/ouro-boulder-2009\/","url_meta":{"origin":4804,"position":4},"title":"Ouro Boulder 2009","author":"claudio","date":"20\/jul\/2009","format":false,"excerpt":"Ainda n\u00e3o conhecia Ouro Preto, ent\u00e3o tinha em m\u00e3os a oportunidade \u00fanica do desconhecido, tipo de experi\u00eancia compar\u00e1vel com a exclusividade da escalada \u00e0 vista, aquela chance \u00fanica de se expor \u00e0s \"vias\" espont\u00e3neas, e botar a vida pra reagir sem ensaio pr\u00e9vio. Sendo um pouco mais objetivo: Ouro Preto\u2026","rel":"","context":"Em &quot;Escalada&quot;","block_context":{"text":"Escalada","link":"https:\/\/yuri.com.br\/claudio\/category\/escalada\/"},"img":{"alt_text":"","src":"https:\/\/i0.wp.com\/yuri.com.br\/claudio\/wp-content\/uploads\/2009\/07\/ouropreto_docedeleite_yuri.jpg?resize=350%2C200&ssl=1","width":350,"height":200,"srcset":"https:\/\/i0.wp.com\/yuri.com.br\/claudio\/wp-content\/uploads\/2009\/07\/ouropreto_docedeleite_yuri.jpg?resize=350%2C200&ssl=1 1x, https:\/\/i0.wp.com\/yuri.com.br\/claudio\/wp-content\/uploads\/2009\/07\/ouropreto_docedeleite_yuri.jpg?resize=525%2C300&ssl=1 1.5x, https:\/\/i0.wp.com\/yuri.com.br\/claudio\/wp-content\/uploads\/2009\/07\/ouropreto_docedeleite_yuri.jpg?resize=700%2C400&ssl=1 2x"},"classes":[]},{"id":7152,"url":"https:\/\/yuri.com.br\/claudio\/2014\/02\/03\/o-grande-mestre\/","url_meta":{"origin":4804,"position":5},"title":"O grande mestre","author":"Cl\u00e1udio Brisighello","date":"3\/fev\/2014","format":false,"excerpt":"N\u00e3o vou ficar tentando entender nem prestarei uma homenagem que n\u00e3o seria \u00e0 altura. Apenas anoto uma l\u00e1grima por aqui. Eduardo Coutinho sempre ser\u00e1 o grande mestre. Deixo a lembran\u00e7a de um de seus document\u00e1rios, Edif\u00edcio Master, que tive a emo\u00e7\u00e3o de ver no cinema uns 10 anos atr\u00e1s:","rel":"","context":"Em &quot;Outros&quot;","block_context":{"text":"Outros","link":"https:\/\/yuri.com.br\/claudio\/category\/outros\/"},"img":{"alt_text":"","src":"","width":0,"height":0},"classes":[]}],"_links":{"self":[{"href":"https:\/\/yuri.com.br\/claudio\/wp-json\/wp\/v2\/posts\/4804","targetHints":{"allow":["GET"]}}],"collection":[{"href":"https:\/\/yuri.com.br\/claudio\/wp-json\/wp\/v2\/posts"}],"about":[{"href":"https:\/\/yuri.com.br\/claudio\/wp-json\/wp\/v2\/types\/post"}],"author":[{"embeddable":true,"href":"https:\/\/yuri.com.br\/claudio\/wp-json\/wp\/v2\/users\/2"}],"replies":[{"embeddable":true,"href":"https:\/\/yuri.com.br\/claudio\/wp-json\/wp\/v2\/comments?post=4804"}],"version-history":[{"count":0,"href":"https:\/\/yuri.com.br\/claudio\/wp-json\/wp\/v2\/posts\/4804\/revisions"}],"wp:attachment":[{"href":"https:\/\/yuri.com.br\/claudio\/wp-json\/wp\/v2\/media?parent=4804"}],"wp:term":[{"taxonomy":"category","embeddable":true,"href":"https:\/\/yuri.com.br\/claudio\/wp-json\/wp\/v2\/categories?post=4804"},{"taxonomy":"post_tag","embeddable":true,"href":"https:\/\/yuri.com.br\/claudio\/wp-json\/wp\/v2\/tags?post=4804"}],"curies":[{"name":"wp","href":"https:\/\/api.w.org\/{rel}","templated":true}]}}