{"id":468,"date":"2009-03-10T03:27:08","date_gmt":"2009-03-10T03:27:08","guid":{"rendered":"http:\/\/claudiobr.wordpress.com\/?p=468"},"modified":"2009-03-10T03:27:08","modified_gmt":"2009-03-10T03:27:08","slug":"invasao-feminina-na-urca-rj-video","status":"publish","type":"post","link":"https:\/\/yuri.com.br\/claudio\/2009\/03\/10\/invasao-feminina-na-urca-rj-video\/","title":{"rendered":"Invas\u00e3o Feminina na Urca, RJ (v\u00eddeo)"},"content":{"rendered":"<p>Aqui vai um v\u00eddeo-souvenir da &#8220;Invas\u00e3o Feminina&#8221;, que reuniu dezenas de escaladoras na Urca neste domingo, dia 8 de mar\u00e7o, Dia Internacional da Mulher.<\/p>\n<div class=\"nv-iframe-embed\"><div class=\"embed-vimeo\" style=\"text-align: center;\"><iframe loading=\"lazy\" src=\"https:\/\/player.vimeo.com\/video\/3548013\" width=\"1200\" height=\"675\" frameborder=\"0\" webkitallowfullscreen mozallowfullscreen allowfullscreen><\/iframe><\/div><\/div>\n<p>Na verdade, \u00e9 o registro de apenas um dos diversos grupos femininos que escalaram em v\u00e1rios points da Urca neste belo dia. Haviam mulheres nas paredes do Babil\u00f4nia, Morro da Urca, P\u00e3o de A\u00e7\u00facar, fal\u00e9sias do Urubu e at\u00e9 nos boulders. Procurei gravar um peda\u00e7o dessa lembran\u00e7a em homenagem \u00e0quilo tudo, e editei com um pouco de pressa, portanto me desculpem se faltei com o nome de algu\u00e9m ou qualquer outro erro. E parab\u00e9ns mulherada! :-)<\/p>\n","protected":false},"excerpt":{"rendered":"<p>Aqui vai um v\u00eddeo-souvenir da &#8220;Invas\u00e3o Feminina&#8221;, que reuniu dezenas de escaladoras na Urca neste domingo, dia 8 de mar\u00e7o, Dia Internacional da Mulher. Na verdade, \u00e9 o registro de apenas um dos diversos grupos femininos que escalaram em v\u00e1rios points da Urca neste belo dia. Haviam mulheres nas paredes do Babil\u00f4nia, Morro da Urca,&hellip;&nbsp;<a href=\"https:\/\/yuri.com.br\/claudio\/2009\/03\/10\/invasao-feminina-na-urca-rj-video\/\" rel=\"bookmark\">Continue a ler &raquo;<span class=\"screen-reader-text\">Invas\u00e3o Feminina na Urca, RJ (v\u00eddeo)<\/span><\/a><\/p>\n","protected":false},"author":2,"featured_media":0,"comment_status":"open","ping_status":"open","sticky":false,"template":"","format":"standard","meta":{"neve_meta_sidebar":"","neve_meta_container":"","neve_meta_enable_content_width":"","neve_meta_content_width":0,"neve_meta_title_alignment":"","neve_meta_author_avatar":"","neve_post_elements_order":"","neve_meta_disable_header":"","neve_meta_disable_footer":"","neve_meta_disable_title":"","jetpack_post_was_ever_published":false,"_jetpack_newsletter_access":"","_jetpack_dont_email_post_to_subs":false,"_jetpack_newsletter_tier_id":0,"_jetpack_memberships_contains_paywalled_content":false,"_jetpack_memberships_contains_paid_content":false,"footnotes":"","jetpack_publicize_message":"","jetpack_publicize_feature_enabled":true,"jetpack_social_post_already_shared":false,"jetpack_social_options":{"image_generator_settings":{"template":"highway","default_image_id":0,"font":"","enabled":false},"version":2}},"categories":[3],"tags":[],"class_list":["post-468","post","type-post","status-publish","format-standard","hentry","category-escalada"],"jetpack_publicize_connections":[],"jetpack_featured_media_url":"","jetpack_shortlink":"https:\/\/wp.me\/p4i7cB-7y","jetpack_sharing_enabled":true,"jetpack-related-posts":[{"id":1473,"url":"https:\/\/yuri.com.br\/claudio\/2010\/02\/08\/easy-like-sunday-morning\/","url_meta":{"origin":468,"position":0},"title":"Easy like sunday morning","author":"claudio","date":"8\/fev\/2010","format":false,"excerpt":"Desde o \u00ednicio do ano, ando um pouco ocupado nos finais de semana, viajando para tratar de uns assuntos pessoais... mas neste \u00faltimo domingo, criei vergonha na cara e acordei cedo pra encarar uma escaladinha sob um calor mais ameno. A primeira motiva\u00e7\u00e3o era o boulder Macumba, meu eterno projeto\u2026","rel":"","context":"Em &quot;'Baixa' Gastronomia&quot;","block_context":{"text":"'Baixa' Gastronomia","link":"https:\/\/yuri.com.br\/claudio\/category\/baixa-gastronomia\/"},"img":{"alt_text":"","src":"https:\/\/i0.wp.com\/yuri.com.br\/claudio\/wp-content\/uploads\/2010\/02\/urca_berlota_sequence_small.jpg?resize=350%2C200&ssl=1","width":350,"height":200,"srcset":"https:\/\/i0.wp.com\/yuri.com.br\/claudio\/wp-content\/uploads\/2010\/02\/urca_berlota_sequence_small.jpg?resize=350%2C200&ssl=1 1x, https:\/\/i0.wp.com\/yuri.com.br\/claudio\/wp-content\/uploads\/2010\/02\/urca_berlota_sequence_small.jpg?resize=525%2C300&ssl=1 1.5x, https:\/\/i0.wp.com\/yuri.com.br\/claudio\/wp-content\/uploads\/2010\/02\/urca_berlota_sequence_small.jpg?resize=700%2C400&ssl=1 2x"},"classes":[]},{"id":649,"url":"https:\/\/yuri.com.br\/claudio\/2009\/04\/29\/curtapromo-cesinha\/","url_meta":{"origin":468,"position":1},"title":"Curta\/promo Cesinha","author":"claudio","date":"29\/abr\/2009","format":false,"excerpt":"Domingo fomos \u00e0 Urca em dia de ATM e\u00a0 levamos uma c\u00e2mera para divulgar as rifas do Cesinha, cuja edi\u00e7\u00e3o r\u00e1pida segue abaixo: Se vc est\u00e1 lendo isso aqui, compre pelo menos um n\u00famero da rifa. Tenho certeza que 10 reais n\u00e3o ir\u00e3o te fazer passar fome, e s\u00e3o v\u00e1rios\u2026","rel":"","context":"Em &quot;Escalada&quot;","block_context":{"text":"Escalada","link":"https:\/\/yuri.com.br\/claudio\/category\/escalada\/"},"img":{"alt_text":"","src":"","width":0,"height":0},"classes":[]},{"id":2263,"url":"https:\/\/yuri.com.br\/claudio\/2010\/06\/21\/life-goes-on\/","url_meta":{"origin":468,"position":2},"title":"Life goes on&#8230;","author":"claudio","date":"21\/jun\/2010","format":false,"excerpt":"Nesse fim de semana, matei a saudade dos meus dedos esfolados e de brothers \"nikitianos\". Fazia tanto tempo que n\u00e3o escalava em rocha assim, ent\u00e3o vou relatar nesse pseudo-di\u00e1rio: Na Urca rolou um circuito sadomasoquista de boulders com o Ant\u00f4nio S\u00e9rgio. Condi\u00e7\u00f5es perfeitas, lindo s\u00e1bado! Um boulder bacana que provamos\u2026","rel":"","context":"Em &quot;Escalada&quot;","block_context":{"text":"Escalada","link":"https:\/\/yuri.com.br\/claudio\/category\/escalada\/"},"img":{"alt_text":"","src":"https:\/\/i0.wp.com\/yuri.com.br\/claudio\/wp-content\/uploads\/2010\/06\/caio.jpg?resize=350%2C200&ssl=1","width":350,"height":200,"srcset":"https:\/\/i0.wp.com\/yuri.com.br\/claudio\/wp-content\/uploads\/2010\/06\/caio.jpg?resize=350%2C200&ssl=1 1x, https:\/\/i0.wp.com\/yuri.com.br\/claudio\/wp-content\/uploads\/2010\/06\/caio.jpg?resize=525%2C300&ssl=1 1.5x"},"classes":[]},{"id":3636,"url":"https:\/\/yuri.com.br\/claudio\/2012\/04\/12\/retrato-pos-cadena\/","url_meta":{"origin":468,"position":3},"title":"Retrato &#8216;p\u00f3s-cadena&#8217;","author":"claudio","date":"12\/abr\/2012","format":false,"excerpt":"Pr\u00e9via do pequeno v\u00eddeo\/souvenir com esses brothers-cariocas-fren\u00e9ticos que estiveram aqui nesse feriado...","rel":"","context":"Em &quot;Escalada&quot;","block_context":{"text":"Escalada","link":"https:\/\/yuri.com.br\/claudio\/category\/escalada\/"},"img":{"alt_text":"","src":"https:\/\/i0.wp.com\/yuri.com.br\/claudio\/wp-content\/uploads\/2012\/04\/robertete.jpg?resize=350%2C200&ssl=1","width":350,"height":200,"srcset":"https:\/\/i0.wp.com\/yuri.com.br\/claudio\/wp-content\/uploads\/2012\/04\/robertete.jpg?resize=350%2C200&ssl=1 1x, https:\/\/i0.wp.com\/yuri.com.br\/claudio\/wp-content\/uploads\/2012\/04\/robertete.jpg?resize=525%2C300&ssl=1 1.5x, https:\/\/i0.wp.com\/yuri.com.br\/claudio\/wp-content\/uploads\/2012\/04\/robertete.jpg?resize=700%2C400&ssl=1 2x"},"classes":[]},{"id":1236,"url":"https:\/\/yuri.com.br\/claudio\/2009\/12\/21\/o-retorno-das-fotos-comentadas\/","url_meta":{"origin":468,"position":4},"title":"O retorno das fotos comentadas","author":"claudio","date":"21\/dez\/2009","format":false,"excerpt":"N\u00e3o, ainda n\u00e3o desisti desta id\u00e9ia! Como houve algum retorno positivo, volto a compartilhar minhas experi\u00eancias fotogr\u00e1ficas. \u00c9 tudo uma quest\u00e3o de tempo para que eu possa escrever essas coisas... As duas imagens acima mostram o mesmo local (o cl\u00e1ssico bloco do Rala Peito na Urca, RJ), em circunst\u00e2ncias similares\u2026","rel":"","context":"Em &quot;Escalada&quot;","block_context":{"text":"Escalada","link":"https:\/\/yuri.com.br\/claudio\/category\/escalada\/"},"img":{"alt_text":"","src":"https:\/\/i0.wp.com\/farm3.static.flickr.com\/2577\/4088067628_1d7d7f2f57.jpg?resize=350%2C200","width":350,"height":200},"classes":[]},{"id":5454,"url":"https:\/\/yuri.com.br\/claudio\/2013\/07\/21\/o-melhor-amigo-do-homem\/","url_meta":{"origin":468,"position":5},"title":"O melhor amigo do homem","author":"claudio","date":"21\/jul\/2013","format":false,"excerpt":"Souvenir de um belo dia de escalada, dessa vez com Bel\u00ea e Mindu, sob o imponente Medusa. Clique para ampliar...","rel":"","context":"Em &quot;Outros&quot;","block_context":{"text":"Outros","link":"https:\/\/yuri.com.br\/claudio\/category\/outros\/"},"img":{"alt_text":"","src":"","width":0,"height":0},"classes":[]}],"_links":{"self":[{"href":"https:\/\/yuri.com.br\/claudio\/wp-json\/wp\/v2\/posts\/468","targetHints":{"allow":["GET"]}}],"collection":[{"href":"https:\/\/yuri.com.br\/claudio\/wp-json\/wp\/v2\/posts"}],"about":[{"href":"https:\/\/yuri.com.br\/claudio\/wp-json\/wp\/v2\/types\/post"}],"author":[{"embeddable":true,"href":"https:\/\/yuri.com.br\/claudio\/wp-json\/wp\/v2\/users\/2"}],"replies":[{"embeddable":true,"href":"https:\/\/yuri.com.br\/claudio\/wp-json\/wp\/v2\/comments?post=468"}],"version-history":[{"count":0,"href":"https:\/\/yuri.com.br\/claudio\/wp-json\/wp\/v2\/posts\/468\/revisions"}],"wp:attachment":[{"href":"https:\/\/yuri.com.br\/claudio\/wp-json\/wp\/v2\/media?parent=468"}],"wp:term":[{"taxonomy":"category","embeddable":true,"href":"https:\/\/yuri.com.br\/claudio\/wp-json\/wp\/v2\/categories?post=468"},{"taxonomy":"post_tag","embeddable":true,"href":"https:\/\/yuri.com.br\/claudio\/wp-json\/wp\/v2\/tags?post=468"}],"curies":[{"name":"wp","href":"https:\/\/api.w.org\/{rel}","templated":true}]}}