{"id":4636,"date":"2013-03-04T19:53:28","date_gmt":"2013-03-04T19:53:28","guid":{"rendered":"http:\/\/claudiobr.wordpress.com\/?p=4636"},"modified":"2013-03-04T19:53:28","modified_gmt":"2013-03-04T19:53:28","slug":"novos-e-velhos-vizinhos","status":"publish","type":"post","link":"https:\/\/yuri.com.br\/claudio\/2013\/03\/04\/novos-e-velhos-vizinhos\/","title":{"rendered":"Os vizinhos"},"content":{"rendered":"<p style=\"text-align:left;\"><a href=\"http:\/\/www.flickr.com\/photos\/cbrisighello\/8529229524\/in\/photostream\/lightbox\/\" target=\"_blank\"><img loading=\"lazy\" decoding=\"async\" data-attachment-id=\"4637\" data-permalink=\"https:\/\/yuri.com.br\/claudio\/2013\/03\/04\/novos-e-velhos-vizinhos\/coleirinha\/\" data-orig-file=\"https:\/\/yuri.com.br\/claudio\/wp-content\/uploads\/2013\/03\/coleirinha.jpg\" data-orig-size=\"700,394\" data-comments-opened=\"1\" data-image-meta=\"{&quot;aperture&quot;:&quot;0&quot;,&quot;credit&quot;:&quot;&quot;,&quot;camera&quot;:&quot;&quot;,&quot;caption&quot;:&quot;&quot;,&quot;created_timestamp&quot;:&quot;0&quot;,&quot;copyright&quot;:&quot;&quot;,&quot;focal_length&quot;:&quot;0&quot;,&quot;iso&quot;:&quot;0&quot;,&quot;shutter_speed&quot;:&quot;0&quot;,&quot;title&quot;:&quot;&quot;}\" data-image-title=\"Coleirinha\" data-image-description=\"\" data-image-caption=\"\" data-medium-file=\"https:\/\/yuri.com.br\/claudio\/wp-content\/uploads\/2013\/03\/coleirinha-300x168.jpg\" data-large-file=\"https:\/\/yuri.com.br\/claudio\/wp-content\/uploads\/2013\/03\/coleirinha.jpg\" class=\"aligncenter size-full wp-image-4637\" alt=\"Coleirinha\" src=\"http:\/\/yuri.com.br\/claudio\/wp-content\/uploads\/2013\/03\/coleirinha.jpg\" width=\"700\" height=\"394\" srcset=\"https:\/\/yuri.com.br\/claudio\/wp-content\/uploads\/2013\/03\/coleirinha.jpg 700w, https:\/\/yuri.com.br\/claudio\/wp-content\/uploads\/2013\/03\/coleirinha-300x168.jpg 300w, https:\/\/yuri.com.br\/claudio\/wp-content\/uploads\/2013\/03\/coleirinha-210x118.jpg 210w\" sizes=\"auto, (max-width: 700px) 100vw, 700px\" \/><\/a><\/p>\n<p style=\"text-align:left;\">N\u00e3o tenho muita paci\u00eancia pra esses &#8220;momentos <a href=\"http:\/\/www.flickr.com\/photos\/cbrisighello\/5171702664\/in\/set-72157615770624340\/\" target=\"_blank\"><em>NatGeo<\/em><\/a><em>&#8220;<\/em>, ainda mais sem lentes apropriadas, mas de vez em quando \u00e9 bom praticar uns cliques em bichinhos que n\u00e3o sejam os meus cachorros! :-) Acima, a coleirinha resolveu fazer ninho no meu l\u00fapulo, do lado da janela. S\u00f3 espero que o corre-corre dos dogs n\u00e3o esbarre na trepadeira e acabe tragicamente com essa cena buc\u00f3lica.\u00a0 E abaixo, um exemplar do que mais abunda em casa: se juntasse todas as teias que limpamos diariamente, daria pra fazer um cobertor! Tenham todos uma boa semana&#8230;<\/p>\n<p style=\"text-align:left;\"><a href=\"http:\/\/www.flickr.com\/photos\/cbrisighello\/8529228294\/in\/photostream\/lightbox\/\"><img loading=\"lazy\" decoding=\"async\" data-attachment-id=\"4638\" data-permalink=\"https:\/\/yuri.com.br\/claudio\/2013\/03\/04\/novos-e-velhos-vizinhos\/spider\/\" data-orig-file=\"https:\/\/yuri.com.br\/claudio\/wp-content\/uploads\/2013\/03\/spider.jpg\" data-orig-size=\"700,466\" data-comments-opened=\"1\" data-image-meta=\"{&quot;aperture&quot;:&quot;0&quot;,&quot;credit&quot;:&quot;&quot;,&quot;camera&quot;:&quot;&quot;,&quot;caption&quot;:&quot;&quot;,&quot;created_timestamp&quot;:&quot;0&quot;,&quot;copyright&quot;:&quot;&quot;,&quot;focal_length&quot;:&quot;0&quot;,&quot;iso&quot;:&quot;0&quot;,&quot;shutter_speed&quot;:&quot;0&quot;,&quot;title&quot;:&quot;&quot;}\" data-image-title=\"Aranha\" data-image-description=\"\" data-image-caption=\"\" data-medium-file=\"https:\/\/yuri.com.br\/claudio\/wp-content\/uploads\/2013\/03\/spider-300x199.jpg\" data-large-file=\"https:\/\/yuri.com.br\/claudio\/wp-content\/uploads\/2013\/03\/spider.jpg\" class=\"aligncenter size-full wp-image-4638\" alt=\"Aranha\" src=\"http:\/\/yuri.com.br\/claudio\/wp-content\/uploads\/2013\/03\/spider.jpg\" width=\"700\" height=\"466\" srcset=\"https:\/\/yuri.com.br\/claudio\/wp-content\/uploads\/2013\/03\/spider.jpg 700w, https:\/\/yuri.com.br\/claudio\/wp-content\/uploads\/2013\/03\/spider-300x199.jpg 300w, https:\/\/yuri.com.br\/claudio\/wp-content\/uploads\/2013\/03\/spider-210x139.jpg 210w\" sizes=\"auto, (max-width: 700px) 100vw, 700px\" \/><\/a><\/p>\n","protected":false},"excerpt":{"rendered":"<p>N\u00e3o tenho muita paci\u00eancia pra esses &#8220;momentos NatGeo&#8220;, ainda mais sem lentes apropriadas, mas de vez em quando \u00e9 bom praticar uns cliques em bichinhos que n\u00e3o sejam os meus cachorros! :-) Acima, a coleirinha resolveu fazer ninho no meu l\u00fapulo, do lado da janela. S\u00f3 espero que o corre-corre dos dogs n\u00e3o esbarre na&hellip;&nbsp;<a href=\"https:\/\/yuri.com.br\/claudio\/2013\/03\/04\/novos-e-velhos-vizinhos\/\" rel=\"bookmark\">Continue a ler &raquo;<span class=\"screen-reader-text\">Os vizinhos<\/span><\/a><\/p>\n","protected":false},"author":2,"featured_media":4637,"comment_status":"open","ping_status":"open","sticky":false,"template":"","format":"standard","meta":{"neve_meta_sidebar":"","neve_meta_container":"","neve_meta_enable_content_width":"","neve_meta_content_width":0,"neve_meta_title_alignment":"","neve_meta_author_avatar":"","neve_post_elements_order":"","neve_meta_disable_header":"","neve_meta_disable_footer":"","neve_meta_disable_title":"","jetpack_post_was_ever_published":false,"_jetpack_newsletter_access":"","_jetpack_dont_email_post_to_subs":false,"_jetpack_newsletter_tier_id":0,"_jetpack_memberships_contains_paywalled_content":false,"_jetpack_memberships_contains_paid_content":false,"footnotes":"","jetpack_publicize_message":"","jetpack_publicize_feature_enabled":true,"jetpack_social_post_already_shared":false,"jetpack_social_options":{"image_generator_settings":{"template":"highway","default_image_id":0,"font":"","enabled":false},"version":2}},"categories":[5],"tags":[],"class_list":["post-4636","post","type-post","status-publish","format-standard","has-post-thumbnail","hentry","category-outros"],"jetpack_publicize_connections":[],"jetpack_featured_media_url":"https:\/\/yuri.com.br\/claudio\/wp-content\/uploads\/2013\/03\/coleirinha.jpg","jetpack_shortlink":"https:\/\/wp.me\/p4i7cB-1cM","jetpack_sharing_enabled":true,"jetpack-related-posts":[{"id":3527,"url":"https:\/\/yuri.com.br\/claudio\/2012\/03\/05\/flores-cervejeiras\/","url_meta":{"origin":4636,"position":0},"title":"Flores cervejeiras","author":"claudio","date":"5\/mar\/2012","format":false,"excerpt":"Muitos j\u00e1 devem ter ouvido falar que \u00e9 o l\u00fapulo que ajuda no aroma e d\u00e1 o amargor da cerveja. Na verdade, um \"p\u00f3zinho\" amarelo nessas flores que faz a m\u00e1gica acontecer. Al\u00e9m de tudo, trata-se de uma trepadeira (chega a crescer um palmo por dia!) bonita e ornamental, as\u2026","rel":"","context":"Em &quot;'Baixa' Gastronomia&quot;","block_context":{"text":"'Baixa' Gastronomia","link":"https:\/\/yuri.com.br\/claudio\/category\/baixa-gastronomia\/"},"img":{"alt_text":"","src":"https:\/\/i0.wp.com\/yuri.com.br\/claudio\/wp-content\/uploads\/2012\/03\/hops2012.jpg?resize=350%2C200&ssl=1","width":350,"height":200,"srcset":"https:\/\/i0.wp.com\/yuri.com.br\/claudio\/wp-content\/uploads\/2012\/03\/hops2012.jpg?resize=350%2C200&ssl=1 1x, https:\/\/i0.wp.com\/yuri.com.br\/claudio\/wp-content\/uploads\/2012\/03\/hops2012.jpg?resize=525%2C300&ssl=1 1.5x, https:\/\/i0.wp.com\/yuri.com.br\/claudio\/wp-content\/uploads\/2012\/03\/hops2012.jpg?resize=700%2C400&ssl=1 2x"},"classes":[]},{"id":4529,"url":"https:\/\/yuri.com.br\/claudio\/2013\/01\/21\/raindrops-keep-fallin-on-my-head\/","url_meta":{"origin":4636,"position":1},"title":"Raindrops keep fallin&#8217; on my head","author":"claudio","date":"21\/jan\/2013","format":false,"excerpt":"O \"jingle\" do t\u00edtulo traduz bem as \u00faltimas semanas! Em \u00e9poca de muita chuva a entrada de casa vira estacionamento de cachorro. E na falta de inspira\u00e7\u00e3o, segui a sugest\u00e3o da Yuri e cliquei esta plantinha, j\u00e1 fotografada antes. Como n\u00e3o tenho lente macro, me resta usar um filtro close-up...\u2026","rel":"","context":"Em &quot;Outros&quot;","block_context":{"text":"Outros","link":"https:\/\/yuri.com.br\/claudio\/category\/outros\/"},"img":{"alt_text":"","src":"https:\/\/i0.wp.com\/yuri.com.br\/claudio\/wp-content\/uploads\/2013\/01\/gotas.jpg?resize=350%2C200&ssl=1","width":350,"height":200,"srcset":"https:\/\/i0.wp.com\/yuri.com.br\/claudio\/wp-content\/uploads\/2013\/01\/gotas.jpg?resize=350%2C200&ssl=1 1x, https:\/\/i0.wp.com\/yuri.com.br\/claudio\/wp-content\/uploads\/2013\/01\/gotas.jpg?resize=525%2C300&ssl=1 1.5x, https:\/\/i0.wp.com\/yuri.com.br\/claudio\/wp-content\/uploads\/2013\/01\/gotas.jpg?resize=700%2C400&ssl=1 2x"},"classes":[]},{"id":1041,"url":"https:\/\/yuri.com.br\/claudio\/2009\/09\/11\/eisenbahn-5\/","url_meta":{"origin":4636,"position":2},"title":"Eisenbahn 5","author":"claudio","date":"11\/set\/2009","format":false,"excerpt":"Faz tempo que n\u00e3o registro estes posts, e nada como reativ\u00e1-los com uma homenagem de peso, ou pelo menos o que \u00e9 a cerveja mais lupulada do Brasil: a Eisenbahn 5, lan\u00e7ada em comemora\u00e7\u00e3o ao anivers\u00e1rio desta cervejaria de Blumenau, que faturou pr\u00eamio da revista Beers of the World (WBA\u2026","rel":"","context":"Em &quot;'Baixa' Gastronomia&quot;","block_context":{"text":"'Baixa' Gastronomia","link":"https:\/\/yuri.com.br\/claudio\/category\/baixa-gastronomia\/"},"img":{"alt_text":"","src":"https:\/\/i0.wp.com\/farm4.static.flickr.com\/3423\/3900047219_031054bd18.jpg?resize=350%2C200","width":350,"height":200},"classes":[]},{"id":4188,"url":"https:\/\/yuri.com.br\/claudio\/2012\/12\/11\/maionese-caseira\/","url_meta":{"origin":4636,"position":3},"title":"Maionese caseira","author":"claudio","date":"11\/dez\/2012","format":false,"excerpt":"Pegando gancho no recente post pseudo-gastron\u00f4mico, vale um est\u00edmulo \u00e0s maioneses caseiras. Mais gostoso e mais saud\u00e1vel: vc escolhe o \u00f3leo e bota o sabor que der na telha: o caderno Paladar do Estad\u00e3o publicou uma mat\u00e9ria bacana um tempo atr\u00e1s. O legal de fazer \u00e9 tamb\u00e9m te dar um\u2026","rel":"","context":"Em &quot;'Baixa' Gastronomia&quot;","block_context":{"text":"'Baixa' Gastronomia","link":"https:\/\/yuri.com.br\/claudio\/category\/baixa-gastronomia\/"},"img":{"alt_text":"","src":"https:\/\/i0.wp.com\/yuri.com.br\/claudio\/wp-content\/uploads\/2012\/11\/maionese.jpg?resize=350%2C200&ssl=1","width":350,"height":200,"srcset":"https:\/\/i0.wp.com\/yuri.com.br\/claudio\/wp-content\/uploads\/2012\/11\/maionese.jpg?resize=350%2C200&ssl=1 1x, https:\/\/i0.wp.com\/yuri.com.br\/claudio\/wp-content\/uploads\/2012\/11\/maionese.jpg?resize=525%2C300&ssl=1 1.5x, https:\/\/i0.wp.com\/yuri.com.br\/claudio\/wp-content\/uploads\/2012\/11\/maionese.jpg?resize=700%2C400&ssl=1 2x"},"classes":[]},{"id":3262,"url":"https:\/\/yuri.com.br\/claudio\/2011\/12\/20\/feliz-2012\/","url_meta":{"origin":4636,"position":4},"title":"Feliz 2012","author":"claudio","date":"20\/dez\/2011","format":false,"excerpt":"Fim de ano, pra variar \u00e9 \u00e9poca de reflex\u00f5es e resolu\u00e7\u00f5es, ent\u00e3o aproveito para anotar algumas coisinhas por aqui. 2011 foi sem d\u00favidas um ano repleto de novidades para mim, algumas j\u00e1 esperadas, outras que vieram por atra\u00e7\u00e3o natural ou consequ\u00eancia das mudan\u00e7as. Na escalada,\u00a0 a motiva\u00e7\u00e3o atual continua sendo\u2026","rel":"","context":"Em &quot;Outros&quot;","block_context":{"text":"Outros","link":"https:\/\/yuri.com.br\/claudio\/category\/outros\/"},"img":{"alt_text":"","src":"https:\/\/i0.wp.com\/yuri.com.br\/claudio\/wp-content\/uploads\/2011\/12\/bau_aranha_small.jpg?resize=350%2C200&ssl=1","width":350,"height":200,"srcset":"https:\/\/i0.wp.com\/yuri.com.br\/claudio\/wp-content\/uploads\/2011\/12\/bau_aranha_small.jpg?resize=350%2C200&ssl=1 1x, https:\/\/i0.wp.com\/yuri.com.br\/claudio\/wp-content\/uploads\/2011\/12\/bau_aranha_small.jpg?resize=525%2C300&ssl=1 1.5x, https:\/\/i0.wp.com\/yuri.com.br\/claudio\/wp-content\/uploads\/2011\/12\/bau_aranha_small.jpg?resize=700%2C400&ssl=1 2x"},"classes":[]},{"id":1308,"url":"https:\/\/yuri.com.br\/claudio\/2009\/12\/28\/sampa-days\/","url_meta":{"origin":4636,"position":5},"title":"Sampa days","author":"claudio","date":"28\/dez\/2009","format":false,"excerpt":"Faz tempo que gostaria de registrar a minha opini\u00e3o sobre S\u00e3o Paulo, 5 anos ap\u00f3s deixar de ser morador daquela cidade e virar um visitante \"quase-turista\". D\u00e1 saudades: - A gastronomia da cidade, onde pode-se comer desde comida da Mong\u00f3lia, at\u00e9 as melhores pizzas do planeta. E seguindo uma indica\u00e7\u00e3o\u2026","rel":"","context":"Em &quot;Outros&quot;","block_context":{"text":"Outros","link":"https:\/\/yuri.com.br\/claudio\/category\/outros\/"},"img":{"alt_text":"","src":"https:\/\/i0.wp.com\/farm2.static.flickr.com\/1400\/540588176_74c77babf9_o.jpg?resize=350%2C200","width":350,"height":200,"srcset":"https:\/\/i0.wp.com\/farm2.static.flickr.com\/1400\/540588176_74c77babf9_o.jpg?resize=350%2C200 1x, https:\/\/i0.wp.com\/farm2.static.flickr.com\/1400\/540588176_74c77babf9_o.jpg?resize=525%2C300 1.5x"},"classes":[]}],"_links":{"self":[{"href":"https:\/\/yuri.com.br\/claudio\/wp-json\/wp\/v2\/posts\/4636","targetHints":{"allow":["GET"]}}],"collection":[{"href":"https:\/\/yuri.com.br\/claudio\/wp-json\/wp\/v2\/posts"}],"about":[{"href":"https:\/\/yuri.com.br\/claudio\/wp-json\/wp\/v2\/types\/post"}],"author":[{"embeddable":true,"href":"https:\/\/yuri.com.br\/claudio\/wp-json\/wp\/v2\/users\/2"}],"replies":[{"embeddable":true,"href":"https:\/\/yuri.com.br\/claudio\/wp-json\/wp\/v2\/comments?post=4636"}],"version-history":[{"count":0,"href":"https:\/\/yuri.com.br\/claudio\/wp-json\/wp\/v2\/posts\/4636\/revisions"}],"wp:featuredmedia":[{"embeddable":true,"href":"https:\/\/yuri.com.br\/claudio\/wp-json\/wp\/v2\/media\/4637"}],"wp:attachment":[{"href":"https:\/\/yuri.com.br\/claudio\/wp-json\/wp\/v2\/media?parent=4636"}],"wp:term":[{"taxonomy":"category","embeddable":true,"href":"https:\/\/yuri.com.br\/claudio\/wp-json\/wp\/v2\/categories?post=4636"},{"taxonomy":"post_tag","embeddable":true,"href":"https:\/\/yuri.com.br\/claudio\/wp-json\/wp\/v2\/tags?post=4636"}],"curies":[{"name":"wp","href":"https:\/\/api.w.org\/{rel}","templated":true}]}}