{"id":4624,"date":"2013-02-25T02:30:40","date_gmt":"2013-02-25T02:30:40","guid":{"rendered":"http:\/\/claudiobr.wordpress.com\/?p=4624"},"modified":"2013-02-25T02:30:40","modified_gmt":"2013-02-25T02:30:40","slug":"boas-novas-e-velhas","status":"publish","type":"post","link":"https:\/\/yuri.com.br\/claudio\/2013\/02\/25\/boas-novas-e-velhas\/","title":{"rendered":"Boas novas e velhas"},"content":{"rendered":"<p>Chega de ladainha, comes e bebes, low profile climbin\u00b4ou treinamentos lesivos. Por fim troquei o fac\u00e3o, vassoura, escad\u00e3o, enxada e etc. (itens constantes em minha &#8220;mochila&#8221; de escalada :-) pela c\u00e2mera para compartilhar uma <strong>pequena<\/strong> amostra do que vem rolando. A imagem evidencia boas novas e velhas: a velha motiva\u00e7\u00e3o em continuar explorando, procurando ou desenvolvendo novos blocos aqui pelas redondezas; e a consequ\u00eancia na forma de centenas de novas linhas previstas para 2013, incluindo novos setores inteiros sendo descobertos.<\/p>\n<p style=\"text-align:center;\"><a href=\"http:\/\/www.flickr.com\/photos\/cbrisighello\/8505924142\/in\/photostream\/lightbox\/\" target=\"_blank\"><img loading=\"lazy\" decoding=\"async\" data-attachment-id=\"4626\" data-permalink=\"https:\/\/yuri.com.br\/claudio\/2013\/02\/25\/boas-novas-e-velhas\/domino\/\" data-orig-file=\"https:\/\/yuri.com.br\/claudio\/wp-content\/uploads\/2013\/02\/domino.jpg\" data-orig-size=\"700,410\" data-comments-opened=\"1\" data-image-meta=\"{&quot;aperture&quot;:&quot;0&quot;,&quot;credit&quot;:&quot;&quot;,&quot;camera&quot;:&quot;&quot;,&quot;caption&quot;:&quot;&quot;,&quot;created_timestamp&quot;:&quot;0&quot;,&quot;copyright&quot;:&quot;&quot;,&quot;focal_length&quot;:&quot;0&quot;,&quot;iso&quot;:&quot;0&quot;,&quot;shutter_speed&quot;:&quot;0&quot;,&quot;title&quot;:&quot;&quot;}\" data-image-title=\"Reparar nos buracos!\" data-image-description=\"\" data-image-caption=\"\" data-medium-file=\"https:\/\/yuri.com.br\/claudio\/wp-content\/uploads\/2013\/02\/domino-300x175.jpg\" data-large-file=\"https:\/\/yuri.com.br\/claudio\/wp-content\/uploads\/2013\/02\/domino.jpg\" class=\"aligncenter size-full wp-image-4626\" title=\"Reparar nos buracos!\" alt=\"\" src=\"http:\/\/yuri.com.br\/claudio\/wp-content\/uploads\/2013\/02\/domino.jpg\" width=\"700\" height=\"410\" srcset=\"https:\/\/yuri.com.br\/claudio\/wp-content\/uploads\/2013\/02\/domino.jpg 700w, https:\/\/yuri.com.br\/claudio\/wp-content\/uploads\/2013\/02\/domino-300x175.jpg 300w, https:\/\/yuri.com.br\/claudio\/wp-content\/uploads\/2013\/02\/domino-210x123.jpg 210w\" sizes=\"auto, (max-width: 700px) 100vw, 700px\" \/><\/a><\/p>\n<p style=\"text-align:left;\">Outra novidade \u00e9 a lente que clicou a foto. Troquei minha inesquec\u00edvel Sigma 10-20mm f\/4 (inesquec\u00edvel por ter me possibilitado imagens memor\u00e1veis) por uma Tokina 11-16mm f\/2.8, visando os v\u00eddeos que pretendo me aventurar neste ano. E como o novo e o velho andam juntos, a composi\u00e7\u00e3o deve sua exposi\u00e7\u00e3o ao filtro <a href=\"http:\/\/singh-ray.com\/grndgrads.html\" target=\"_blank\">Singh-Ray<\/a> que comprei no museu do Galen Rowell em Bishop, anos atr\u00e1s. Recomendo fortemente, muito mais do que os filtros graduados por\u00e9m fixos (de rosca). Enfim, muita coisa vai rolar e espero conseguir inspir\u00e1-los de vez em quando, principalmente atrav\u00e9s do poder das imagens que valem por zilh\u00f5es de palavras. Boa semana a todos!<\/p>\n","protected":false},"excerpt":{"rendered":"<p>Chega de ladainha, comes e bebes, low profile climbin\u00b4ou treinamentos lesivos. Por fim troquei o fac\u00e3o, vassoura, escad\u00e3o, enxada e etc. (itens constantes em minha &#8220;mochila&#8221; de escalada :-) pela c\u00e2mera para compartilhar uma pequena amostra do que vem rolando. A imagem evidencia boas novas e velhas: a velha motiva\u00e7\u00e3o em continuar explorando, procurando ou&hellip;&nbsp;<a href=\"https:\/\/yuri.com.br\/claudio\/2013\/02\/25\/boas-novas-e-velhas\/\" rel=\"bookmark\">Continue a ler &raquo;<span class=\"screen-reader-text\">Boas novas e velhas<\/span><\/a><\/p>\n","protected":false},"author":2,"featured_media":4625,"comment_status":"open","ping_status":"open","sticky":false,"template":"","format":"standard","meta":{"neve_meta_sidebar":"","neve_meta_container":"","neve_meta_enable_content_width":"","neve_meta_content_width":0,"neve_meta_title_alignment":"","neve_meta_author_avatar":"","neve_post_elements_order":"","neve_meta_disable_header":"","neve_meta_disable_footer":"","neve_meta_disable_title":"","jetpack_post_was_ever_published":false,"_jetpack_newsletter_access":"","_jetpack_dont_email_post_to_subs":false,"_jetpack_newsletter_tier_id":0,"_jetpack_memberships_contains_paywalled_content":false,"_jetpack_memberships_contains_paid_content":false,"footnotes":"","jetpack_publicize_message":"","jetpack_publicize_feature_enabled":true,"jetpack_social_post_already_shared":false,"jetpack_social_options":{"image_generator_settings":{"template":"highway","default_image_id":0,"font":"","enabled":false},"version":2}},"categories":[3],"tags":[],"class_list":["post-4624","post","type-post","status-publish","format-standard","has-post-thumbnail","hentry","category-escalada"],"jetpack_publicize_connections":[],"jetpack_featured_media_url":"https:\/\/yuri.com.br\/claudio\/wp-content\/uploads\/2013\/02\/thais_domino.jpg","jetpack_shortlink":"https:\/\/wp.me\/p4i7cB-1cA","jetpack_sharing_enabled":true,"jetpack-related-posts":[{"id":1573,"url":"https:\/\/yuri.com.br\/claudio\/2010\/02\/25\/centro-de-escalada-jpa\/","url_meta":{"origin":4624,"position":0},"title":"Centro de Escalada JPA","author":"claudio","date":"25\/fev\/2010","format":false,"excerpt":"Estive esses dias no novo \"Centro de Escalada JPA\", na zona oeste do Rio. Que eu me lembre, a \u00faltima vez que a regi\u00e3o contou com um muro decente aberto ao p\u00fablico foi em 2005, no extinto muro do Juba, velhos tempos... Eu (rec\u00e9m mudado ao RJ), Caio (pra variar\u2026","rel":"","context":"Em &quot;Escalada&quot;","block_context":{"text":"Escalada","link":"https:\/\/yuri.com.br\/claudio\/category\/escalada\/"},"img":{"alt_text":"","src":"https:\/\/i0.wp.com\/yuri.com.br\/claudio\/wp-content\/uploads\/2010\/02\/escaladabr_2.jpg?resize=350%2C200&ssl=1","width":350,"height":200,"srcset":"https:\/\/i0.wp.com\/yuri.com.br\/claudio\/wp-content\/uploads\/2010\/02\/escaladabr_2.jpg?resize=350%2C200&ssl=1 1x, https:\/\/i0.wp.com\/yuri.com.br\/claudio\/wp-content\/uploads\/2010\/02\/escaladabr_2.jpg?resize=525%2C300&ssl=1 1.5x"},"classes":[]},{"id":3100,"url":"https:\/\/yuri.com.br\/claudio\/2011\/10\/03\/impressoes-do-sumba-boulder\/","url_meta":{"origin":4624,"position":1},"title":"Impress\u00f5es do Sumba Boulder","author":"claudio","date":"3\/out\/2011","format":false,"excerpt":"Incr\u00edvel, inesquec\u00edvel, hist\u00f3rico, gratificante, sensacional. Palavras n\u00e3o s\u00e3o suficientes para descrever o evento. Para n\u00f3s aqui, rec\u00e9m chegados em S\u00e3o Bento, paramos as intermin\u00e1veis arruma\u00e7\u00f5es de nosso rancho ainda em constru\u00e7\u00e3o e quando vimos est\u00e1vamos mergulhados no projeto, unidos a mais uma penca de escaladores daqui... aquela cena de que\u2026","rel":"","context":"Em &quot;Escalada&quot;","block_context":{"text":"Escalada","link":"https:\/\/yuri.com.br\/claudio\/category\/escalada\/"},"img":{"alt_text":"","src":"https:\/\/i0.wp.com\/yuri.com.br\/claudio\/wp-content\/uploads\/2011\/10\/joaomiguel.jpg?resize=350%2C200&ssl=1","width":350,"height":200,"srcset":"https:\/\/i0.wp.com\/yuri.com.br\/claudio\/wp-content\/uploads\/2011\/10\/joaomiguel.jpg?resize=350%2C200&ssl=1 1x, https:\/\/i0.wp.com\/yuri.com.br\/claudio\/wp-content\/uploads\/2011\/10\/joaomiguel.jpg?resize=525%2C300&ssl=1 1.5x, https:\/\/i0.wp.com\/yuri.com.br\/claudio\/wp-content\/uploads\/2011\/10\/joaomiguel.jpg?resize=700%2C400&ssl=1 2x"},"classes":[]},{"id":879,"url":"https:\/\/yuri.com.br\/claudio\/2009\/07\/13\/dai-me-pele\/","url_meta":{"origin":4624,"position":2},"title":"Dai-me pele","author":"claudio","date":"13\/jul\/2009","format":false,"excerpt":"UBT2009: foi apenas a 1a. vez que fui (depois de um bom per\u00edodo de molho nos \u00faltimos anos) mas com certeza n\u00e3o ser\u00e1 a \u00faltima. Em cada boulder do Pont\u00e3o havia uma \"mini-session\", e por um momento batemos o recorde mundial de seg's no Van Der Wals: cerca de 90\u2026","rel":"","context":"Em &quot;Escalada&quot;","block_context":{"text":"Escalada","link":"https:\/\/yuri.com.br\/claudio\/category\/escalada\/"},"img":{"alt_text":"","src":"https:\/\/i0.wp.com\/yuri.com.br\/claudio\/wp-content\/uploads\/2009\/07\/noskin.jpg?resize=350%2C200&ssl=1","width":350,"height":200,"srcset":"https:\/\/i0.wp.com\/yuri.com.br\/claudio\/wp-content\/uploads\/2009\/07\/noskin.jpg?resize=350%2C200&ssl=1 1x, https:\/\/i0.wp.com\/yuri.com.br\/claudio\/wp-content\/uploads\/2009\/07\/noskin.jpg?resize=525%2C300&ssl=1 1.5x, https:\/\/i0.wp.com\/yuri.com.br\/claudio\/wp-content\/uploads\/2009\/07\/noskin.jpg?resize=700%2C400&ssl=1 2x"},"classes":[]},{"id":4868,"url":"https:\/\/yuri.com.br\/claudio\/2013\/04\/22\/rubinho\/","url_meta":{"origin":4624,"position":3},"title":"Rubinho?","author":"claudio","date":"22\/abr\/2013","format":false,"excerpt":"*Atualiza\u00e7\u00e3o: esta linha foi batizada em homenagem ao grande escalador e pessoa F\u00e1bio Muniz, que faleceu este ano em (mais) um acidente de bicicleta no RJ. Desde ent\u00e3o vinha procurando uma linha nova que merecesse a refer\u00eancia, essa da\u00ed possui movimenta\u00e7\u00e3o bem t\u00e9cnica, aqueles drop-knees caracter\u00edsticos dele... e um final\u2026","rel":"","context":"Em &quot;Escalada&quot;","block_context":{"text":"Escalada","link":"https:\/\/yuri.com.br\/claudio\/category\/escalada\/"},"img":{"alt_text":"","src":"https:\/\/i0.wp.com\/yuri.com.br\/claudio\/wp-content\/uploads\/2013\/04\/rubinho_babaleia_blocosuper.jpg?resize=350%2C200&ssl=1","width":350,"height":200,"srcset":"https:\/\/i0.wp.com\/yuri.com.br\/claudio\/wp-content\/uploads\/2013\/04\/rubinho_babaleia_blocosuper.jpg?resize=350%2C200&ssl=1 1x, https:\/\/i0.wp.com\/yuri.com.br\/claudio\/wp-content\/uploads\/2013\/04\/rubinho_babaleia_blocosuper.jpg?resize=525%2C300&ssl=1 1.5x, https:\/\/i0.wp.com\/yuri.com.br\/claudio\/wp-content\/uploads\/2013\/04\/rubinho_babaleia_blocosuper.jpg?resize=700%2C400&ssl=1 2x"},"classes":[]},{"id":1649,"url":"https:\/\/yuri.com.br\/claudio\/2010\/03\/16\/pb\/","url_meta":{"origin":4624,"position":4},"title":"P\/B","author":"claudio","date":"16\/mar\/2010","format":false,"excerpt":"Um pouco de preto e branco, para variar... Utilizei um filtro ND graduado do Galen Rowell nesta composi\u00e7\u00e3o, equipo que ainda n\u00e3o dominei como gostaria. Este filtro \u00e9 ideal\u00a0 em fotografias panor\u00e2micas onde temos uma diferen\u00e7a de exposi\u00e7\u00e3o maior que 2 f\/stops dentro da mesma imagem, pois conseguimos equilibrar a\u2026","rel":"","context":"Em &quot;Escalada&quot;","block_context":{"text":"Escalada","link":"https:\/\/yuri.com.br\/claudio\/category\/escalada\/"},"img":{"alt_text":"","src":"https:\/\/i0.wp.com\/farm5.static.flickr.com\/4023\/4409892370_4790155d2e_o.jpg?resize=350%2C200","width":350,"height":200,"srcset":"https:\/\/i0.wp.com\/farm5.static.flickr.com\/4023\/4409892370_4790155d2e_o.jpg?resize=350%2C200 1x, https:\/\/i0.wp.com\/farm5.static.flickr.com\/4023\/4409892370_4790155d2e_o.jpg?resize=525%2C300 1.5x"},"classes":[]},{"id":1051,"url":"https:\/\/yuri.com.br\/claudio\/2009\/09\/11\/velho-companheiro-de-roubadas\/","url_meta":{"origin":4624,"position":5},"title":"Velho companheiro de roubadas","author":"claudio","date":"11\/set\/2009","format":false,"excerpt":"Ap\u00f3s literalmente entalar em um burac\u00e3o no meio da estrada pra S\u00e3o Thom\u00e9 das Letras","rel":"","context":"Em &quot;Escalada&quot;","block_context":{"text":"Escalada","link":"https:\/\/yuri.com.br\/claudio\/category\/escalada\/"},"img":{"alt_text":"","src":"https:\/\/i0.wp.com\/yuri.com.br\/claudio\/wp-content\/uploads\/2009\/09\/palio_saothome.jpg?resize=350%2C200&ssl=1","width":350,"height":200,"srcset":"https:\/\/i0.wp.com\/yuri.com.br\/claudio\/wp-content\/uploads\/2009\/09\/palio_saothome.jpg?resize=350%2C200&ssl=1 1x, https:\/\/i0.wp.com\/yuri.com.br\/claudio\/wp-content\/uploads\/2009\/09\/palio_saothome.jpg?resize=525%2C300&ssl=1 1.5x, https:\/\/i0.wp.com\/yuri.com.br\/claudio\/wp-content\/uploads\/2009\/09\/palio_saothome.jpg?resize=700%2C400&ssl=1 2x"},"classes":[]}],"_links":{"self":[{"href":"https:\/\/yuri.com.br\/claudio\/wp-json\/wp\/v2\/posts\/4624","targetHints":{"allow":["GET"]}}],"collection":[{"href":"https:\/\/yuri.com.br\/claudio\/wp-json\/wp\/v2\/posts"}],"about":[{"href":"https:\/\/yuri.com.br\/claudio\/wp-json\/wp\/v2\/types\/post"}],"author":[{"embeddable":true,"href":"https:\/\/yuri.com.br\/claudio\/wp-json\/wp\/v2\/users\/2"}],"replies":[{"embeddable":true,"href":"https:\/\/yuri.com.br\/claudio\/wp-json\/wp\/v2\/comments?post=4624"}],"version-history":[{"count":0,"href":"https:\/\/yuri.com.br\/claudio\/wp-json\/wp\/v2\/posts\/4624\/revisions"}],"wp:featuredmedia":[{"embeddable":true,"href":"https:\/\/yuri.com.br\/claudio\/wp-json\/wp\/v2\/media\/4625"}],"wp:attachment":[{"href":"https:\/\/yuri.com.br\/claudio\/wp-json\/wp\/v2\/media?parent=4624"}],"wp:term":[{"taxonomy":"category","embeddable":true,"href":"https:\/\/yuri.com.br\/claudio\/wp-json\/wp\/v2\/categories?post=4624"},{"taxonomy":"post_tag","embeddable":true,"href":"https:\/\/yuri.com.br\/claudio\/wp-json\/wp\/v2\/tags?post=4624"}],"curies":[{"name":"wp","href":"https:\/\/api.w.org\/{rel}","templated":true}]}}