{"id":4596,"date":"2013-02-19T17:07:26","date_gmt":"2013-02-19T17:07:26","guid":{"rendered":"http:\/\/claudiobr.wordpress.com\/?p=4596"},"modified":"2013-02-19T17:07:26","modified_gmt":"2013-02-19T17:07:26","slug":"dedo-de-moca","status":"publish","type":"post","link":"https:\/\/yuri.com.br\/claudio\/2013\/02\/19\/dedo-de-moca\/","title":{"rendered":"Dedo de Mo\u00e7a"},"content":{"rendered":"<p><a href=\"http:\/\/www.flickr.com\/photos\/cbrisighello\/8485962343\/in\/photostream\" target=\"_blank\"><img loading=\"lazy\" decoding=\"async\" data-attachment-id=\"4613\" data-permalink=\"https:\/\/yuri.com.br\/claudio\/2013\/02\/19\/dedo-de-moca\/dedodemoca_colheita-2\/\" data-orig-file=\"https:\/\/yuri.com.br\/claudio\/wp-content\/uploads\/2013\/02\/dedodemoca_colheita1.jpg\" data-orig-size=\"700,394\" data-comments-opened=\"1\" data-image-meta=\"{&quot;aperture&quot;:&quot;5&quot;,&quot;credit&quot;:&quot;Claudio Brisighello&quot;,&quot;camera&quot;:&quot;Canon EOS 7D&quot;,&quot;caption&quot;:&quot;&quot;,&quot;created_timestamp&quot;:&quot;1360950466&quot;,&quot;copyright&quot;:&quot;&quot;,&quot;focal_length&quot;:&quot;50&quot;,&quot;iso&quot;:&quot;640&quot;,&quot;shutter_speed&quot;:&quot;0.008&quot;,&quot;title&quot;:&quot;&quot;}\" data-image-title=\"Dedo de Mo\u00e7a\" data-image-description=\"\" data-image-caption=\"\" data-medium-file=\"https:\/\/yuri.com.br\/claudio\/wp-content\/uploads\/2013\/02\/dedodemoca_colheita1-300x168.jpg\" data-large-file=\"https:\/\/yuri.com.br\/claudio\/wp-content\/uploads\/2013\/02\/dedodemoca_colheita1.jpg\" class=\"aligncenter size-full wp-image-4613\" alt=\"Dedo de Mo\u00e7a\" src=\"http:\/\/yuri.com.br\/claudio\/wp-content\/uploads\/2013\/02\/dedodemoca_colheita1.jpg\" width=\"700\" height=\"394\" srcset=\"https:\/\/yuri.com.br\/claudio\/wp-content\/uploads\/2013\/02\/dedodemoca_colheita1.jpg 700w, https:\/\/yuri.com.br\/claudio\/wp-content\/uploads\/2013\/02\/dedodemoca_colheita1-300x168.jpg 300w, https:\/\/yuri.com.br\/claudio\/wp-content\/uploads\/2013\/02\/dedodemoca_colheita1-210x118.jpg 210w\" sizes=\"auto, (max-width: 700px) 100vw, 700px\" \/><\/a><\/p>\n<p>Gosto muito de pimentas. Gosto do sabor delas, das cores e formatos t\u00e3o variados! \u00c9 uma pena que a cultura popular associe essas belezuras mais pelo ardor ou <a href=\"http:\/\/pt.wikipedia.org\/wiki\/Escala_de_Scoville\" target=\"_blank\">pung\u00eancia<\/a>. \u00c9 comum ouvir quando surge o assunto: &#8220;essa \u00e9 da &#8216;brava&#8217;?&#8221;, &#8220;conhe\u00e7o uma que me fez suar o bigode&#8221; ou &#8220;j\u00e1 viu aquela indiana que \u00e9 a mais forte do mundo?&#8221;. Tadinha das pimentas, que tem muito mais a oferecer do que apenas um forte ardido na boca&#8230;<\/p>\n<p>Certamente essa admira\u00e7\u00e3o vem por influ\u00eancia do meu pai e suas conservas de pimenta. Fui conhecendo diversos tipos, aprendendo a comer a fruta (ao inv\u00e9s de somente pingar o molho), ent\u00e3o n\u00e3o ia demorar pra eu plant\u00e1-las aqui em meu quintal. J\u00e1 colhi pimenta de bode (predileta da casa!), <a href=\"http:\/\/www.flickr.com\/photos\/cbrisighello\/5716025954\/in\/photostream\/lightbox\/\" target=\"_blank\">habaneros<\/a>, biquinho, cumari, malaguetas. Agora a bola da vez \u00e9 a <strong>dedo de mo\u00e7a<\/strong>, uma das mais populares no sudeste. Ganhei 2 mudas no ano passado e colhi um mont\u00e3o esses dias. De f\u00e1cil cultivo, essa deve crescer feliz mesmo em vaso, naquele cantinho iluminado da varanda. Pra quem est\u00e1 por Sampa, no Mercado Municipal tem uma barraca s\u00f3 de pimentas. J\u00e1 vi at\u00e9 Jolokia e Scotch Bonnet por l\u00e1. Vc pode sec\u00e1-las e aproveitar as sementes para plantar.<\/p>\n<p><a href=\"http:\/\/www.flickr.com\/photos\/cbrisighello\/8485962849\/in\/photostream\" target=\"_blank\"><img loading=\"lazy\" decoding=\"async\" data-attachment-id=\"4614\" data-permalink=\"https:\/\/yuri.com.br\/claudio\/2013\/02\/19\/dedo-de-moca\/dedodemoca_conserva-2\/\" data-orig-file=\"https:\/\/yuri.com.br\/claudio\/wp-content\/uploads\/2013\/02\/dedodemoca_conserva1.jpg\" data-orig-size=\"700,394\" data-comments-opened=\"1\" data-image-meta=\"{&quot;aperture&quot;:&quot;3.5&quot;,&quot;credit&quot;:&quot;Claudio Brisighello&quot;,&quot;camera&quot;:&quot;Canon EOS 7D&quot;,&quot;caption&quot;:&quot;&quot;,&quot;created_timestamp&quot;:&quot;1360954160&quot;,&quot;copyright&quot;:&quot;&quot;,&quot;focal_length&quot;:&quot;50&quot;,&quot;iso&quot;:&quot;640&quot;,&quot;shutter_speed&quot;:&quot;0.016666666666667&quot;,&quot;title&quot;:&quot;&quot;}\" data-image-title=\"Dedo de Mo\u00e7a\" data-image-description=\"\" data-image-caption=\"\" data-medium-file=\"https:\/\/yuri.com.br\/claudio\/wp-content\/uploads\/2013\/02\/dedodemoca_conserva1-300x168.jpg\" data-large-file=\"https:\/\/yuri.com.br\/claudio\/wp-content\/uploads\/2013\/02\/dedodemoca_conserva1.jpg\" class=\"aligncenter size-full wp-image-4614\" alt=\"Dedo de Mo\u00e7a\" src=\"http:\/\/yuri.com.br\/claudio\/wp-content\/uploads\/2013\/02\/dedodemoca_conserva1.jpg\" width=\"700\" height=\"394\" srcset=\"https:\/\/yuri.com.br\/claudio\/wp-content\/uploads\/2013\/02\/dedodemoca_conserva1.jpg 700w, https:\/\/yuri.com.br\/claudio\/wp-content\/uploads\/2013\/02\/dedodemoca_conserva1-300x168.jpg 300w, https:\/\/yuri.com.br\/claudio\/wp-content\/uploads\/2013\/02\/dedodemoca_conserva1-210x118.jpg 210w\" sizes=\"auto, (max-width: 700px) 100vw, 700px\" \/><\/a><\/p>\n<p>Como a dedo de mo\u00e7a n\u00e3o tem sabor muito pronunciado, preparei conservas com alguns temperinhos: sementes de cominho, folha de louro, galhos de or\u00e9gano e tomilho, um dentinho de alho, um bom azeite. Uma dica bacana \u00e9 colocar a frutinha do Jo\u00e1 (Physalis), ela absorve bem e fica parecendo uma pimentinha carnuda e suculenta! Mas dependendo da pimenta, vale mais preservar sua identidade, preparando a conserva sem enfeitar com temperos, somente em \u00f3leo mais neutro como o de girassol. Enfim, vai conforme seu gosto. N\u00e3o vou reinventar a roda e descrever o processo todo, pois j\u00e1 existe bastante informa\u00e7\u00e3o a respeito na internet (santo google), inclusive em portugu\u00eas. \u00c9 s\u00f3 procurar! At\u00e9 meu pai, que tem 75 anos e possui um blog, deu dicas &#8220;passo a passo&#8221;, neste <a href=\"http:\/\/brisighello.wordpress.com\/2011\/01\/03\/conservas\/\" target=\"_blank\">post<\/a>.<\/p>\n<p>Apesar do tempo de guarda antes de come\u00e7ar a consumir, o preparo em si \u00e9 bem simples, recomendo! Garanto que ter o seu pr\u00f3prio vidro cheio de pimentas em casa vai deixar a sua vida mais gostosa e caliente!! ;-)<\/p>\n<p><a href=\"http:\/\/www.flickr.com\/photos\/cbrisighello\/8485961959\/in\/photostream\" target=\"_blank\"><img loading=\"lazy\" decoding=\"async\" alt=\"DedoDeMoca\" src=\"http:\/\/yuri.com.br\/claudio\/wp-content\/uploads\/2013\/02\/dedodemoca.jpg\" width=\"700\" height=\"945\" \/><\/a><\/p>\n","protected":false},"excerpt":{"rendered":"<p>Gosto muito de pimentas. Gosto do sabor delas, das cores e formatos t\u00e3o variados! \u00c9 uma pena que a cultura popular associe essas belezuras mais pelo ardor ou pung\u00eancia. \u00c9 comum ouvir quando surge o assunto: &#8220;essa \u00e9 da &#8216;brava&#8217;?&#8221;, &#8220;conhe\u00e7o uma que me fez suar o bigode&#8221; ou &#8220;j\u00e1 viu aquela indiana que \u00e9&hellip;&nbsp;<a href=\"https:\/\/yuri.com.br\/claudio\/2013\/02\/19\/dedo-de-moca\/\" rel=\"bookmark\">Continue a ler &raquo;<span class=\"screen-reader-text\">Dedo de Mo\u00e7a<\/span><\/a><\/p>\n","protected":false},"author":2,"featured_media":4598,"comment_status":"open","ping_status":"open","sticky":false,"template":"","format":"standard","meta":{"neve_meta_sidebar":"","neve_meta_container":"","neve_meta_enable_content_width":"","neve_meta_content_width":0,"neve_meta_title_alignment":"","neve_meta_author_avatar":"","neve_post_elements_order":"","neve_meta_disable_header":"","neve_meta_disable_footer":"","neve_meta_disable_title":"","jetpack_post_was_ever_published":false,"_jetpack_newsletter_access":"","_jetpack_dont_email_post_to_subs":false,"_jetpack_newsletter_tier_id":0,"_jetpack_memberships_contains_paywalled_content":false,"_jetpack_memberships_contains_paid_content":false,"footnotes":"","jetpack_publicize_message":"","jetpack_publicize_feature_enabled":true,"jetpack_social_post_already_shared":false,"jetpack_social_options":{"image_generator_settings":{"template":"highway","default_image_id":0,"font":"","enabled":false},"version":2}},"categories":[3],"tags":[],"class_list":["post-4596","post","type-post","status-publish","format-standard","has-post-thumbnail","hentry","category-escalada"],"jetpack_publicize_connections":[],"jetpack_featured_media_url":"https:\/\/yuri.com.br\/claudio\/wp-content\/uploads\/2013\/02\/dedodemoca_colheita.jpg","jetpack_shortlink":"https:\/\/wp.me\/p4i7cB-1c8","jetpack_sharing_enabled":true,"jetpack-related-posts":[{"id":7837,"url":"https:\/\/yuri.com.br\/claudio\/2014\/06\/23\/em-busca-do-pf-perfeito\/","url_meta":{"origin":4596,"position":0},"title":"Em busca do PF perfeito","author":"Cl\u00e1udio Brisighello","date":"23\/jun\/2014","format":false,"excerpt":"\"Prato Feito\" pra mim \u00e9 sin\u00f4nimo de refei\u00e7\u00e3o completa, de barriga feliz e satisfeita. S\u00edmbolo da culin\u00e1ria brasileira popular, perdeu um pouco de for\u00e7a perante \u00e0 prolifera\u00e7\u00e3o dos restaurantes \"por quilo\", mas minhas lembran\u00e7as mais satisfeitas dos meus idos tempos de trabalhador brasileiro s\u00e3o, sem d\u00favidas, os almo\u00e7os a la\u2026","rel":"","context":"Em &quot;'Baixa' Gastronomia&quot;","block_context":{"text":"'Baixa' Gastronomia","link":"https:\/\/yuri.com.br\/claudio\/category\/baixa-gastronomia\/"},"img":{"alt_text":"","src":"https:\/\/i0.wp.com\/yuri.com.br\/claudio\/wp-content\/uploads\/2014\/06\/PF_thumb.jpg?resize=350%2C200&ssl=1","width":350,"height":200},"classes":[]},{"id":2671,"url":"https:\/\/yuri.com.br\/claudio\/2011\/04\/25\/arroz-pinhao\/","url_meta":{"origin":4596,"position":1},"title":"Arroz + pinh\u00e3o","author":"claudio","date":"25\/abr\/2011","format":false,"excerpt":"J\u00e1 \u00e9 \u00e9poca de pinh\u00e3o, ent\u00e3o eis uma sugest\u00e3o de um cl\u00e1ssico da serra, f\u00e1cil como juntar uma coisa b\u00e1sica com outra! Ingredientes (para 2 pessoas): - cebola e alho picadinhos - bom punhado de pinh\u00e3o cozido e alecrim - 1 x\u00edcara de arroz - 1 litro de caldo de\u2026","rel":"","context":"Em &quot;'Baixa' Gastronomia&quot;","block_context":{"text":"'Baixa' Gastronomia","link":"https:\/\/yuri.com.br\/claudio\/category\/baixa-gastronomia\/"},"img":{"alt_text":"","src":"https:\/\/i0.wp.com\/farm6.static.flickr.com\/5063\/5651316145_f9f228c33d_z.jpg?resize=350%2C200","width":350,"height":200,"srcset":"https:\/\/i0.wp.com\/farm6.static.flickr.com\/5063\/5651316145_f9f228c33d_z.jpg?resize=350%2C200 1x, https:\/\/i0.wp.com\/farm6.static.flickr.com\/5063\/5651316145_f9f228c33d_z.jpg?resize=525%2C300 1.5x"},"classes":[]},{"id":2641,"url":"https:\/\/yuri.com.br\/claudio\/2011\/04\/07\/carne-moida\/","url_meta":{"origin":4596,"position":2},"title":"Carne mo\u00edda","author":"claudio","date":"7\/abr\/2011","format":false,"excerpt":"Combust\u00edvel de muitas del\u00edcias mundo afora! Desde a vers\u00e3o crua at\u00e9 as mais irreconhec\u00edveis, a carne mo\u00edda dificilmente escapa de n\u00f3s em alguma de suas muitas formas. Eis algumas maneiras simples e gostosas de se fazer: Confesso que n\u00e3o achava gra\u00e7a nenhuma no polpetone. E seu parente menor, as alm\u00f4ndegas,\u2026","rel":"","context":"Em &quot;'Baixa' Gastronomia&quot;","block_context":{"text":"'Baixa' Gastronomia","link":"https:\/\/yuri.com.br\/claudio\/category\/baixa-gastronomia\/"},"img":{"alt_text":"","src":"https:\/\/i0.wp.com\/yuri.com.br\/claudio\/wp-content\/uploads\/2011\/04\/polpetone.jpg?resize=350%2C200&ssl=1","width":350,"height":200,"srcset":"https:\/\/i0.wp.com\/yuri.com.br\/claudio\/wp-content\/uploads\/2011\/04\/polpetone.jpg?resize=350%2C200&ssl=1 1x, https:\/\/i0.wp.com\/yuri.com.br\/claudio\/wp-content\/uploads\/2011\/04\/polpetone.jpg?resize=525%2C300&ssl=1 1.5x, https:\/\/i0.wp.com\/yuri.com.br\/claudio\/wp-content\/uploads\/2011\/04\/polpetone.jpg?resize=700%2C400&ssl=1 2x"},"classes":[]},{"id":6478,"url":"https:\/\/yuri.com.br\/claudio\/2014\/04\/11\/pf-nosso-de-cada-dia\/","url_meta":{"origin":4596,"position":3},"title":"PF nosso de cada dia","author":"claudio","date":"11\/abr\/2014","format":false,"excerpt":"Recomendo este \"festival\" da terra e da madeira: arroz arb\u00f3reo + caldo de rooibos + lingui\u00e7a defumada + cogumelos + parmes\u00e3o + manteiga + pimenta chipotle + amor + 30 minutos = toda refei\u00e7\u00e3o, todo santo dia, h\u00e1 de ser um momento especial... Me desculpem os enochatos mas, esse a\u00ed\u2026","rel":"","context":"Em &quot;'Baixa' Gastronomia&quot;","block_context":{"text":"'Baixa' Gastronomia","link":"https:\/\/yuri.com.br\/claudio\/category\/baixa-gastronomia\/"},"img":{"alt_text":"","src":"https:\/\/i0.wp.com\/yuri.com.br\/claudio\/wp-content\/uploads\/2014\/01\/risotolinguicacogumelo.jpg?resize=350%2C200&ssl=1","width":350,"height":200,"srcset":"https:\/\/i0.wp.com\/yuri.com.br\/claudio\/wp-content\/uploads\/2014\/01\/risotolinguicacogumelo.jpg?resize=350%2C200&ssl=1 1x, https:\/\/i0.wp.com\/yuri.com.br\/claudio\/wp-content\/uploads\/2014\/01\/risotolinguicacogumelo.jpg?resize=525%2C300&ssl=1 1.5x, https:\/\/i0.wp.com\/yuri.com.br\/claudio\/wp-content\/uploads\/2014\/01\/risotolinguicacogumelo.jpg?resize=700%2C400&ssl=1 2x"},"classes":[]},{"id":3032,"url":"https:\/\/yuri.com.br\/claudio\/2011\/08\/25\/sobras-da-abobrinha\/","url_meta":{"origin":4596,"position":4},"title":"Sobras da abobrinha","author":"claudio","date":"25\/ago\/2011","format":false,"excerpt":"Uma fatia comprida daquele p\u00e3o velho de casca grossa, azeite de um lado, fina camada de molho de tomate no outro. Rodelas de abobrinha razoavelmente espessas e rapidamente refogadas com alho, sal e pimenta do reino. Parmes\u00e3o ralado em cima, 10min. no forno, azeite antes de servir e pronto, r\u00e1pido\u2026","rel":"","context":"Em &quot;'Baixa' Gastronomia&quot;","block_context":{"text":"'Baixa' Gastronomia","link":"https:\/\/yuri.com.br\/claudio\/category\/baixa-gastronomia\/"},"img":{"alt_text":"","src":"https:\/\/i0.wp.com\/yuri.com.br\/claudio\/wp-content\/uploads\/2011\/08\/bruschetta_abobrinha.jpg?resize=350%2C200&ssl=1","width":350,"height":200,"srcset":"https:\/\/i0.wp.com\/yuri.com.br\/claudio\/wp-content\/uploads\/2011\/08\/bruschetta_abobrinha.jpg?resize=350%2C200&ssl=1 1x, https:\/\/i0.wp.com\/yuri.com.br\/claudio\/wp-content\/uploads\/2011\/08\/bruschetta_abobrinha.jpg?resize=525%2C300&ssl=1 1.5x, https:\/\/i0.wp.com\/yuri.com.br\/claudio\/wp-content\/uploads\/2011\/08\/bruschetta_abobrinha.jpg?resize=700%2C400&ssl=1 2x"},"classes":[]},{"id":5950,"url":"https:\/\/yuri.com.br\/claudio\/2013\/11\/22\/baba-ghanouj\/","url_meta":{"origin":4596,"position":5},"title":"Baba Ghanouj","author":"claudio","date":"22\/nov\/2013","format":false,"excerpt":"Quem n\u00e3o gosta de comida \u00e1rabe? Eu amo e uma das coisas que mais adoro \u00e9 petiscar as saud\u00e1veis pastas de gr\u00e3o de bico (homus) ou de berinjela (baba ghanouj). Esta \u00faltima \u00e9 o tema deste post! Vamos \u00e0 receita... BABA GHANOUJ 1 berinjela grande 1 colher de tahine (pasta\u2026","rel":"","context":"Em &quot;'Baixa' Gastronomia&quot;","block_context":{"text":"'Baixa' Gastronomia","link":"https:\/\/yuri.com.br\/claudio\/category\/baixa-gastronomia\/"},"img":{"alt_text":"","src":"https:\/\/i0.wp.com\/yuri.com.br\/claudio\/wp-content\/uploads\/2013\/10\/babaghanouj.jpg?resize=350%2C200&ssl=1","width":350,"height":200,"srcset":"https:\/\/i0.wp.com\/yuri.com.br\/claudio\/wp-content\/uploads\/2013\/10\/babaghanouj.jpg?resize=350%2C200&ssl=1 1x, https:\/\/i0.wp.com\/yuri.com.br\/claudio\/wp-content\/uploads\/2013\/10\/babaghanouj.jpg?resize=525%2C300&ssl=1 1.5x, https:\/\/i0.wp.com\/yuri.com.br\/claudio\/wp-content\/uploads\/2013\/10\/babaghanouj.jpg?resize=700%2C400&ssl=1 2x"},"classes":[]}],"_links":{"self":[{"href":"https:\/\/yuri.com.br\/claudio\/wp-json\/wp\/v2\/posts\/4596","targetHints":{"allow":["GET"]}}],"collection":[{"href":"https:\/\/yuri.com.br\/claudio\/wp-json\/wp\/v2\/posts"}],"about":[{"href":"https:\/\/yuri.com.br\/claudio\/wp-json\/wp\/v2\/types\/post"}],"author":[{"embeddable":true,"href":"https:\/\/yuri.com.br\/claudio\/wp-json\/wp\/v2\/users\/2"}],"replies":[{"embeddable":true,"href":"https:\/\/yuri.com.br\/claudio\/wp-json\/wp\/v2\/comments?post=4596"}],"version-history":[{"count":0,"href":"https:\/\/yuri.com.br\/claudio\/wp-json\/wp\/v2\/posts\/4596\/revisions"}],"wp:featuredmedia":[{"embeddable":true,"href":"https:\/\/yuri.com.br\/claudio\/wp-json\/wp\/v2\/media\/4598"}],"wp:attachment":[{"href":"https:\/\/yuri.com.br\/claudio\/wp-json\/wp\/v2\/media?parent=4596"}],"wp:term":[{"taxonomy":"category","embeddable":true,"href":"https:\/\/yuri.com.br\/claudio\/wp-json\/wp\/v2\/categories?post=4596"},{"taxonomy":"post_tag","embeddable":true,"href":"https:\/\/yuri.com.br\/claudio\/wp-json\/wp\/v2\/tags?post=4596"}],"curies":[{"name":"wp","href":"https:\/\/api.w.org\/{rel}","templated":true}]}}