{"id":458,"date":"2009-03-19T17:25:37","date_gmt":"2009-03-19T17:25:37","guid":{"rendered":"http:\/\/claudiobr.wordpress.com\/?p=458"},"modified":"2009-03-19T17:25:37","modified_gmt":"2009-03-19T17:25:37","slug":"algumas-fotos-recentes-comentadas","status":"publish","type":"post","link":"https:\/\/yuri.com.br\/claudio\/2009\/03\/19\/algumas-fotos-recentes-comentadas\/","title":{"rendered":"Algumas fotos recentes, comentadas"},"content":{"rendered":"<p style=\"text-align:left;\">Abaixo compartilho a concep\u00e7\u00e3o de algumas\u00a0fotos recentes:<\/p>\n<p style=\"text-align:center;\"><a href=\"http:\/\/www.flickr.com\/photos\/cbrisighello\/3320196043\/\"><img loading=\"lazy\" decoding=\"async\" class=\"aligncenter\" title=\"Reserva Florestal do Graja\u00fa\" src=\"http:\/\/farm4.static.flickr.com\/3585\/3320196043_a5fae6cc1e.jpg?v=0\" alt=\"\" width=\"500\" height=\"333\" \/><\/a><\/p>\n<p>O bloco do &#8220;Banana Amassada&#8221; no Graja\u00fa\/RJ, fica no setor ao lado dos banheiros do parque, n\u00e3o exatamente o local mais bonito para uma foto.<\/p>\n<p>Fotografia \u00e9 luz, e ultimamente tenho experimentado a combina\u00e7\u00e3o de ilumina\u00e7\u00e3o artificial (flash) em plena luz do dia para preencher ambientes com sombras irregulares em demasia, o que \u00e9 comum no Brasil com suas florestas tropicais.\u00a0Nesta foto vemos o Daniel Lustoza em uma linha que se n\u00e3o me falha a mem\u00f3ria \u00e9 um V7 ou V8.<\/p>\n<p>Gostei da posi\u00e7\u00e3o em formato de &#8220;V&#8221; com o toe-hook, a contra\u00e7\u00e3o muscular em evid\u00eancia, o colorido dos crashpads e a vegeta\u00e7\u00e3o sob o sol atr\u00e1s. O flash est\u00e1 em um trip\u00e9 no canto esquerdo, acionado com disparadores via r\u00e1dio.<\/p>\n<p style=\"text-align:center;\"><a href=\"http:\/\/www.flickr.com\/photos\/cbrisighello\/3357775387\/\"><img loading=\"lazy\" decoding=\"async\" class=\"aligncenter\" title=\"CE2000\" src=\"http:\/\/farm4.static.flickr.com\/3170\/3357775387_53925eeb71.jpg\" alt=\"\" width=\"500\" height=\"333\" \/><\/a><\/p>\n<p style=\"text-align:center;\"><a href=\"http:\/\/www.flickr.com\/photos\/cbrisighello\/3357775961\/in\/photostream\/\"><img loading=\"lazy\" decoding=\"async\" class=\"aligncenter\" title=\"CE2000\" src=\"http:\/\/farm4.static.flickr.com\/3658\/3357775961_a8e8582f3e.jpg\" alt=\"\" width=\"500\" height=\"333\" \/><\/a><\/p>\n<p>As fotos acima s\u00e3o do Campo Escola 2000 na Floresta da Tijuca, de uma nova linha sendo conquistada pelos escaladores Lucas (Jah) e Bernardo (Bi\u00ea), que prop\u00f5e um in\u00edcio a partir do ch\u00e3o \u00e0 via Ziquizira 10a. Este trecho a muito tempo \u00e9 visualizado como\u00a0bastante \u00a0futurista (leia-se CASCUDO). Quem sabe o futuro chegou agora? :-)<\/p>\n<p>Sobre as capturas em si: o local \u00e9 bastante escuro e no dia estava chovendo, o que esfria ainda mais as cores e me causou certa granula\u00e7\u00e3o devido \u00e0 sensibilidade de filme que precisei utilizar. Procurei preencher as imagens com bastante daquele granito, que possue caracter\u00edsticas lindas como o recorte\/caverna na esquerda e uma negatividade not\u00e1vel, e de quebra ganho um maior campo refletor de luz. Tamb\u00e9m procurei omitir o ch\u00e3o por 2 motivos &#8211; ilus\u00e3o a\u00e9rea (perda de refer\u00eancia do solo) normalmente dif\u00edcil de se conseguir em fotos tiradas do ch\u00e3o, e foco no sujeito\/escalador (escondendo o crowd de pessoas que normalmente temos na base dessa fal\u00e9sia).<\/p>\n<p>Na 1a. imagem gostei de capturar a posi\u00e7\u00e3o em extens\u00e3o m\u00e1xima (tens\u00e3o corporal) com todos os pontos de contato (m\u00e3os e p\u00e9s) \u00e0 mostra, assim como escaladores min\u00fasculos ao fundo da foto, dando no\u00e7\u00e3o longitudinal da grandeza desta parede. Na 2a. eu aproximei um pouco mais e gostei de ter conseguido pegar o rosto do escalador e o contorcionismo do heel-hook. A lente que venho usando mais para escalada \u00e9 uma Sigma 10-20mm.<\/p>\n<p>&#8212;x&#8212;<\/p>\n<p>Bons ventos a todos!<\/p>\n","protected":false},"excerpt":{"rendered":"<p>Abaixo compartilho a concep\u00e7\u00e3o de algumas\u00a0fotos recentes: O bloco do &#8220;Banana Amassada&#8221; no Graja\u00fa\/RJ, fica no setor ao lado dos banheiros do parque, n\u00e3o exatamente o local mais bonito para uma foto. Fotografia \u00e9 luz, e ultimamente tenho experimentado a combina\u00e7\u00e3o de ilumina\u00e7\u00e3o artificial (flash) em plena luz do dia para preencher ambientes com sombras&hellip;&nbsp;<a href=\"https:\/\/yuri.com.br\/claudio\/2009\/03\/19\/algumas-fotos-recentes-comentadas\/\" rel=\"bookmark\">Continue a ler &raquo;<span class=\"screen-reader-text\">Algumas fotos recentes, comentadas<\/span><\/a><\/p>\n","protected":false},"author":2,"featured_media":0,"comment_status":"open","ping_status":"open","sticky":false,"template":"","format":"standard","meta":{"neve_meta_sidebar":"","neve_meta_container":"","neve_meta_enable_content_width":"","neve_meta_content_width":0,"neve_meta_title_alignment":"","neve_meta_author_avatar":"","neve_post_elements_order":"","neve_meta_disable_header":"","neve_meta_disable_footer":"","neve_meta_disable_title":"","jetpack_post_was_ever_published":false,"_jetpack_newsletter_access":"","_jetpack_dont_email_post_to_subs":false,"_jetpack_newsletter_tier_id":0,"_jetpack_memberships_contains_paywalled_content":false,"_jetpack_memberships_contains_paid_content":false,"footnotes":"","jetpack_publicize_message":"","jetpack_publicize_feature_enabled":true,"jetpack_social_post_already_shared":false,"jetpack_social_options":{"image_generator_settings":{"template":"highway","default_image_id":0,"font":"","enabled":false},"version":2}},"categories":[3],"tags":[],"class_list":["post-458","post","type-post","status-publish","format-standard","hentry","category-escalada"],"jetpack_publicize_connections":[],"jetpack_featured_media_url":"","jetpack_shortlink":"https:\/\/wp.me\/p4i7cB-7o","jetpack_sharing_enabled":true,"jetpack-related-posts":[{"id":1236,"url":"https:\/\/yuri.com.br\/claudio\/2009\/12\/21\/o-retorno-das-fotos-comentadas\/","url_meta":{"origin":458,"position":0},"title":"O retorno das fotos comentadas","author":"claudio","date":"21\/dez\/2009","format":false,"excerpt":"N\u00e3o, ainda n\u00e3o desisti desta id\u00e9ia! Como houve algum retorno positivo, volto a compartilhar minhas experi\u00eancias fotogr\u00e1ficas. \u00c9 tudo uma quest\u00e3o de tempo para que eu possa escrever essas coisas... As duas imagens acima mostram o mesmo local (o cl\u00e1ssico bloco do Rala Peito na Urca, RJ), em circunst\u00e2ncias similares\u2026","rel":"","context":"Em &quot;Escalada&quot;","block_context":{"text":"Escalada","link":"https:\/\/yuri.com.br\/claudio\/category\/escalada\/"},"img":{"alt_text":"","src":"https:\/\/i0.wp.com\/farm3.static.flickr.com\/2577\/4088067628_1d7d7f2f57.jpg?resize=350%2C200","width":350,"height":200},"classes":[]},{"id":233,"url":"https:\/\/yuri.com.br\/claudio\/2008\/09\/23\/grajau\/","url_meta":{"origin":458,"position":1},"title":"Graja\u00fa","author":"claudio","date":"23\/set\/2008","format":false,"excerpt":"Conversando com um amigo escoc\u00eas que atualmente mora aqui no RJ, ouvi uma opini\u00e3o que pode surpreender os c\u00e9ticos: se pegarmos um setor de boulders l\u00e1 da Reserva Florestal do Graja\u00fa, localizada na zona norte do Rio, \u00e9 compar\u00e1vel a um setor de Fontainebleau como Bas Cuvier. \u00c9 isso a\u00ed\u2026","rel":"","context":"Em &quot;Escalada&quot;","block_context":{"text":"Escalada","link":"https:\/\/yuri.com.br\/claudio\/category\/escalada\/"},"img":{"alt_text":"","src":"https:\/\/i0.wp.com\/farm4.static.flickr.com\/3222\/2873891868_dbb013d1a6_d.jpg?resize=350%2C200","width":350,"height":200},"classes":[]},{"id":531,"url":"https:\/\/yuri.com.br\/claudio\/2009\/03\/27\/mais-fotos-comentadas\/","url_meta":{"origin":458,"position":2},"title":"Mais fotos comentadas","author":"claudio","date":"27\/mar\/2009","format":false,"excerpt":"Continuando com as fotos comentadas, ilustro abaixo mais 2 exemplos: (clique nas imagens para ampli\u00e1-las) Nesta foto o Cesinha est\u00e1 na 2a. de suas 3 entradas na via Coquetel de Energia, em um dia de *muita* chuva, ou seja, bem mais escuro do que j\u00e1 costuma ser no Campo Escola\u2026","rel":"","context":"Em &quot;Escalada&quot;","block_context":{"text":"Escalada","link":"https:\/\/yuri.com.br\/claudio\/category\/escalada\/"},"img":{"alt_text":"","src":"https:\/\/i0.wp.com\/farm4.static.flickr.com\/3004\/2797103658_64e24a0076_o.jpg?resize=350%2C200","width":350,"height":200},"classes":[]},{"id":946,"url":"https:\/\/yuri.com.br\/claudio\/2009\/08\/10\/limite-vertical-c-e-l-v\/","url_meta":{"origin":458,"position":3},"title":"Limite Vertical (C.E.L.V.)","author":"claudio","date":"10\/ago\/2009","format":false,"excerpt":"A Limite Vertical (C.E.L.V.) \u00e9 um tradicional reduto underground de escaladores aqui no RJ\/capital, onde vc pode treinar, arrumar parcerias ou simplesmente bater aquele bom papo \"et\u00edlico\" entre amigos. Uns dias atr\u00e1s o Naoki me pilhou pra fazer umas fotos por l\u00e1, ent\u00e3o na \u00faltima quinta-feira levei meus flashes e\u2026","rel":"","context":"Em &quot;Escalada&quot;","block_context":{"text":"Escalada","link":"https:\/\/yuri.com.br\/claudio\/category\/escalada\/"},"img":{"alt_text":"","src":"https:\/\/i0.wp.com\/farm3.static.flickr.com\/2576\/3808027430_07475e2319.jpg?resize=350%2C200","width":350,"height":200},"classes":[]},{"id":1367,"url":"https:\/\/yuri.com.br\/claudio\/2010\/01\/04\/taquaril\/","url_meta":{"origin":458,"position":4},"title":"Taquaril","author":"claudio","date":"4\/jan\/2010","format":false,"excerpt":"2009 terminou naquele esquema: trabalhei at\u00e9 as 7 da noite em plena v\u00e9spera de ano novo, e sa\u00ed correndo em busca da liberdade. At\u00e9 a\u00ed nenhuma novidade, n\u00e3o fosse o destino novo para mim - Taquaril - que fica um pouco depois de Petr\u00f3polis\/RJ, ou seja, pertinho e ideal para\u2026","rel":"","context":"Em &quot;Escalada&quot;","block_context":{"text":"Escalada","link":"https:\/\/yuri.com.br\/claudio\/category\/escalada\/"},"img":{"alt_text":"","src":"https:\/\/i0.wp.com\/yuri.com.br\/claudio\/wp-content\/uploads\/2010\/01\/taquaril_gentileza_byalice.jpg?resize=350%2C200&ssl=1","width":350,"height":200,"srcset":"https:\/\/i0.wp.com\/yuri.com.br\/claudio\/wp-content\/uploads\/2010\/01\/taquaril_gentileza_byalice.jpg?resize=350%2C200&ssl=1 1x, https:\/\/i0.wp.com\/yuri.com.br\/claudio\/wp-content\/uploads\/2010\/01\/taquaril_gentileza_byalice.jpg?resize=525%2C300&ssl=1 1.5x, https:\/\/i0.wp.com\/yuri.com.br\/claudio\/wp-content\/uploads\/2010\/01\/taquaril_gentileza_byalice.jpg?resize=700%2C400&ssl=1 2x"},"classes":[]},{"id":8023,"url":"https:\/\/yuri.com.br\/claudio\/2014\/07\/21\/rubinho-2014\/","url_meta":{"origin":458,"position":5},"title":"Rubinho 2014","author":"Cl\u00e1udio Brisighello","date":"21\/jul\/2014","format":false,"excerpt":"Abaixo, Facu - esta jovem M\u00c1QUINA de escalar - d\u00e1 um pega no Medusa em pleno meio-dia, com os dedos literalmente sangrando. Como era seu \"50\u00ba\" dia seguido de escalada non-stop, ficou pra pr\u00f3xima, \"s\u00f3\" deu pra mandar o Arqueiro Zen flash. Esse a\u00ed atropela o que tiver pela frente...\u2026","rel":"","context":"Em &quot;Escalada&quot;","block_context":{"text":"Escalada","link":"https:\/\/yuri.com.br\/claudio\/category\/escalada\/"},"img":{"alt_text":"","src":"https:\/\/i0.wp.com\/yuri.com.br\/claudio\/wp-content\/uploads\/2014\/07\/croqui.jpg?resize=350%2C200&ssl=1","width":350,"height":200,"srcset":"https:\/\/i0.wp.com\/yuri.com.br\/claudio\/wp-content\/uploads\/2014\/07\/croqui.jpg?resize=350%2C200&ssl=1 1x, https:\/\/i0.wp.com\/yuri.com.br\/claudio\/wp-content\/uploads\/2014\/07\/croqui.jpg?resize=525%2C300&ssl=1 1.5x"},"classes":[]}],"_links":{"self":[{"href":"https:\/\/yuri.com.br\/claudio\/wp-json\/wp\/v2\/posts\/458","targetHints":{"allow":["GET"]}}],"collection":[{"href":"https:\/\/yuri.com.br\/claudio\/wp-json\/wp\/v2\/posts"}],"about":[{"href":"https:\/\/yuri.com.br\/claudio\/wp-json\/wp\/v2\/types\/post"}],"author":[{"embeddable":true,"href":"https:\/\/yuri.com.br\/claudio\/wp-json\/wp\/v2\/users\/2"}],"replies":[{"embeddable":true,"href":"https:\/\/yuri.com.br\/claudio\/wp-json\/wp\/v2\/comments?post=458"}],"version-history":[{"count":0,"href":"https:\/\/yuri.com.br\/claudio\/wp-json\/wp\/v2\/posts\/458\/revisions"}],"wp:attachment":[{"href":"https:\/\/yuri.com.br\/claudio\/wp-json\/wp\/v2\/media?parent=458"}],"wp:term":[{"taxonomy":"category","embeddable":true,"href":"https:\/\/yuri.com.br\/claudio\/wp-json\/wp\/v2\/categories?post=458"},{"taxonomy":"post_tag","embeddable":true,"href":"https:\/\/yuri.com.br\/claudio\/wp-json\/wp\/v2\/tags?post=458"}],"curies":[{"name":"wp","href":"https:\/\/api.w.org\/{rel}","templated":true}]}}