{"id":455,"date":"2009-03-06T13:20:38","date_gmt":"2009-03-06T13:20:38","guid":{"rendered":"http:\/\/claudiobr.wordpress.com\/?p=455"},"modified":"2009-03-06T13:20:38","modified_gmt":"2009-03-06T13:20:38","slug":"por-que-bouldering-parte-2","status":"publish","type":"post","link":"https:\/\/yuri.com.br\/claudio\/2009\/03\/06\/por-que-bouldering-parte-2\/","title":{"rendered":"Por que bouldering? (parte 2)"},"content":{"rendered":"<p>Mais um v\u00eddeo da s\u00e9rie &#8220;n\u00e3o fa\u00e7a isso encordado&#8221; :-)<\/p>\n<p>Extra\u00eddo do longa-metragem &#8220;Rocklands&#8221;, uma das mecas mundiais de bouldering<\/p>\n<p style=\"text-align:center;\"><div class=\"nv-iframe-embed\"><span class=\"embed-youtube\" style=\"text-align:center; display: block;\"><iframe loading=\"lazy\" class=\"youtube-player\" width=\"1200\" height=\"675\" src=\"https:\/\/www.youtube.com\/embed\/h7vbYFwDfU4?version=3&#038;rel=1&#038;showsearch=0&#038;showinfo=1&#038;iv_load_policy=1&#038;fs=1&#038;hl=pt-BR&#038;autohide=2&#038;wmode=transparent\" allowfullscreen=\"true\" style=\"border:0;\" sandbox=\"allow-scripts allow-same-origin allow-popups allow-presentation allow-popups-to-escape-sandbox\"><\/iframe><\/span><\/div>\n","protected":false},"excerpt":{"rendered":"<p>Mais um v\u00eddeo da s\u00e9rie &#8220;n\u00e3o fa\u00e7a isso encordado&#8221; :-) Extra\u00eddo do longa-metragem &#8220;Rocklands&#8221;, uma das mecas mundiais de bouldering<\/p>\n","protected":false},"author":2,"featured_media":0,"comment_status":"open","ping_status":"open","sticky":false,"template":"","format":"standard","meta":{"neve_meta_sidebar":"","neve_meta_container":"","neve_meta_enable_content_width":"","neve_meta_content_width":0,"neve_meta_title_alignment":"","neve_meta_author_avatar":"","neve_post_elements_order":"","neve_meta_disable_header":"","neve_meta_disable_footer":"","neve_meta_disable_title":"","jetpack_post_was_ever_published":false,"_jetpack_newsletter_access":"","_jetpack_dont_email_post_to_subs":false,"_jetpack_newsletter_tier_id":0,"_jetpack_memberships_contains_paywalled_content":false,"_jetpack_memberships_contains_paid_content":false,"footnotes":"","jetpack_publicize_message":"","jetpack_publicize_feature_enabled":true,"jetpack_social_post_already_shared":false,"jetpack_social_options":{"image_generator_settings":{"template":"highway","default_image_id":0,"font":"","enabled":false},"version":2}},"categories":[3],"tags":[],"class_list":["post-455","post","type-post","status-publish","format-standard","hentry","category-escalada"],"jetpack_publicize_connections":[],"jetpack_featured_media_url":"","jetpack_shortlink":"https:\/\/wp.me\/p4i7cB-7l","jetpack_sharing_enabled":true,"jetpack-related-posts":[{"id":428,"url":"https:\/\/yuri.com.br\/claudio\/2009\/02\/15\/bouldering\/","url_meta":{"origin":455,"position":0},"title":"Por que bouldering?","author":"claudio","date":"15\/fev\/2009","format":false,"excerpt":"A escalada de pequenos blocos possibilita movimenta\u00e7\u00f5es invi\u00e1veis quando se est\u00e1 encordado em uma cadeirinha\/baudrier. O v\u00eddeo abaixo ilustra bem este pensamento:","rel":"","context":"Em &quot;Escalada&quot;","block_context":{"text":"Escalada","link":"https:\/\/yuri.com.br\/claudio\/category\/escalada\/"},"img":{"alt_text":"","src":"","width":0,"height":0},"classes":[]},{"id":40,"url":"https:\/\/yuri.com.br\/claudio\/2008\/07\/31\/letranger-85-days-in-font\/","url_meta":{"origin":455,"position":1},"title":"L\u2019\u00c9tranger &#8211; 85 days in Font","author":"claudio","date":"31\/jul\/2008","format":false,"excerpt":"Recomenda\u00e7\u00e3o de filminho. Recentemente um ingl\u00eas passou alguns meses em Fontainebleau e registrou tudo em v\u00eddeo. O resultado foi \"The Outsider\", esse longa de quase 1 hora de bouldering em um dos locais mais tradicionais do mundo (com uma breve passagem na Su\u00ed\u00e7a). Considerando as circunst\u00e2ncias \"caseiras\" do filme, a\u2026","rel":"","context":"Em &quot;Escalada&quot;","block_context":{"text":"Escalada","link":"https:\/\/yuri.com.br\/claudio\/category\/escalada\/"},"img":{"alt_text":"","src":"https:\/\/i0.wp.com\/yuri.com.br\/claudio\/wp-content\/uploads\/2008\/07\/bleau_forest1_small.jpg?resize=350%2C200&ssl=1","width":350,"height":200,"srcset":"https:\/\/i0.wp.com\/yuri.com.br\/claudio\/wp-content\/uploads\/2008\/07\/bleau_forest1_small.jpg?resize=350%2C200&ssl=1 1x, https:\/\/i0.wp.com\/yuri.com.br\/claudio\/wp-content\/uploads\/2008\/07\/bleau_forest1_small.jpg?resize=525%2C300&ssl=1 1.5x, https:\/\/i0.wp.com\/yuri.com.br\/claudio\/wp-content\/uploads\/2008\/07\/bleau_forest1_small.jpg?resize=700%2C400&ssl=1 2x"},"classes":[]},{"id":5548,"url":"https:\/\/yuri.com.br\/claudio\/2013\/08\/07\/croqui-do-rubinho\/","url_meta":{"origin":455,"position":2},"title":"Croqui do Rubinho","author":"claudio","date":"7\/ago\/2013","format":false,"excerpt":"Por fim, est\u00e1 no ar a primeira vers\u00e3o do croqui do Rubinho. Baixem ele no site do SumbaBoulder! Aproveitem este gancho para fazer uma reflex\u00e3o sobre quest\u00f5es de acesso, olimp\u00edadas, dejetos e bitucas no link: ROCKLANDS BOULDERING CRISIS Boas escaladas e muita consci\u00eancia a todos!","rel":"","context":"Em &quot;Escalada&quot;","block_context":{"text":"Escalada","link":"https:\/\/yuri.com.br\/claudio\/category\/escalada\/"},"img":{"alt_text":"","src":"","width":0,"height":0},"classes":[]},{"id":70,"url":"https:\/\/yuri.com.br\/claudio\/2008\/08\/04\/seguranca-em-boulder\/","url_meta":{"origin":455,"position":3},"title":"Seguran\u00e7a em boulder?","author":"claudio","date":"4\/ago\/2008","format":false,"excerpt":"ATEN\u00c7\u00c3O NA SEG, GALERA!!!!!!!!!!! ---x--- SEGURAN\u00c7A EM BOULDER? Por Claudio Brisighello Bouldering \u00e9 uma das modalidades de escalada que vem crescendo bastante no Brasil, apesar de ser uma \"febre\" recente na hist\u00f3ria deste esporte no pa\u00eds, se comparada aos estilos esportivo e tradicional, por exemplo. Este fato \u00e9 evidenciado tanto\u2026","rel":"","context":"Em &quot;Escalada&quot;","block_context":{"text":"Escalada","link":"https:\/\/yuri.com.br\/claudio\/category\/escalada\/"},"img":{"alt_text":"","src":"https:\/\/i0.wp.com\/yuri.com.br\/claudio\/wp-content\/uploads\/2008\/08\/radioscopia.jpg?resize=350%2C200","width":350,"height":200},"classes":[]},{"id":4149,"url":"https:\/\/yuri.com.br\/claudio\/2012\/10\/25\/john-gill-o-pioneiro\/","url_meta":{"origin":455,"position":4},"title":"John Gill, o pioneiro","author":"claudio","date":"25\/out\/2012","format":false,"excerpt":"Esse a\u00ed dispensa apresenta\u00e7\u00f5es... se nunca ouviu falar deste vovozinho de 75 anos, pule este post. Aproveito a ocasi\u00e3o \"hist\u00f3ria da escalada\/bouldering\" para lembrar do interessante sistema de gradua\u00e7\u00e3o que John Gill prop\u00f4s nos prim\u00f3rdios (adotado na d\u00e9cada passada por Klem Loskot), uma id\u00e9ia que faz mais sentido para mim\u2026","rel":"","context":"Em &quot;Escalada&quot;","block_context":{"text":"Escalada","link":"https:\/\/yuri.com.br\/claudio\/category\/escalada\/"},"img":{"alt_text":"","src":"https:\/\/i0.wp.com\/img.youtube.com\/vi\/7XklZ40FGgs\/0.jpg?resize=350%2C200","width":350,"height":200},"classes":[]},{"id":388,"url":"https:\/\/yuri.com.br\/claudio\/2009\/01\/23\/video-do-grajaurj\/","url_meta":{"origin":455,"position":5},"title":"V\u00eddeo do Graja\u00fa\/RJ","author":"claudio","date":"23\/jan\/2009","format":false,"excerpt":"A homage to the friends and the boulders. \u00a0\"Curta-metragem\" sobre uma tarde de escalada em um dos melhores locais de boulder da cidade. Foquei a edi\u00e7\u00e3o\/trilha no aspecto mais social, portanto n\u00e3o espere aquele rock'n'roll de morder a pedra... Bons ventos!","rel":"","context":"Em &quot;Escalada&quot;","block_context":{"text":"Escalada","link":"https:\/\/yuri.com.br\/claudio\/category\/escalada\/"},"img":{"alt_text":"","src":"","width":0,"height":0},"classes":[]}],"_links":{"self":[{"href":"https:\/\/yuri.com.br\/claudio\/wp-json\/wp\/v2\/posts\/455","targetHints":{"allow":["GET"]}}],"collection":[{"href":"https:\/\/yuri.com.br\/claudio\/wp-json\/wp\/v2\/posts"}],"about":[{"href":"https:\/\/yuri.com.br\/claudio\/wp-json\/wp\/v2\/types\/post"}],"author":[{"embeddable":true,"href":"https:\/\/yuri.com.br\/claudio\/wp-json\/wp\/v2\/users\/2"}],"replies":[{"embeddable":true,"href":"https:\/\/yuri.com.br\/claudio\/wp-json\/wp\/v2\/comments?post=455"}],"version-history":[{"count":0,"href":"https:\/\/yuri.com.br\/claudio\/wp-json\/wp\/v2\/posts\/455\/revisions"}],"wp:attachment":[{"href":"https:\/\/yuri.com.br\/claudio\/wp-json\/wp\/v2\/media?parent=455"}],"wp:term":[{"taxonomy":"category","embeddable":true,"href":"https:\/\/yuri.com.br\/claudio\/wp-json\/wp\/v2\/categories?post=455"},{"taxonomy":"post_tag","embeddable":true,"href":"https:\/\/yuri.com.br\/claudio\/wp-json\/wp\/v2\/tags?post=455"}],"curies":[{"name":"wp","href":"https:\/\/api.w.org\/{rel}","templated":true}]}}