{"id":4545,"date":"2013-02-06T17:52:58","date_gmt":"2013-02-06T17:52:58","guid":{"rendered":"http:\/\/claudiobr.wordpress.com\/?p=4545"},"modified":"2013-02-06T17:52:58","modified_gmt":"2013-02-06T17:52:58","slug":"pao-de-cebola","status":"publish","type":"post","link":"https:\/\/yuri.com.br\/claudio\/2013\/02\/06\/pao-de-cebola\/","title":{"rendered":"P\u00e3o de cebola com fermenta\u00e7\u00e3o natural"},"content":{"rendered":"<p><a href=\"http:\/\/www.flickr.com\/photos\/cbrisighello\/8450188587\/in\/photostream\/lightbox\/\" target=\"_blank\"><img loading=\"lazy\" decoding=\"async\" data-attachment-id=\"4570\" data-permalink=\"https:\/\/yuri.com.br\/claudio\/2013\/02\/06\/pao-de-cebola\/onionbread1\/\" data-orig-file=\"https:\/\/yuri.com.br\/claudio\/wp-content\/uploads\/2013\/02\/onionbread1.jpg\" data-orig-size=\"700,467\" data-comments-opened=\"1\" data-image-meta=\"{&quot;aperture&quot;:&quot;0&quot;,&quot;credit&quot;:&quot;&quot;,&quot;camera&quot;:&quot;&quot;,&quot;caption&quot;:&quot;&quot;,&quot;created_timestamp&quot;:&quot;0&quot;,&quot;copyright&quot;:&quot;&quot;,&quot;focal_length&quot;:&quot;0&quot;,&quot;iso&quot;:&quot;0&quot;,&quot;shutter_speed&quot;:&quot;0&quot;,&quot;title&quot;:&quot;&quot;}\" data-image-title=\"OnionBread1\" data-image-description=\"\" data-image-caption=\"\" data-medium-file=\"https:\/\/yuri.com.br\/claudio\/wp-content\/uploads\/2013\/02\/onionbread1-300x200.jpg\" data-large-file=\"https:\/\/yuri.com.br\/claudio\/wp-content\/uploads\/2013\/02\/onionbread1.jpg\" class=\"aligncenter size-full wp-image-4570\" alt=\"\" src=\"http:\/\/yuri.com.br\/claudio\/wp-content\/uploads\/2013\/02\/onionbread1.jpg\" width=\"700\" height=\"467\" srcset=\"https:\/\/yuri.com.br\/claudio\/wp-content\/uploads\/2013\/02\/onionbread1.jpg 700w, https:\/\/yuri.com.br\/claudio\/wp-content\/uploads\/2013\/02\/onionbread1-300x200.jpg 300w, https:\/\/yuri.com.br\/claudio\/wp-content\/uploads\/2013\/02\/onionbread1-210x140.jpg 210w\" sizes=\"auto, (max-width: 700px) 100vw, 700px\" \/><\/a><\/p>\n<p>Esta postagem vai para o <a href=\"http:\/\/www.wildyeastblog.com\/category\/yeastspotting\" target=\"_blank\">YeastSpotting<\/a>! Pois estou em d\u00edvida com a Susan do site <a href=\"http:\/\/www.wildyeastblog.com\" target=\"_blank\">Wild Yeast<\/a>, que publica essa <a href=\"http:\/\/www.wildyeastblog.com\/yeastspotting-2-20-13-page-1\/\" target=\"_blank\">cole\u00e7\u00e3o semanal<\/a> de p\u00e3es artesanais elaborados mundo afora, \u00f3tima id\u00e9ia e fonte de inspira\u00e7\u00e3o para a comunidade.<\/p>\n<p>Este <strong>p\u00e3o de cebola<\/strong> \u00e9 um dos meus prediletos. O sabor da fermenta\u00e7\u00e3o natural (leve acidez), o doce da cebola, a casca grossa e crocante, o miolo macio, tudo conspira a favor do del\u00edrio! Se vc tiver uma manteiga de alho assado ent\u00e3o&#8230; melhor eu parar por aqui sen\u00e3o vou acabar babando no teclado.<\/p>\n<table width=\"267\" border=\"0\" rules=\"NONE\" cellspacing=\"0\">\n<col width=\"169\" \/>\n<col width=\"40\" \/>\n<col width=\"44\" \/>\n<tbody>\n<tr>\n<td align=\"RIGHT\" valign=\"MIDDLE\" bgcolor=\"#E6E6E6\" width=\"169\" height=\"23\"><b>Peso total em gramas:<\/b><\/td>\n<td align=\"CENTER\" valign=\"MIDDLE\" bgcolor=\"#E6E6E6\" width=\"40\"><b>1327<\/b><\/td>\n<td align=\"CENTER\" valign=\"MIDDLE\" bgcolor=\"#E6E6E6\" width=\"44\"><\/td>\n<\/tr>\n<tr>\n<td colspan=\"3\" align=\"CENTER\" valign=\"MIDDLE\" bgcolor=\"#FF6633\" height=\"23\"><b>MASSA FINAL<\/b><\/td>\n<\/tr>\n<tr>\n<td align=\"CENTER\" valign=\"MIDDLE\" bgcolor=\"#FFCC99\" height=\"23\">Total de farinha<\/td>\n<td align=\"CENTER\" valign=\"MIDDLE\" bgcolor=\"#FFCC99\">776<\/td>\n<td align=\"CENTER\" valign=\"MIDDLE\" bgcolor=\"#FF9966\"><b>100%<\/b><\/td>\n<\/tr>\n<tr>\n<td align=\"CENTER\" valign=\"MIDDLE\" bgcolor=\"#FFCC99\" height=\"23\">Total de \u00e1gua<\/td>\n<td align=\"CENTER\" valign=\"MIDDLE\" bgcolor=\"#FFCC99\">508<\/td>\n<td align=\"CENTER\" valign=\"MIDDLE\" bgcolor=\"#FF9966\"><b>65%<\/b><\/td>\n<\/tr>\n<tr>\n<td align=\"CENTER\" valign=\"MIDDLE\" bgcolor=\"#FFCC99\" height=\"23\">Farinha pr\u00e9-fermentada<\/td>\n<td align=\"CENTER\" valign=\"MIDDLE\" bgcolor=\"#FFCC99\">193<\/td>\n<td align=\"CENTER\" valign=\"MIDDLE\" bgcolor=\"#FFCC99\">25%<\/td>\n<\/tr>\n<tr>\n<td colspan=\"3\" align=\"CENTER\" valign=\"MIDDLE\" bgcolor=\"#0099FF\" height=\"23\"><b>INGREDIENTES DA MASSA<\/b><\/td>\n<\/tr>\n<tr>\n<td align=\"CENTER\" valign=\"MIDDLE\" bgcolor=\"#99CCFF\" height=\"23\">Levain (50% hidrata\u00e7\u00e3o)<\/td>\n<td align=\"CENTER\" valign=\"MIDDLE\" bgcolor=\"#99CCFF\">292<\/td>\n<td align=\"CENTER\" valign=\"MIDDLE\" bgcolor=\"#99CCFF\">&#8211;<\/td>\n<\/tr>\n<tr>\n<td align=\"CENTER\" valign=\"MIDDLE\" bgcolor=\"#99CCFF\" height=\"23\">Farinha de trigo<\/td>\n<td align=\"CENTER\" valign=\"MIDDLE\" bgcolor=\"#99CCFF\">584<\/td>\n<td align=\"CENTER\" valign=\"MIDDLE\" bgcolor=\"#99CCFF\">&#8211;<\/td>\n<\/tr>\n<tr>\n<td align=\"CENTER\" valign=\"MIDDLE\" bgcolor=\"#99CCFF\" height=\"23\">\u00c1gua gelada<\/td>\n<td align=\"CENTER\" valign=\"MIDDLE\" bgcolor=\"#99CCFF\">409<\/td>\n<td align=\"CENTER\" valign=\"MIDDLE\" bgcolor=\"#99CCFF\">&#8211;<\/td>\n<\/tr>\n<tr>\n<td align=\"CENTER\" valign=\"MIDDLE\" bgcolor=\"#99CCFF\" height=\"23\">Malte diast\u00e1tico<\/td>\n<td align=\"CENTER\" valign=\"MIDDLE\" bgcolor=\"#99CCFF\">4<\/td>\n<td align=\"CENTER\" valign=\"MIDDLE\" bgcolor=\"#99CCFF\">0,5%<\/td>\n<\/tr>\n<tr>\n<td align=\"CENTER\" valign=\"MIDDLE\" bgcolor=\"#99CCFF\" height=\"23\">Sal<\/td>\n<td align=\"CENTER\" valign=\"MIDDLE\" bgcolor=\"#99CCFF\">16<\/td>\n<td align=\"CENTER\" valign=\"MIDDLE\" bgcolor=\"#99CCFF\">2%<\/td>\n<\/tr>\n<tr>\n<td colspan=\"3\" align=\"CENTER\" valign=\"MIDDLE\" bgcolor=\"#999999\" height=\"23\"><b>ADJUNTOS<\/b><\/td>\n<\/tr>\n<tr>\n<td align=\"CENTER\" valign=\"MIDDLE\" bgcolor=\"#CCCCCC\" height=\"23\">Cebola desidratada<\/td>\n<td align=\"CENTER\" valign=\"MIDDLE\" bgcolor=\"#CCCCCC\">23<\/td>\n<td align=\"CENTER\" valign=\"MIDDLE\" bgcolor=\"#CCCCCC\">3%<\/td>\n<\/tr>\n<\/tbody>\n<\/table>\n<h3><\/h3>\n<h3>M\u00e9todo<\/h3>\n<ul>\n<li>Na noite anterior, preparar o total de levain usando 20% de farinha de centeio e o restante com farinha branca.<\/li>\n<li>Misturar brevemente a farinha de trigo com a \u00e1gua gelada mais o levain. Descansar por 40 min. (aut\u00f3lise).<\/li>\n<li>Adicionar sal e malte, misturar e sovar at\u00e9 obter m\u00e9dia forma\u00e7\u00e3o de gl\u00faten.<\/li>\n<li>Incorporar a cebola aos poucos, sovando at\u00e9 obter uma massa homog\u00eanea.<\/li>\n<li>Fermenta\u00e7\u00e3o prim\u00e1ria de 4 horas, com cerca de 4 dobras para fortalecer (a cada 30 min).<\/li>\n<li>Dividir a massa conforme desejado e pr\u00e9-bolear. Descanso de 25 min.<\/li>\n<li>Dar o formato final. Fiz 1 batard de aproximadamente 600g e 1 boule de 700g.<\/li>\n<li>Descansar por 40 min. em temperatura ambiente (25\u00b0C) e 12 horas na geladeira.<\/li>\n<li>Assar a 220\u00b0C, coberto (ex.: panela de ferro) por 20 min. e descoberto por 40 min. ou at\u00e9 amarronzar.<\/li>\n<\/ul>\n<h3><a href=\"http:\/\/www.flickr.com\/photos\/cbrisighello\/8451274958\/in\/photostream\/lightbox\/\" target=\"_blank\"><img loading=\"lazy\" decoding=\"async\" alt=\"\" src=\"http:\/\/yuri.com.br\/claudio\/wp-content\/uploads\/2013\/02\/onionbread2.jpg\" width=\"700\" height=\"491\" \/><\/a><\/h3>\n<p>Essa &#8216;dili\u00e7a&#8217; tamb\u00e9m vai muito bem como base de brusquetas\/crostinis. Happy baking &amp; bon apetit!<br \/>\n(Quer fazer e n\u00e3o entendeu nada acima? Comece com este <a href=\"http:\/\/claudiobr.wordpress.com\/2011\/08\/01\/pao-de-forma\/\" target=\"_blank\">post<\/a>!)<\/p>\n<p style=\"text-align:right;\"><a href=\"http:\/\/translate.google.com\/translate?js=n&amp;sl=auto&amp;tl=en&amp;u=http:\/\/claudiobr.wordpress.com\/2013\/02\/06\/pao-de-cebola\/\" target=\"_blank\"><em>translate Sourdough Onion Bread to english<\/em><\/a><\/p>\n","protected":false},"excerpt":{"rendered":"<p>Esta postagem vai para o YeastSpotting! Pois estou em d\u00edvida com a Susan do site Wild Yeast, que publica essa cole\u00e7\u00e3o semanal de p\u00e3es artesanais elaborados mundo afora, \u00f3tima id\u00e9ia e fonte de inspira\u00e7\u00e3o para a comunidade. Este p\u00e3o de cebola \u00e9 um dos meus prediletos. O sabor da fermenta\u00e7\u00e3o natural (leve acidez), o doce&hellip;&nbsp;<a href=\"https:\/\/yuri.com.br\/claudio\/2013\/02\/06\/pao-de-cebola\/\" rel=\"bookmark\">Continue a ler &raquo;<span class=\"screen-reader-text\">P\u00e3o de cebola com fermenta\u00e7\u00e3o natural<\/span><\/a><\/p>\n","protected":false},"author":2,"featured_media":4570,"comment_status":"open","ping_status":"open","sticky":false,"template":"","format":"standard","meta":{"neve_meta_sidebar":"","neve_meta_container":"","neve_meta_enable_content_width":"","neve_meta_content_width":0,"neve_meta_title_alignment":"","neve_meta_author_avatar":"","neve_post_elements_order":"","neve_meta_disable_header":"","neve_meta_disable_footer":"","neve_meta_disable_title":"","jetpack_post_was_ever_published":false,"_jetpack_newsletter_access":"","_jetpack_dont_email_post_to_subs":false,"_jetpack_newsletter_tier_id":0,"_jetpack_memberships_contains_paywalled_content":false,"_jetpack_memberships_contains_paid_content":false,"footnotes":"","jetpack_publicize_message":"","jetpack_publicize_feature_enabled":true,"jetpack_social_post_already_shared":false,"jetpack_social_options":{"image_generator_settings":{"template":"highway","default_image_id":0,"font":"","enabled":false},"version":2}},"categories":[2],"tags":[],"class_list":["post-4545","post","type-post","status-publish","format-standard","has-post-thumbnail","hentry","category-baixa-gastronomia"],"jetpack_publicize_connections":[],"jetpack_featured_media_url":"https:\/\/yuri.com.br\/claudio\/wp-content\/uploads\/2013\/02\/onionbread1.jpg","jetpack_shortlink":"https:\/\/wp.me\/p4i7cB-1bj","jetpack_sharing_enabled":true,"jetpack-related-posts":[{"id":4459,"url":"https:\/\/yuri.com.br\/claudio\/2012\/12\/17\/focaccia\/","url_meta":{"origin":4545,"position":0},"title":"Focaccia","author":"claudio","date":"17\/dez\/2012","format":false,"excerpt":"Na semana passada, sobrou fermento\/levain e aproveitei para fazer uma focaccia. Pena que foto n\u00e3o tem cheiro... Como a aprova\u00e7\u00e3o da esposa foi superlativa, deixo a sugest\u00e3o para vc que est\u00e1 naquele ador\u00e1vel ritmo de fim de ano e sem id\u00e9ias para fazer nesses dias de chuva. A grosso modo\u2026","rel":"","context":"Em &quot;'Baixa' Gastronomia&quot;","block_context":{"text":"'Baixa' Gastronomia","link":"https:\/\/yuri.com.br\/claudio\/category\/baixa-gastronomia\/"},"img":{"alt_text":"","src":"https:\/\/i0.wp.com\/yuri.com.br\/claudio\/wp-content\/uploads\/2012\/12\/focaccia.jpg?resize=350%2C200&ssl=1","width":350,"height":200,"srcset":"https:\/\/i0.wp.com\/yuri.com.br\/claudio\/wp-content\/uploads\/2012\/12\/focaccia.jpg?resize=350%2C200&ssl=1 1x, https:\/\/i0.wp.com\/yuri.com.br\/claudio\/wp-content\/uploads\/2012\/12\/focaccia.jpg?resize=525%2C300&ssl=1 1.5x, https:\/\/i0.wp.com\/yuri.com.br\/claudio\/wp-content\/uploads\/2012\/12\/focaccia.jpg?resize=700%2C400&ssl=1 2x"},"classes":[]},{"id":3947,"url":"https:\/\/yuri.com.br\/claudio\/2012\/08\/26\/sourdough\/","url_meta":{"origin":4545,"position":1},"title":"P\u00e3o nosso de cada dia","author":"claudio","date":"26\/ago\/2012","format":false,"excerpt":"Um pouquinho mais sobre o tema da panifica\u00e7\u00e3o. Diversos blogs por a\u00ed afora compartilham lindos p\u00e3es, me inspirando a tentar o mesmo. Tenho que dizer: haja saco pra ficar fotografando o trampo todo! :-] Mas vamos l\u00e1... Aqui vai a minha f\u00f3rmula atual que serve de base para a os\u2026","rel":"","context":"Em &quot;'Baixa' Gastronomia&quot;","block_context":{"text":"'Baixa' Gastronomia","link":"https:\/\/yuri.com.br\/claudio\/category\/baixa-gastronomia\/"},"img":{"alt_text":"","src":"https:\/\/i0.wp.com\/yuri.com.br\/claudio\/wp-content\/uploads\/2012\/08\/multigraos1.jpg?resize=350%2C200&ssl=1","width":350,"height":200,"srcset":"https:\/\/i0.wp.com\/yuri.com.br\/claudio\/wp-content\/uploads\/2012\/08\/multigraos1.jpg?resize=350%2C200&ssl=1 1x, https:\/\/i0.wp.com\/yuri.com.br\/claudio\/wp-content\/uploads\/2012\/08\/multigraos1.jpg?resize=525%2C300&ssl=1 1.5x, https:\/\/i0.wp.com\/yuri.com.br\/claudio\/wp-content\/uploads\/2012\/08\/multigraos1.jpg?resize=700%2C400&ssl=1 2x"},"classes":[]},{"id":4166,"url":"https:\/\/yuri.com.br\/claudio\/2012\/10\/29\/um-toque-de-frescor-organico\/","url_meta":{"origin":4545,"position":2},"title":"Um toque de frescor (org\u00e2nico)","author":"claudio","date":"29\/out\/2012","format":false,"excerpt":"Com as \u00e9pocas quentes vem os pratos frios. E a horta, que andou largada durante a temporada de escalada, volta a ganhar vida e a render prazeres impag\u00e1veis. Olha a\u00ed os tomates pera e cereja: um galhinho rec\u00e9m colhido desses, levemente refogado e temperado, embeleza qualquer prato! Al\u00e9m dos tomatinhos,\u2026","rel":"","context":"Em &quot;'Baixa' Gastronomia&quot;","block_context":{"text":"'Baixa' Gastronomia","link":"https:\/\/yuri.com.br\/claudio\/category\/baixa-gastronomia\/"},"img":{"alt_text":"","src":"https:\/\/i0.wp.com\/yuri.com.br\/claudio\/wp-content\/uploads\/2012\/10\/tomatescerejaoutubro2012.jpg?resize=350%2C200&ssl=1","width":350,"height":200,"srcset":"https:\/\/i0.wp.com\/yuri.com.br\/claudio\/wp-content\/uploads\/2012\/10\/tomatescerejaoutubro2012.jpg?resize=350%2C200&ssl=1 1x, https:\/\/i0.wp.com\/yuri.com.br\/claudio\/wp-content\/uploads\/2012\/10\/tomatescerejaoutubro2012.jpg?resize=525%2C300&ssl=1 1.5x, https:\/\/i0.wp.com\/yuri.com.br\/claudio\/wp-content\/uploads\/2012\/10\/tomatescerejaoutubro2012.jpg?resize=700%2C400&ssl=1 2x"},"classes":[]},{"id":4853,"url":"https:\/\/yuri.com.br\/claudio\/2013\/04\/16\/pasta-de-alho-assado\/","url_meta":{"origin":4545,"position":3},"title":"Pasta de alho assado","author":"claudio","date":"16\/abr\/2013","format":false,"excerpt":"Aquela pasta de alho, que comentei no p\u00e3o de cebola, merece um post. Se voc\u00ea usa bastante o forno como eu, inclua uns alhos enquanto vc assa outras coisas e garanto, n\u00e3o se arrepender\u00e1! Essa eu fiz enquanto assava umas batatas. Basta embrulhar algumas cabe\u00e7as de alho em papel alum\u00ednio,\u2026","rel":"","context":"Em &quot;'Baixa' Gastronomia&quot;","block_context":{"text":"'Baixa' Gastronomia","link":"https:\/\/yuri.com.br\/claudio\/category\/baixa-gastronomia\/"},"img":{"alt_text":"","src":"https:\/\/i0.wp.com\/yuri.com.br\/claudio\/wp-content\/uploads\/2013\/04\/paocebola_pastaalho.jpg?resize=350%2C200&ssl=1","width":350,"height":200,"srcset":"https:\/\/i0.wp.com\/yuri.com.br\/claudio\/wp-content\/uploads\/2013\/04\/paocebola_pastaalho.jpg?resize=350%2C200&ssl=1 1x, https:\/\/i0.wp.com\/yuri.com.br\/claudio\/wp-content\/uploads\/2013\/04\/paocebola_pastaalho.jpg?resize=525%2C300&ssl=1 1.5x, https:\/\/i0.wp.com\/yuri.com.br\/claudio\/wp-content\/uploads\/2013\/04\/paocebola_pastaalho.jpg?resize=700%2C400&ssl=1 2x"},"classes":[]},{"id":3439,"url":"https:\/\/yuri.com.br\/claudio\/2012\/02\/19\/pao-bento\/","url_meta":{"origin":4545,"position":4},"title":"P\u00e3o Bento","author":"claudio","date":"19\/fev\/2012","format":false,"excerpt":"Mais uma propaganda bem intencionada, desta vez comest\u00edvel. Se existe o famoso p\u00e9 de moleque de Piranguinho, por que n\u00e3o o p\u00e3o de queijo de S\u00e3o Bento do Sapuca\u00ed? Eis que surge a proposta do P\u00e3o Bento da Mantiqueira, um p\u00e3o de queijo fiel \u00e0s origens (leia-se muito queijo meia-cura)\u2026","rel":"","context":"Em &quot;'Baixa' Gastronomia&quot;","block_context":{"text":"'Baixa' Gastronomia","link":"https:\/\/yuri.com.br\/claudio\/category\/baixa-gastronomia\/"},"img":{"alt_text":"","src":"https:\/\/i0.wp.com\/yuri.com.br\/claudio\/wp-content\/uploads\/2012\/02\/logo.jpg?resize=350%2C200&ssl=1","width":350,"height":200},"classes":[]},{"id":7730,"url":"https:\/\/yuri.com.br\/claudio\/2014\/05\/24\/planilha-sourdough-spreadsheet\/","url_meta":{"origin":4545,"position":5},"title":"Planilha \/ Sourdough Spreadsheet","author":"Cl\u00e1udio Brisighello","date":"24\/maio\/2014","format":false,"excerpt":"Viva o p\u00e3o de fermenta\u00e7\u00e3o natural! J\u00e1 faz um tempo sem falar de panifica\u00e7\u00e3o por aqui, ent\u00e3o essa vai pros amantes da fermenta\u00e7\u00e3o natural, em um n\u00edvel um pouco mais t\u00e9cnico. Quem calcula as f\u00f3rmulas de um pain au levain, sem d\u00favida um dia j\u00e1 quase arrancou os cabelos com\u2026","rel":"","context":"Em &quot;'Baixa' Gastronomia&quot;","block_context":{"text":"'Baixa' Gastronomia","link":"https:\/\/yuri.com.br\/claudio\/category\/baixa-gastronomia\/"},"img":{"alt_text":"","src":"https:\/\/i0.wp.com\/yuri.com.br\/claudio\/wp-content\/uploads\/2014\/05\/PainAuLevain2014.jpg?resize=350%2C200&ssl=1","width":350,"height":200,"srcset":"https:\/\/i0.wp.com\/yuri.com.br\/claudio\/wp-content\/uploads\/2014\/05\/PainAuLevain2014.jpg?resize=350%2C200&ssl=1 1x, https:\/\/i0.wp.com\/yuri.com.br\/claudio\/wp-content\/uploads\/2014\/05\/PainAuLevain2014.jpg?resize=525%2C300&ssl=1 1.5x, https:\/\/i0.wp.com\/yuri.com.br\/claudio\/wp-content\/uploads\/2014\/05\/PainAuLevain2014.jpg?resize=700%2C400&ssl=1 2x, https:\/\/i0.wp.com\/yuri.com.br\/claudio\/wp-content\/uploads\/2014\/05\/PainAuLevain2014.jpg?resize=1050%2C600&ssl=1 3x"},"classes":[]}],"_links":{"self":[{"href":"https:\/\/yuri.com.br\/claudio\/wp-json\/wp\/v2\/posts\/4545","targetHints":{"allow":["GET"]}}],"collection":[{"href":"https:\/\/yuri.com.br\/claudio\/wp-json\/wp\/v2\/posts"}],"about":[{"href":"https:\/\/yuri.com.br\/claudio\/wp-json\/wp\/v2\/types\/post"}],"author":[{"embeddable":true,"href":"https:\/\/yuri.com.br\/claudio\/wp-json\/wp\/v2\/users\/2"}],"replies":[{"embeddable":true,"href":"https:\/\/yuri.com.br\/claudio\/wp-json\/wp\/v2\/comments?post=4545"}],"version-history":[{"count":0,"href":"https:\/\/yuri.com.br\/claudio\/wp-json\/wp\/v2\/posts\/4545\/revisions"}],"wp:featuredmedia":[{"embeddable":true,"href":"https:\/\/yuri.com.br\/claudio\/wp-json\/wp\/v2\/media\/4570"}],"wp:attachment":[{"href":"https:\/\/yuri.com.br\/claudio\/wp-json\/wp\/v2\/media?parent=4545"}],"wp:term":[{"taxonomy":"category","embeddable":true,"href":"https:\/\/yuri.com.br\/claudio\/wp-json\/wp\/v2\/categories?post=4545"},{"taxonomy":"post_tag","embeddable":true,"href":"https:\/\/yuri.com.br\/claudio\/wp-json\/wp\/v2\/tags?post=4545"}],"curies":[{"name":"wp","href":"https:\/\/api.w.org\/{rel}","templated":true}]}}