{"id":4537,"date":"2013-02-01T14:58:47","date_gmt":"2013-02-01T14:58:47","guid":{"rendered":"http:\/\/claudiobr.wordpress.com\/?p=4537"},"modified":"2013-02-01T14:58:47","modified_gmt":"2013-02-01T14:58:47","slug":"five-ten-team-brasil","status":"publish","type":"post","link":"https:\/\/yuri.com.br\/claudio\/2013\/02\/01\/five-ten-team-brasil\/","title":{"rendered":"FIVE TEN Team Brasil"},"content":{"rendered":"<p>A equipe est\u00e1 crescendo e l\u00e1 fui eu fazer <a href=\"http:\/\/claudiobr.wordpress.com\/2012\/11\/11\/5-10-brasil\/\" target=\"_blank\">mais fotos<\/a>. Lembra da japinha no <a href=\"http:\/\/claudiobr.wordpress.com\/2012\/06\/11\/campeonato-brasileiro-2012-etapa-sao-bento-fotos\/\" target=\"_blank\">campeonato brasileiro<\/a>? Olha ela a\u00ed, seu nome \u00e9 Bruna. S\u00f3 este reconhecimento\/incentivo a ela j\u00e1 justificaria a escolha de minha pr\u00f3xima sapatilha. Fica a dica: Dragon (sim, aquela que vc v\u00ea pisando em mto V14 nos v\u00eddeos gringos) a 350 pratas no site da <a href=\"http:\/\/fivetenbrasil.com.br\/produto\/sapatilha-dragon.html\" target=\"_blank\">Five Ten Brasil<\/a>!<\/p>\n<p>A se\u00e7\u00e3o rendeu diversas fotos, depois eu mostro mais por aqui. Por ora, bons treinos a todos nesses dias de chuva!<\/p>\n<p style=\"text-align:center;\"><a href=\"http:\/\/www.flickr.com\/photos\/cbrisighello\/8435488302\/in\/set-72157631960198934\/\"><img loading=\"lazy\" decoding=\"async\" data-attachment-id=\"4538\" data-permalink=\"https:\/\/yuri.com.br\/claudio\/2013\/02\/01\/five-ten-team-brasil\/teambrasil_squarecrop\/\" data-orig-file=\"https:\/\/yuri.com.br\/claudio\/wp-content\/uploads\/2013\/02\/teambrasil_squarecrop.jpg\" data-orig-size=\"700,700\" data-comments-opened=\"1\" data-image-meta=\"{&quot;aperture&quot;:&quot;0&quot;,&quot;credit&quot;:&quot;&quot;,&quot;camera&quot;:&quot;&quot;,&quot;caption&quot;:&quot;&quot;,&quot;created_timestamp&quot;:&quot;0&quot;,&quot;copyright&quot;:&quot;&quot;,&quot;focal_length&quot;:&quot;0&quot;,&quot;iso&quot;:&quot;0&quot;,&quot;shutter_speed&quot;:&quot;0&quot;,&quot;title&quot;:&quot;&quot;}\" data-image-title=\"TeamBrasil_SquareCrop\" data-image-description=\"\" data-image-caption=\"\" data-medium-file=\"https:\/\/yuri.com.br\/claudio\/wp-content\/uploads\/2013\/02\/teambrasil_squarecrop-300x300.jpg\" data-large-file=\"https:\/\/yuri.com.br\/claudio\/wp-content\/uploads\/2013\/02\/teambrasil_squarecrop.jpg\" class=\"aligncenter size-full wp-image-4538\" alt=\"TeamBrasil_SquareCrop\" src=\"http:\/\/yuri.com.br\/claudio\/wp-content\/uploads\/2013\/02\/teambrasil_squarecrop.jpg\" width=\"700\" height=\"700\" srcset=\"https:\/\/yuri.com.br\/claudio\/wp-content\/uploads\/2013\/02\/teambrasil_squarecrop.jpg 700w, https:\/\/yuri.com.br\/claudio\/wp-content\/uploads\/2013\/02\/teambrasil_squarecrop-150x150.jpg 150w, https:\/\/yuri.com.br\/claudio\/wp-content\/uploads\/2013\/02\/teambrasil_squarecrop-300x300.jpg 300w, https:\/\/yuri.com.br\/claudio\/wp-content\/uploads\/2013\/02\/teambrasil_squarecrop-210x210.jpg 210w\" sizes=\"auto, (max-width: 700px) 100vw, 700px\" \/><\/a><\/p>\n","protected":false},"excerpt":{"rendered":"<p>A equipe est\u00e1 crescendo e l\u00e1 fui eu fazer mais fotos. Lembra da japinha no campeonato brasileiro? Olha ela a\u00ed, seu nome \u00e9 Bruna. S\u00f3 este reconhecimento\/incentivo a ela j\u00e1 justificaria a escolha de minha pr\u00f3xima sapatilha. Fica a dica: Dragon (sim, aquela que vc v\u00ea pisando em mto V14 nos v\u00eddeos gringos) a 350&hellip;&nbsp;<a href=\"https:\/\/yuri.com.br\/claudio\/2013\/02\/01\/five-ten-team-brasil\/\" rel=\"bookmark\">Continue a ler &raquo;<span class=\"screen-reader-text\">FIVE TEN Team Brasil<\/span><\/a><\/p>\n","protected":false},"author":2,"featured_media":4538,"comment_status":"open","ping_status":"open","sticky":false,"template":"","format":"standard","meta":{"neve_meta_sidebar":"","neve_meta_container":"","neve_meta_enable_content_width":"","neve_meta_content_width":0,"neve_meta_title_alignment":"","neve_meta_author_avatar":"","neve_post_elements_order":"","neve_meta_disable_header":"","neve_meta_disable_footer":"","neve_meta_disable_title":"","jetpack_post_was_ever_published":false,"_jetpack_newsletter_access":"","_jetpack_dont_email_post_to_subs":false,"_jetpack_newsletter_tier_id":0,"_jetpack_memberships_contains_paywalled_content":false,"_jetpack_memberships_contains_paid_content":false,"footnotes":"","jetpack_publicize_message":"","jetpack_publicize_feature_enabled":true,"jetpack_social_post_already_shared":false,"jetpack_social_options":{"image_generator_settings":{"template":"highway","default_image_id":0,"font":"","enabled":false},"version":2}},"categories":[3],"tags":[],"class_list":["post-4537","post","type-post","status-publish","format-standard","has-post-thumbnail","hentry","category-escalada"],"jetpack_publicize_connections":[],"jetpack_featured_media_url":"https:\/\/yuri.com.br\/claudio\/wp-content\/uploads\/2013\/02\/teambrasil_squarecrop.jpg","jetpack_shortlink":"https:\/\/wp.me\/p4i7cB-1bb","jetpack_sharing_enabled":true,"jetpack-related-posts":[{"id":5854,"url":"https:\/\/yuri.com.br\/claudio\/2013\/10\/14\/video-sos-sapatilha\/","url_meta":{"origin":4537,"position":0},"title":"V\u00eddeo: SOS Sapatilha","author":"claudio","date":"14\/out\/2013","format":false,"excerpt":"Conforme prometido, aqui vai o curta a respeito da SOS Sapatilha. Procurei ilustrar nestes 9 minutos um pouco da hist\u00f3ria e evolu\u00e7\u00e3o deste servi\u00e7o que o Bel\u00ea iniciou ainda nos anos 90, prim\u00f3rdios da sua sonhada trajet\u00f3ria e hoje realidade, que \u00e9 viver da escalada. Se as ressolas continuam bombando\u2026","rel":"","context":"Em &quot;Escalada&quot;","block_context":{"text":"Escalada","link":"https:\/\/yuri.com.br\/claudio\/category\/escalada\/"},"img":{"alt_text":"","src":"","width":0,"height":0},"classes":[]},{"id":683,"url":"https:\/\/yuri.com.br\/claudio\/2009\/05\/11\/adam-ondra-da-silva-jr\/","url_meta":{"origin":4537,"position":1},"title":"&#8220;Adam Ondra da Silva Jr&#8221;","author":"claudio","date":"11\/maio\/2009","format":false,"excerpt":"Como n\u00e3o terei mto tempo pra editar t\u00e3o cedo as imagens da 1a. etapa do Estadual\/RJ, disponibilizei um \"raw footage\" desse moleque (Jo\u00e3o Matheus, 11 anos) pra n\u00e3o passar batido: Ta\u00ed mais um motivo pra vc participar e prestigiar os campeonatos, estimulando a manter mais um caminho aberto para que\u00a0\u2026","rel":"","context":"Em &quot;Escalada&quot;","block_context":{"text":"Escalada","link":"https:\/\/yuri.com.br\/claudio\/category\/escalada\/"},"img":{"alt_text":"","src":"","width":0,"height":0},"classes":[]},{"id":3722,"url":"https:\/\/yuri.com.br\/claudio\/2012\/06\/11\/campeonato-brasileiro-2012-etapa-sao-bento-fotos\/","url_meta":{"origin":4537,"position":2},"title":"Campeonato Brasileiro 2012 &#8211; Etapa S\u00e3o Bento (fotos)","author":"claudio","date":"11\/jun\/2012","format":false,"excerpt":"S\u00e3o Pedro e S\u00e3o Bento fizeram um pacto de 24 horas para que no s\u00e1bado, a m\u00e1gica acontecesse: sol e frio perfeitos para rolar um espet\u00e1culo do climb, resultado merecido de um mega-trampo de tirar o chap\u00e9u... Acima, o Rafinha em um dos boulders mais duros do festival. O moleque\u2026","rel":"","context":"Em &quot;Escalada&quot;","block_context":{"text":"Escalada","link":"https:\/\/yuri.com.br\/claudio\/category\/escalada\/"},"img":{"alt_text":"","src":"https:\/\/i0.wp.com\/yuri.com.br\/claudio\/wp-content\/uploads\/2012\/06\/brasileiro_rafinha_small.jpg?resize=350%2C200&ssl=1","width":350,"height":200,"srcset":"https:\/\/i0.wp.com\/yuri.com.br\/claudio\/wp-content\/uploads\/2012\/06\/brasileiro_rafinha_small.jpg?resize=350%2C200&ssl=1 1x, https:\/\/i0.wp.com\/yuri.com.br\/claudio\/wp-content\/uploads\/2012\/06\/brasileiro_rafinha_small.jpg?resize=525%2C300&ssl=1 1.5x"},"classes":[]},{"id":3270,"url":"https:\/\/yuri.com.br\/claudio\/2011\/12\/15\/vertigo\/","url_meta":{"origin":4537,"position":3},"title":"Vertigo","author":"claudio","date":"15\/dez\/2011","format":false,"excerpt":"Essa vai pra vc que t\u00e1 emburrado no trampo, naquele ritmo de fim de ano e n\u00e3o aguenta mais jogar paci\u00eancia. O joguinho n\u00e3o \u00e9 mto novo mas dos que eu j\u00e1 vi por a\u00ed afora, me pareceu o melhorzinho! Bem realista (na medida do poss\u00edvel) e ainda em desenvolvimento,\u2026","rel":"","context":"Em &quot;Escalada&quot;","block_context":{"text":"Escalada","link":"https:\/\/yuri.com.br\/claudio\/category\/escalada\/"},"img":{"alt_text":"","src":"https:\/\/i0.wp.com\/yuri.com.br\/claudio\/wp-content\/uploads\/2011\/12\/vertigo.gif?resize=350%2C200&ssl=1","width":350,"height":200,"srcset":"https:\/\/i0.wp.com\/yuri.com.br\/claudio\/wp-content\/uploads\/2011\/12\/vertigo.gif?resize=350%2C200&ssl=1 1x, https:\/\/i0.wp.com\/yuri.com.br\/claudio\/wp-content\/uploads\/2011\/12\/vertigo.gif?resize=525%2C300&ssl=1 1.5x"},"classes":[]},{"id":4208,"url":"https:\/\/yuri.com.br\/claudio\/2012\/11\/11\/5-10-brasil\/","url_meta":{"origin":4537,"position":4},"title":"5.10 BRASIL","author":"claudio","date":"11\/nov\/2012","format":false,"excerpt":"Fotografar comercialmente n\u00e3o \u00e9 minha praia. Mas com um trio gente boa desses, escalando no \"quintal\" de casa, o trabalho vira uma honra... compartilho ent\u00e3o algumas imagens que fiz para a Five Ten e seu time brazuca, todas feitas no setor Aranha (exceto as do Bel\u00ea em sua oficina). Desejo\u2026","rel":"","context":"Em &quot;Escalada&quot;","block_context":{"text":"Escalada","link":"https:\/\/yuri.com.br\/claudio\/category\/escalada\/"},"img":{"alt_text":"","src":"https:\/\/i0.wp.com\/yuri.com.br\/claudio\/wp-content\/uploads\/2012\/11\/fiveten73.jpg?resize=350%2C200","width":350,"height":200,"srcset":"https:\/\/i0.wp.com\/yuri.com.br\/claudio\/wp-content\/uploads\/2012\/11\/fiveten73.jpg?resize=350%2C200 1x, https:\/\/i0.wp.com\/yuri.com.br\/claudio\/wp-content\/uploads\/2012\/11\/fiveten73.jpg?resize=525%2C300 1.5x, https:\/\/i0.wp.com\/yuri.com.br\/claudio\/wp-content\/uploads\/2012\/11\/fiveten73.jpg?resize=700%2C400 2x"},"classes":[]},{"id":5838,"url":"https:\/\/yuri.com.br\/claudio\/2013\/10\/07\/coming-soon-sos-sapatilha\/","url_meta":{"origin":4537,"position":5},"title":"Coming soon: SOS Sapatilha","author":"claudio","date":"7\/out\/2013","format":false,"excerpt":"Na ilha de edi\u00e7\u00e3o neste momento, o pr\u00f3ximo curta que vai mostrar um pouco da hist\u00f3ria da SOS Sapatilha do mestre Bel\u00ea, incluindo dicas pra galera e o FA do nov\u00edssimo \"Bator\u00e9\" no 45 graus l\u00e1 do Rubinho. Aguardem... em breve! \u00a0","rel":"","context":"Em &quot;Escalada&quot;","block_context":{"text":"Escalada","link":"https:\/\/yuri.com.br\/claudio\/category\/escalada\/"},"img":{"alt_text":"","src":"https:\/\/i0.wp.com\/yuri.com.br\/claudio\/wp-content\/uploads\/2013\/10\/screenshot.jpg?resize=350%2C200&ssl=1","width":350,"height":200,"srcset":"https:\/\/i0.wp.com\/yuri.com.br\/claudio\/wp-content\/uploads\/2013\/10\/screenshot.jpg?resize=350%2C200&ssl=1 1x, https:\/\/i0.wp.com\/yuri.com.br\/claudio\/wp-content\/uploads\/2013\/10\/screenshot.jpg?resize=525%2C300&ssl=1 1.5x, https:\/\/i0.wp.com\/yuri.com.br\/claudio\/wp-content\/uploads\/2013\/10\/screenshot.jpg?resize=700%2C400&ssl=1 2x"},"classes":[]}],"_links":{"self":[{"href":"https:\/\/yuri.com.br\/claudio\/wp-json\/wp\/v2\/posts\/4537","targetHints":{"allow":["GET"]}}],"collection":[{"href":"https:\/\/yuri.com.br\/claudio\/wp-json\/wp\/v2\/posts"}],"about":[{"href":"https:\/\/yuri.com.br\/claudio\/wp-json\/wp\/v2\/types\/post"}],"author":[{"embeddable":true,"href":"https:\/\/yuri.com.br\/claudio\/wp-json\/wp\/v2\/users\/2"}],"replies":[{"embeddable":true,"href":"https:\/\/yuri.com.br\/claudio\/wp-json\/wp\/v2\/comments?post=4537"}],"version-history":[{"count":0,"href":"https:\/\/yuri.com.br\/claudio\/wp-json\/wp\/v2\/posts\/4537\/revisions"}],"wp:featuredmedia":[{"embeddable":true,"href":"https:\/\/yuri.com.br\/claudio\/wp-json\/wp\/v2\/media\/4538"}],"wp:attachment":[{"href":"https:\/\/yuri.com.br\/claudio\/wp-json\/wp\/v2\/media?parent=4537"}],"wp:term":[{"taxonomy":"category","embeddable":true,"href":"https:\/\/yuri.com.br\/claudio\/wp-json\/wp\/v2\/categories?post=4537"},{"taxonomy":"post_tag","embeddable":true,"href":"https:\/\/yuri.com.br\/claudio\/wp-json\/wp\/v2\/tags?post=4537"}],"curies":[{"name":"wp","href":"https:\/\/api.w.org\/{rel}","templated":true}]}}