{"id":4503,"date":"2012-12-28T23:20:12","date_gmt":"2012-12-28T23:20:12","guid":{"rendered":"http:\/\/claudiobr.wordpress.com\/?p=4503"},"modified":"2012-12-28T23:20:12","modified_gmt":"2012-12-28T23:20:12","slug":"feliz-2013","status":"publish","type":"post","link":"https:\/\/yuri.com.br\/claudio\/2012\/12\/28\/feliz-2013\/","title":{"rendered":"Feliz 2013"},"content":{"rendered":"<p>Dessa vez vou resumir a t\u00edpica mensagem de fim de ano com bons votos:<\/p>\n<p>Desejo a vcs um ano novo cheio de grandes li\u00e7\u00f5es, atitudes comprometidas, respeito e sinceridade consigo pr\u00f3prio, com os outros e com o planeta. Desejo tamb\u00e9m bastante \u00f3cio (criativo!), lazer, arte, ou tudo aquilo que nos condicionamos a viver apenas no cada vez mais caro e raro &#8220;tempo livre&#8221;. Que vcs dominem o ritmo de suas vidas, principalmente o pedal do acelerador. Que todos consigam passar pelo menos 1 dia em 2013 sem fazer absolutamente nada, e n\u00e3o se sintam culpados no fim deste dia, mas sim em plena e digna paz de esp\u00edrito. Que vcs n\u00e3o precisem se encher de ocupa\u00e7\u00f5es para dar algum sentido ao absurdo da exist\u00eancia. Que ao final de 2013 exista a satisfa\u00e7\u00e3o por ter vivido sem pressa, saboreando lentamente os dias, estando realmente presentes em cada instante. Que encontremos o prazer na rotina, no cotidiano, sem a tenta\u00e7\u00e3o de sonhar longe de onde estamos. Que ao inv\u00e9s de sonhos, existam objetivos palp\u00e1veis sendo praticados diariamente, at\u00e9 que uma meta deixe de ser meta e se torne mera consequ\u00eancia de um of\u00edcio realizado com esfor\u00e7o gratuito, verdadeiro. Por fim, espero que o envelhecimento de mais um ano n\u00e3o diminua a humildade, a capacidade de aprender, de ouvir e de se transformar em uma melhor pessoa, atrav\u00e9s de outras pessoas. E acima de tudo, que tudo saia da esfera individual do ego\u00edsmo e seja vivido a 2, com aquela pessoa parceira de toda uma vida, aquela que vc se v\u00ea de m\u00e3os dadas nos pr\u00f3ximos 100 r\u00e9veillons.<\/p>\n<p>Banzaaaaaai!! :-)<\/p>\n","protected":false},"excerpt":{"rendered":"<p>Dessa vez vou resumir a t\u00edpica mensagem de fim de ano com bons votos: Desejo a vcs um ano novo cheio de grandes li\u00e7\u00f5es, atitudes comprometidas, respeito e sinceridade consigo pr\u00f3prio, com os outros e com o planeta. Desejo tamb\u00e9m bastante \u00f3cio (criativo!), lazer, arte, ou tudo aquilo que nos condicionamos a viver apenas no&hellip;&nbsp;<a href=\"https:\/\/yuri.com.br\/claudio\/2012\/12\/28\/feliz-2013\/\" rel=\"bookmark\">Continue a ler &raquo;<span class=\"screen-reader-text\">Feliz 2013<\/span><\/a><\/p>\n","protected":false},"author":2,"featured_media":0,"comment_status":"open","ping_status":"open","sticky":false,"template":"","format":"standard","meta":{"neve_meta_sidebar":"","neve_meta_container":"","neve_meta_enable_content_width":"","neve_meta_content_width":0,"neve_meta_title_alignment":"","neve_meta_author_avatar":"","neve_post_elements_order":"","neve_meta_disable_header":"","neve_meta_disable_footer":"","neve_meta_disable_title":"","jetpack_post_was_ever_published":false,"_jetpack_newsletter_access":"","_jetpack_dont_email_post_to_subs":false,"_jetpack_newsletter_tier_id":0,"_jetpack_memberships_contains_paywalled_content":false,"_jetpack_memberships_contains_paid_content":false,"footnotes":"","jetpack_publicize_message":"","jetpack_publicize_feature_enabled":true,"jetpack_social_post_already_shared":false,"jetpack_social_options":{"image_generator_settings":{"template":"highway","default_image_id":0,"font":"","enabled":false},"version":2}},"categories":[5],"tags":[],"class_list":["post-4503","post","type-post","status-publish","format-standard","hentry","category-outros"],"jetpack_publicize_connections":[],"jetpack_featured_media_url":"","jetpack_shortlink":"https:\/\/wp.me\/p4i7cB-1aD","jetpack_sharing_enabled":true,"jetpack-related-posts":[{"id":3129,"url":"https:\/\/yuri.com.br\/claudio\/2011\/10\/10\/dedos-fritos-2012\/","url_meta":{"origin":4503,"position":0},"title":"Dedos Fritos 2012","author":"claudio","date":"10\/out\/2011","format":false,"excerpt":"Mais uma foto de escalada, desta vez durante a session para o tal calend\u00e1rio das mulheres. O dif\u00edcil mesmo foi conciliar o prazo curto devido ao Sumba Boulder e as agendas compromissadas, me deixando praticamente com uma chance pra fazer a foto, topando qualquer hor\u00e1rio, luz ou lugar que fosse.\u2026","rel":"","context":"Em &quot;Escalada&quot;","block_context":{"text":"Escalada","link":"https:\/\/yuri.com.br\/claudio\/category\/escalada\/"},"img":{"alt_text":"","src":"https:\/\/i0.wp.com\/yuri.com.br\/claudio\/wp-content\/uploads\/2011\/10\/dedosfritos_nivea_close_small.jpg?resize=350%2C200&ssl=1","width":350,"height":200,"srcset":"https:\/\/i0.wp.com\/yuri.com.br\/claudio\/wp-content\/uploads\/2011\/10\/dedosfritos_nivea_close_small.jpg?resize=350%2C200&ssl=1 1x, https:\/\/i0.wp.com\/yuri.com.br\/claudio\/wp-content\/uploads\/2011\/10\/dedosfritos_nivea_close_small.jpg?resize=525%2C300&ssl=1 1.5x, https:\/\/i0.wp.com\/yuri.com.br\/claudio\/wp-content\/uploads\/2011\/10\/dedosfritos_nivea_close_small.jpg?resize=700%2C400&ssl=1 2x"},"classes":[]},{"id":5217,"url":"https:\/\/yuri.com.br\/claudio\/2013\/06\/03\/arqueiro-zen-rubinho\/","url_meta":{"origin":4503,"position":1},"title":"Arqueiro Zen @ Rubinho","author":"claudio","date":"3\/jun\/2013","format":false,"excerpt":"Uns anos atr\u00e1s, recebi de presente do Taka um livro que relaciona arco e flecha com filosofia zen, a grosso modo, sob a premissa de um conte\u00fado valioso pra dar um upgrade na minha escalada. Confesso que fiquei bastante confuso ao me deparar com uma aus\u00eancia total de dicas concretas\u2026","rel":"","context":"Em &quot;Escalada&quot;","block_context":{"text":"Escalada","link":"https:\/\/yuri.com.br\/claudio\/category\/escalada\/"},"img":{"alt_text":"Mestre Zen","src":"https:\/\/i0.wp.com\/yuri.com.br\/claudio\/wp-content\/uploads\/2013\/06\/arqueiro.gif?resize=350%2C200","width":350,"height":200},"classes":[]},{"id":6138,"url":"https:\/\/yuri.com.br\/claudio\/2013\/11\/13\/seu-rubinho-e-seu-juca\/","url_meta":{"origin":4503,"position":2},"title":"Seu Rubinho e Seu Juca?","author":"claudio","date":"13\/nov\/2013","format":false,"excerpt":"Antes que o calor, as mutucas e o corpo mole nos renda de vez, o papai noel chegou mais cedo no Rubinho e nos deixou uns presentinhos cl\u00e1ssicos. Abaixo, Marcelo 'Babaleia' na ilustra\u00e7\u00e3o: Estamos falando do terreno \u00e0 direita do setor, atr\u00e1s do Arqueiro Zen , onde morreu uma vaca\u2026","rel":"","context":"Em &quot;Escalada&quot;","block_context":{"text":"Escalada","link":"https:\/\/yuri.com.br\/claudio\/category\/escalada\/"},"img":{"alt_text":"Limpeza","src":"https:\/\/i0.wp.com\/yuri.com.br\/claudio\/wp-content\/uploads\/2013\/11\/limpeza.jpg?resize=350%2C200","width":350,"height":200},"classes":[]},{"id":5692,"url":"https:\/\/yuri.com.br\/claudio\/2013\/09\/03\/medusa-capitulo-final\/","url_meta":{"origin":4503,"position":3},"title":"Medusa &#8211; cap\u00edtulo final","author":"claudio","date":"3\/set\/2013","format":false,"excerpt":"Neste \u00faltimo s\u00e1bado, fui excepcionalmente ao Rubinho desencanado do Medusa. O sol quente, a noite muito mal dormida e o \"fardo\" que o titiu Bel\u00ea tirou das minhas costas, me libertaram para curtir f\u00e9rias do projeto e escalar de tudo, for fun e a muerte. E aqui come\u00e7a a \"li\u00e7\u00e3o\u2026","rel":"","context":"Em &quot;Escalada&quot;","block_context":{"text":"Escalada","link":"https:\/\/yuri.com.br\/claudio\/category\/escalada\/"},"img":{"alt_text":"Golpe Baixo","src":"https:\/\/i0.wp.com\/farm4.staticflickr.com\/3742\/9657396537_dcc318383a.jpg?resize=350%2C200","width":350,"height":200},"classes":[]},{"id":5501,"url":"https:\/\/yuri.com.br\/claudio\/2013\/07\/25\/coming-soon-2\/","url_meta":{"origin":4503,"position":4},"title":"Coming soon","author":"claudio","date":"25\/jul\/2013","format":false,"excerpt":"Com mais de 40 linhas em menos de 6 meses, j\u00e1 era hora de catalogar o Rubinho. J\u00e1 deu pra perceber que o foco esse ano tem sido por l\u00e1, assim como no ano passado foi o Aranha e no retrasado o \u00c1reas. Uma bola de cada vez... Obviamente, o\u2026","rel":"","context":"Em &quot;Escalada&quot;","block_context":{"text":"Escalada","link":"https:\/\/yuri.com.br\/claudio\/category\/escalada\/"},"img":{"alt_text":"","src":"https:\/\/i0.wp.com\/yuri.com.br\/claudio\/wp-content\/uploads\/2013\/07\/previewrubinho.jpg?resize=350%2C200&ssl=1","width":350,"height":200,"srcset":"https:\/\/i0.wp.com\/yuri.com.br\/claudio\/wp-content\/uploads\/2013\/07\/previewrubinho.jpg?resize=350%2C200&ssl=1 1x, https:\/\/i0.wp.com\/yuri.com.br\/claudio\/wp-content\/uploads\/2013\/07\/previewrubinho.jpg?resize=525%2C300&ssl=1 1.5x, https:\/\/i0.wp.com\/yuri.com.br\/claudio\/wp-content\/uploads\/2013\/07\/previewrubinho.jpg?resize=700%2C400&ssl=1 2x"},"classes":[]},{"id":8403,"url":"https:\/\/yuri.com.br\/claudio\/2014\/12\/31\/feliz-2015\/","url_meta":{"origin":4503,"position":5},"title":"Feliz 2015&#8230;","author":"Cl\u00e1udio Brisighello","date":"31\/dez\/2014","format":false,"excerpt":"Ainda n\u00e3o sei o futuro deste site no ano que vem, provavelmente o di\u00e1rio ficar\u00e1 bem mais pontual e darei melhor destaque ao reposit\u00f3rio de minhas fotos, v\u00eddeos, receitas e ainda tenho a ambi\u00e7\u00e3o de difundir todo um conte\u00fado gratuito voltado \u00e0 panifica\u00e7\u00e3o artesanal, focada na fermenta\u00e7\u00e3o natural. E entre\u2026","rel":"","context":"Em &quot;Outros&quot;","block_context":{"text":"Outros","link":"https:\/\/yuri.com.br\/claudio\/category\/outros\/"},"img":{"alt_text":"","src":"https:\/\/i0.wp.com\/yuri.com.br\/claudio\/wp-content\/uploads\/2014\/12\/brinde.jpg?resize=350%2C200&ssl=1","width":350,"height":200,"srcset":"https:\/\/i0.wp.com\/yuri.com.br\/claudio\/wp-content\/uploads\/2014\/12\/brinde.jpg?resize=350%2C200&ssl=1 1x, https:\/\/i0.wp.com\/yuri.com.br\/claudio\/wp-content\/uploads\/2014\/12\/brinde.jpg?resize=525%2C300&ssl=1 1.5x, https:\/\/i0.wp.com\/yuri.com.br\/claudio\/wp-content\/uploads\/2014\/12\/brinde.jpg?resize=700%2C400&ssl=1 2x"},"classes":[]}],"_links":{"self":[{"href":"https:\/\/yuri.com.br\/claudio\/wp-json\/wp\/v2\/posts\/4503","targetHints":{"allow":["GET"]}}],"collection":[{"href":"https:\/\/yuri.com.br\/claudio\/wp-json\/wp\/v2\/posts"}],"about":[{"href":"https:\/\/yuri.com.br\/claudio\/wp-json\/wp\/v2\/types\/post"}],"author":[{"embeddable":true,"href":"https:\/\/yuri.com.br\/claudio\/wp-json\/wp\/v2\/users\/2"}],"replies":[{"embeddable":true,"href":"https:\/\/yuri.com.br\/claudio\/wp-json\/wp\/v2\/comments?post=4503"}],"version-history":[{"count":0,"href":"https:\/\/yuri.com.br\/claudio\/wp-json\/wp\/v2\/posts\/4503\/revisions"}],"wp:attachment":[{"href":"https:\/\/yuri.com.br\/claudio\/wp-json\/wp\/v2\/media?parent=4503"}],"wp:term":[{"taxonomy":"category","embeddable":true,"href":"https:\/\/yuri.com.br\/claudio\/wp-json\/wp\/v2\/categories?post=4503"},{"taxonomy":"post_tag","embeddable":true,"href":"https:\/\/yuri.com.br\/claudio\/wp-json\/wp\/v2\/tags?post=4503"}],"curies":[{"name":"wp","href":"https:\/\/api.w.org\/{rel}","templated":true}]}}