{"id":449,"date":"2009-03-02T13:33:17","date_gmt":"2009-03-02T13:33:17","guid":{"rendered":"http:\/\/claudiobr.wordpress.com\/?p=449"},"modified":"2009-03-02T13:33:17","modified_gmt":"2009-03-02T13:33:17","slug":"pracinha-de-itacoatiara-video","status":"publish","type":"post","link":"https:\/\/yuri.com.br\/claudio\/2009\/03\/02\/pracinha-de-itacoatiara-video\/","title":{"rendered":"Pracinha de Itacoatiara &#8211; v\u00eddeo"},"content":{"rendered":"<p>Editei mais um &#8220;clipezinho&#8221; recente, desta vez da ador\u00e1vel Pracinha de Itacoatiara, em Niter\u00f3i\/RJ. Trata-se de uma pra\u00e7a cheia de blocos de granito, literalmente. Localizada em um bairro\u00a0praiano residencial super tranquilo, a sensa\u00e7\u00e3o \u00e9 de escalada urbana com a maior paz que se pode ter. Praticamente estaciona-se ao lado dos boulders cujas linhas s\u00e3o fant\u00e1sticas e tenho vontade de film\u00e1-las todas.<\/p>\n<div class=\"nv-iframe-embed\"><div class=\"embed-vimeo\" style=\"text-align: center;\"><iframe loading=\"lazy\" src=\"https:\/\/player.vimeo.com\/video\/3419065\" width=\"1200\" height=\"675\" frameborder=\"0\" webkitallowfullscreen mozallowfullscreen allowfullscreen><\/iframe><\/div><\/div>\n<p>O \u00faltimo problema do v\u00eddeo, Anarquista V8\/V9, \u00e9 uma varia\u00e7\u00e3o do cl\u00e1ssico Ditador V7. S\u00f3 neste bloco h\u00e1 divers\u00e3o pra fam\u00edlia toda. Tem um v\u00eddeo do Lupa bem legal no youtube:  <\/p>\n<div class=\"nv-iframe-embed\"><span class=\"embed-youtube\" style=\"text-align:center; display: block;\"><iframe loading=\"lazy\" class=\"youtube-player\" width=\"1200\" height=\"675\" src=\"https:\/\/www.youtube.com\/embed\/oiQpJcJNbVw?version=3&#038;rel=1&#038;showsearch=0&#038;showinfo=1&#038;iv_load_policy=1&#038;fs=1&#038;hl=pt-BR&#038;autohide=2&#038;wmode=transparent\" allowfullscreen=\"true\" style=\"border:0;\" sandbox=\"allow-scripts allow-same-origin allow-popups allow-presentation allow-popups-to-escape-sandbox\"><\/iframe><\/span><\/div>\n<p>Melhor do que eu para falar deste local, indico alguns links de 2 grandes escaladores, &#8220;\u00edntimos&#8221; dos problemas mais cascudos da regi\u00e3o:<\/p>\n<p>&#8211; Daniel Leal (&#8216;Olho&#8217;) mant\u00e9m um site com croquis, fotos e v\u00e1rios v\u00eddeos: <a href=\"http:\/\/bouldersitacoatiara.multiply.com\/\" target=\"_blank\">http:\/\/bouldersitacoatiara.multiply.com<\/a><\/p>\n<p>&#8211; Caio Gomes, que fez um artigo a respeito no extinto <a href=\"http:\/\/www.viacrux.net\/Index\/01Noticias\/not_mar01_2008.htm\" target=\"_blank\">ViaCrux<\/a>.<\/p>\n<p>Boas regletadas \u00e0 todos! :-)<\/p>\n","protected":false},"excerpt":{"rendered":"<p>Editei mais um &#8220;clipezinho&#8221; recente, desta vez da ador\u00e1vel Pracinha de Itacoatiara, em Niter\u00f3i\/RJ. Trata-se de uma pra\u00e7a cheia de blocos de granito, literalmente. Localizada em um bairro\u00a0praiano residencial super tranquilo, a sensa\u00e7\u00e3o \u00e9 de escalada urbana com a maior paz que se pode ter. Praticamente estaciona-se ao lado dos boulders cujas linhas s\u00e3o fant\u00e1sticas&hellip;&nbsp;<a href=\"https:\/\/yuri.com.br\/claudio\/2009\/03\/02\/pracinha-de-itacoatiara-video\/\" rel=\"bookmark\">Continue a ler &raquo;<span class=\"screen-reader-text\">Pracinha de Itacoatiara &#8211; v\u00eddeo<\/span><\/a><\/p>\n","protected":false},"author":2,"featured_media":0,"comment_status":"open","ping_status":"open","sticky":false,"template":"","format":"standard","meta":{"neve_meta_sidebar":"","neve_meta_container":"","neve_meta_enable_content_width":"","neve_meta_content_width":0,"neve_meta_title_alignment":"","neve_meta_author_avatar":"","neve_post_elements_order":"","neve_meta_disable_header":"","neve_meta_disable_footer":"","neve_meta_disable_title":"","jetpack_post_was_ever_published":false,"_jetpack_newsletter_access":"","_jetpack_dont_email_post_to_subs":false,"_jetpack_newsletter_tier_id":0,"_jetpack_memberships_contains_paywalled_content":false,"_jetpack_memberships_contains_paid_content":false,"footnotes":"","jetpack_publicize_message":"","jetpack_publicize_feature_enabled":true,"jetpack_social_post_already_shared":false,"jetpack_social_options":{"image_generator_settings":{"template":"highway","default_image_id":0,"font":"","enabled":false},"version":2}},"categories":[3],"tags":[],"class_list":["post-449","post","type-post","status-publish","format-standard","hentry","category-escalada"],"jetpack_publicize_connections":[],"jetpack_featured_media_url":"","jetpack_shortlink":"https:\/\/wp.me\/p4i7cB-7f","jetpack_sharing_enabled":true,"jetpack-related-posts":[{"id":921,"url":"https:\/\/yuri.com.br\/claudio\/2009\/08\/03\/destaques-do-fds\/","url_meta":{"origin":449,"position":0},"title":"Destaques do fds","author":"claudio","date":"3\/ago\/2009","format":false,"excerpt":"- \"festinha\" digna de manter Ipanema acordada at\u00e9 de manh\u00e3, na cobertura quadriplex do aniversariante Matt (que anda mudando meu conceito sobre os escoceses :-) - Pracinha de Itacoatiara pra curar ressaca, com direito a session de fotos no boulder-pir\u00e2mide \"Fara\u00f3\". O clip-stick que j\u00e1 servia de escova-stick, agora foi\u2026","rel":"","context":"Em &quot;Escalada&quot;","block_context":{"text":"Escalada","link":"https:\/\/yuri.com.br\/claudio\/category\/escalada\/"},"img":{"alt_text":"","src":"https:\/\/i0.wp.com\/yuri.com.br\/claudio\/wp-content\/uploads\/2009\/08\/backstage.jpg?resize=350%2C200&ssl=1","width":350,"height":200,"srcset":"https:\/\/i0.wp.com\/yuri.com.br\/claudio\/wp-content\/uploads\/2009\/08\/backstage.jpg?resize=350%2C200&ssl=1 1x, https:\/\/i0.wp.com\/yuri.com.br\/claudio\/wp-content\/uploads\/2009\/08\/backstage.jpg?resize=525%2C300&ssl=1 1.5x, https:\/\/i0.wp.com\/yuri.com.br\/claudio\/wp-content\/uploads\/2009\/08\/backstage.jpg?resize=700%2C400&ssl=1 2x"},"classes":[]},{"id":1200,"url":"https:\/\/yuri.com.br\/claudio\/2009\/11\/19\/video\/","url_meta":{"origin":449,"position":1},"title":"V\u00eddeo","author":"claudio","date":"19\/nov\/2009","format":false,"excerpt":"Edi\u00e7\u00e3o r\u00e1pida do \u00faltimo domingo em Itacoatiara (filmado com a 7D)","rel":"","context":"Em &quot;Escalada&quot;","block_context":{"text":"Escalada","link":"https:\/\/yuri.com.br\/claudio\/category\/escalada\/"},"img":{"alt_text":"","src":"","width":0,"height":0},"classes":[]},{"id":458,"url":"https:\/\/yuri.com.br\/claudio\/2009\/03\/19\/algumas-fotos-recentes-comentadas\/","url_meta":{"origin":449,"position":2},"title":"Algumas fotos recentes, comentadas","author":"claudio","date":"19\/mar\/2009","format":false,"excerpt":"Abaixo compartilho a concep\u00e7\u00e3o de algumas\u00a0fotos recentes: O bloco do \"Banana Amassada\" no Graja\u00fa\/RJ, fica no setor ao lado dos banheiros do parque, n\u00e3o exatamente o local mais bonito para uma foto. Fotografia \u00e9 luz, e ultimamente tenho experimentado a combina\u00e7\u00e3o de ilumina\u00e7\u00e3o artificial (flash) em plena luz do dia\u2026","rel":"","context":"Em &quot;Escalada&quot;","block_context":{"text":"Escalada","link":"https:\/\/yuri.com.br\/claudio\/category\/escalada\/"},"img":{"alt_text":"","src":"https:\/\/i0.wp.com\/farm4.static.flickr.com\/3585\/3320196043_a5fae6cc1e.jpg?resize=350%2C200","width":350,"height":200},"classes":[]},{"id":2323,"url":"https:\/\/yuri.com.br\/claudio\/2010\/06\/28\/video-do-la-ola\/","url_meta":{"origin":449,"position":3},"title":"V\u00eddeo do La Ola","author":"claudio","date":"28\/jun\/2010","format":false,"excerpt":"Pra quem ainda n\u00e3o viu, segue o \"mini-curta\" que fiz do Caio liberando o La Ola V12 em Itacoatiara. Foi bom voltar a filmar com a 7D, ainda mais nesta ocasi\u00e3o especial, que coincidiu com meu breve retorno ao Rio. Valeu!","rel":"","context":"Em &quot;Escalada&quot;","block_context":{"text":"Escalada","link":"https:\/\/yuri.com.br\/claudio\/category\/escalada\/"},"img":{"alt_text":"","src":"","width":0,"height":0},"classes":[]},{"id":5756,"url":"https:\/\/yuri.com.br\/claudio\/2013\/09\/09\/video-medusa-rubinho\/","url_meta":{"origin":449,"position":4},"title":"V\u00eddeo: Medusa @ Rubinho","author":"claudio","date":"9\/set\/2013","format":false,"excerpt":"T\u00e1 no ar o v\u00eddeo do Medusa. Podemos dizer que \u00e9 apenas mais um videozinho de escalada, com tentativas sofridas, cadenas alucinantes, sonzeiras, alguns closes, comemora\u00e7\u00f5es, enfim... nada al\u00e9m do que vc j\u00e1 est\u00e1 cansado de ver por a\u00ed afora. Exceto que se trata de um dos boulders \"world class\"\u2026","rel":"","context":"Em &quot;Escalada&quot;","block_context":{"text":"Escalada","link":"https:\/\/yuri.com.br\/claudio\/category\/escalada\/"},"img":{"alt_text":"","src":"","width":0,"height":0},"classes":[]},{"id":7159,"url":"https:\/\/yuri.com.br\/claudio\/2014\/02\/03\/back-to-the-future\/","url_meta":{"origin":449,"position":5},"title":"De volta para o &#8220;futuro&#8221;","author":"Cl\u00e1udio Brisighello","date":"3\/fev\/2014","format":false,"excerpt":"O fim de ano aqui vem sendo marcado por um per\u00edodo de menos escaladas e mais explora\u00e7\u00f5es ou preparativos. N\u00e3o sei se \u00e9 a idade avan\u00e7ando, mas n\u00e3o consigo mais escalar nesse clima de inferno ver\u00e3o, melhor tem sido treinar o \"condicionamento de guerra\" limpando blocos ou, como ouvi de\u2026","rel":"","context":"Em &quot;Escalada&quot;","block_context":{"text":"Escalada","link":"https:\/\/yuri.com.br\/claudio\/category\/escalada\/"},"img":{"alt_text":"","src":"","width":0,"height":0},"classes":[]}],"_links":{"self":[{"href":"https:\/\/yuri.com.br\/claudio\/wp-json\/wp\/v2\/posts\/449","targetHints":{"allow":["GET"]}}],"collection":[{"href":"https:\/\/yuri.com.br\/claudio\/wp-json\/wp\/v2\/posts"}],"about":[{"href":"https:\/\/yuri.com.br\/claudio\/wp-json\/wp\/v2\/types\/post"}],"author":[{"embeddable":true,"href":"https:\/\/yuri.com.br\/claudio\/wp-json\/wp\/v2\/users\/2"}],"replies":[{"embeddable":true,"href":"https:\/\/yuri.com.br\/claudio\/wp-json\/wp\/v2\/comments?post=449"}],"version-history":[{"count":0,"href":"https:\/\/yuri.com.br\/claudio\/wp-json\/wp\/v2\/posts\/449\/revisions"}],"wp:attachment":[{"href":"https:\/\/yuri.com.br\/claudio\/wp-json\/wp\/v2\/media?parent=449"}],"wp:term":[{"taxonomy":"category","embeddable":true,"href":"https:\/\/yuri.com.br\/claudio\/wp-json\/wp\/v2\/categories?post=449"},{"taxonomy":"post_tag","embeddable":true,"href":"https:\/\/yuri.com.br\/claudio\/wp-json\/wp\/v2\/tags?post=449"}],"curies":[{"name":"wp","href":"https:\/\/api.w.org\/{rel}","templated":true}]}}