{"id":4459,"date":"2012-12-17T15:20:27","date_gmt":"2012-12-17T15:20:27","guid":{"rendered":"http:\/\/claudiobr.wordpress.com\/?p=4459"},"modified":"2012-12-17T15:20:27","modified_gmt":"2012-12-17T15:20:27","slug":"focaccia","status":"publish","type":"post","link":"https:\/\/yuri.com.br\/claudio\/2012\/12\/17\/focaccia\/","title":{"rendered":"Focaccia"},"content":{"rendered":"<p>Na semana passada, sobrou fermento\/levain e aproveitei para fazer uma focaccia. Pena que foto n\u00e3o tem cheiro&#8230;<\/p>\n<p><a title=\"Sourdough Focaccia\" href=\"http:\/\/www.flickr.com\/photos\/cbrisighello\/8281254194\/in\/photostream\/lightbox\/\" target=\"_blank\"><img loading=\"lazy\" decoding=\"async\" data-attachment-id=\"4460\" data-permalink=\"https:\/\/yuri.com.br\/claudio\/2012\/12\/17\/focaccia\/focaccia-2\/\" data-orig-file=\"https:\/\/yuri.com.br\/claudio\/wp-content\/uploads\/2012\/12\/focaccia.jpg\" data-orig-size=\"700,394\" data-comments-opened=\"1\" data-image-meta=\"{&quot;aperture&quot;:&quot;0&quot;,&quot;credit&quot;:&quot;&quot;,&quot;camera&quot;:&quot;&quot;,&quot;caption&quot;:&quot;&quot;,&quot;created_timestamp&quot;:&quot;0&quot;,&quot;copyright&quot;:&quot;&quot;,&quot;focal_length&quot;:&quot;0&quot;,&quot;iso&quot;:&quot;0&quot;,&quot;shutter_speed&quot;:&quot;0&quot;,&quot;title&quot;:&quot;&quot;}\" data-image-title=\"Focaccia\" data-image-description=\"\" data-image-caption=\"\" data-medium-file=\"https:\/\/yuri.com.br\/claudio\/wp-content\/uploads\/2012\/12\/focaccia-300x168.jpg\" data-large-file=\"https:\/\/yuri.com.br\/claudio\/wp-content\/uploads\/2012\/12\/focaccia.jpg\" class=\"aligncenter size-full wp-image-4460\" alt=\"Focaccia\" src=\"http:\/\/yuri.com.br\/claudio\/wp-content\/uploads\/2012\/12\/focaccia.jpg\" width=\"700\" height=\"394\" srcset=\"https:\/\/yuri.com.br\/claudio\/wp-content\/uploads\/2012\/12\/focaccia.jpg 700w, https:\/\/yuri.com.br\/claudio\/wp-content\/uploads\/2012\/12\/focaccia-300x168.jpg 300w, https:\/\/yuri.com.br\/claudio\/wp-content\/uploads\/2012\/12\/focaccia-210x118.jpg 210w\" sizes=\"auto, (max-width: 700px) 100vw, 700px\" \/><\/a><\/p>\n<p>Como a aprova\u00e7\u00e3o da esposa foi superlativa, deixo a sugest\u00e3o para vc que est\u00e1 naquele ador\u00e1vel ritmo de fim de ano e sem id\u00e9ias para fazer nesses dias de chuva. A grosso modo e desmistificando (me perdoem os puristas), uma focaccia \u00e9 uma boa pedida para <a href=\"http:\/\/claudiobr.wordpress.com\/2011\/08\/01\/pao-de-forma\/\" target=\"_blank\">iniciantes<\/a>, pois trata-se de um produto bem r\u00fastico e sem todas as precis\u00f5es que um p\u00e3o boleado a m\u00e3o exige. Basta pegar um peda\u00e7o de massa previamente sovada e fermentada, achatar at\u00e9 cerca de 1cm de altura e, ap\u00f3s crescer novamente, fazer os tradicionais furinhos com os dedos e colocar a cobertura desejada.<\/p>\n<p>No caso da foto, a massa \u00e9 de fermenta\u00e7\u00e3o natural (o que subentende um longo descanso e rico sabor) e cont\u00e9m um bom punhado de cebola desidratada. Em cima eu pincelei uma mistura de azeite, or\u00e9gano, pimenta calabresa, pasta de azeitona preta e alho amassado com sal. Preenchi os furos com mais azeitonas (em rodelas) e ralei parmes\u00e3o por cima para gratinar. Ao final ainda polvilhei um pouco de fleur de sel (a maioria usa sal grosso) e mais um fio de azeite. Use a imagina\u00e7\u00e3o e mande a sua pro forno!<\/p>\n<p>Boa semana e bon apetit!!<\/p>\n","protected":false},"excerpt":{"rendered":"<p>Na semana passada, sobrou fermento\/levain e aproveitei para fazer uma focaccia. Pena que foto n\u00e3o tem cheiro&#8230; Como a aprova\u00e7\u00e3o da esposa foi superlativa, deixo a sugest\u00e3o para vc que est\u00e1 naquele ador\u00e1vel ritmo de fim de ano e sem id\u00e9ias para fazer nesses dias de chuva. A grosso modo e desmistificando (me perdoem os&hellip;&nbsp;<a href=\"https:\/\/yuri.com.br\/claudio\/2012\/12\/17\/focaccia\/\" rel=\"bookmark\">Continue a ler &raquo;<span class=\"screen-reader-text\">Focaccia<\/span><\/a><\/p>\n","protected":false},"author":2,"featured_media":4460,"comment_status":"open","ping_status":"open","sticky":false,"template":"","format":"standard","meta":{"neve_meta_sidebar":"","neve_meta_container":"","neve_meta_enable_content_width":"","neve_meta_content_width":0,"neve_meta_title_alignment":"","neve_meta_author_avatar":"","neve_post_elements_order":"","neve_meta_disable_header":"","neve_meta_disable_footer":"","neve_meta_disable_title":"","jetpack_post_was_ever_published":false,"_jetpack_newsletter_access":"","_jetpack_dont_email_post_to_subs":false,"_jetpack_newsletter_tier_id":0,"_jetpack_memberships_contains_paywalled_content":false,"_jetpack_memberships_contains_paid_content":false,"footnotes":"","jetpack_publicize_message":"","jetpack_publicize_feature_enabled":true,"jetpack_social_post_already_shared":false,"jetpack_social_options":{"image_generator_settings":{"template":"highway","default_image_id":0,"font":"","enabled":false},"version":2}},"categories":[2],"tags":[],"class_list":["post-4459","post","type-post","status-publish","format-standard","has-post-thumbnail","hentry","category-baixa-gastronomia"],"jetpack_publicize_connections":[],"jetpack_featured_media_url":"https:\/\/yuri.com.br\/claudio\/wp-content\/uploads\/2012\/12\/focaccia.jpg","jetpack_shortlink":"https:\/\/wp.me\/s4i7cB-focaccia","jetpack_sharing_enabled":true,"jetpack-related-posts":[{"id":4545,"url":"https:\/\/yuri.com.br\/claudio\/2013\/02\/06\/pao-de-cebola\/","url_meta":{"origin":4459,"position":0},"title":"P\u00e3o de cebola com fermenta\u00e7\u00e3o natural","author":"claudio","date":"6\/fev\/2013","format":false,"excerpt":"Esta postagem vai para o YeastSpotting! Pois estou em d\u00edvida com a Susan do site Wild Yeast, que publica essa cole\u00e7\u00e3o semanal de p\u00e3es artesanais elaborados mundo afora, \u00f3tima id\u00e9ia e fonte de inspira\u00e7\u00e3o para a comunidade. Este p\u00e3o de cebola \u00e9 um dos meus prediletos. O sabor da fermenta\u00e7\u00e3o\u2026","rel":"","context":"Em &quot;'Baixa' Gastronomia&quot;","block_context":{"text":"'Baixa' Gastronomia","link":"https:\/\/yuri.com.br\/claudio\/category\/baixa-gastronomia\/"},"img":{"alt_text":"","src":"https:\/\/i0.wp.com\/yuri.com.br\/claudio\/wp-content\/uploads\/2013\/02\/onionbread1.jpg?resize=350%2C200&ssl=1","width":350,"height":200,"srcset":"https:\/\/i0.wp.com\/yuri.com.br\/claudio\/wp-content\/uploads\/2013\/02\/onionbread1.jpg?resize=350%2C200&ssl=1 1x, https:\/\/i0.wp.com\/yuri.com.br\/claudio\/wp-content\/uploads\/2013\/02\/onionbread1.jpg?resize=525%2C300&ssl=1 1.5x, https:\/\/i0.wp.com\/yuri.com.br\/claudio\/wp-content\/uploads\/2013\/02\/onionbread1.jpg?resize=700%2C400&ssl=1 2x"},"classes":[]},{"id":3947,"url":"https:\/\/yuri.com.br\/claudio\/2012\/08\/26\/sourdough\/","url_meta":{"origin":4459,"position":1},"title":"P\u00e3o nosso de cada dia","author":"claudio","date":"26\/ago\/2012","format":false,"excerpt":"Um pouquinho mais sobre o tema da panifica\u00e7\u00e3o. Diversos blogs por a\u00ed afora compartilham lindos p\u00e3es, me inspirando a tentar o mesmo. Tenho que dizer: haja saco pra ficar fotografando o trampo todo! :-] Mas vamos l\u00e1... Aqui vai a minha f\u00f3rmula atual que serve de base para a os\u2026","rel":"","context":"Em &quot;'Baixa' Gastronomia&quot;","block_context":{"text":"'Baixa' Gastronomia","link":"https:\/\/yuri.com.br\/claudio\/category\/baixa-gastronomia\/"},"img":{"alt_text":"","src":"https:\/\/i0.wp.com\/yuri.com.br\/claudio\/wp-content\/uploads\/2012\/08\/multigraos1.jpg?resize=350%2C200&ssl=1","width":350,"height":200,"srcset":"https:\/\/i0.wp.com\/yuri.com.br\/claudio\/wp-content\/uploads\/2012\/08\/multigraos1.jpg?resize=350%2C200&ssl=1 1x, https:\/\/i0.wp.com\/yuri.com.br\/claudio\/wp-content\/uploads\/2012\/08\/multigraos1.jpg?resize=525%2C300&ssl=1 1.5x, https:\/\/i0.wp.com\/yuri.com.br\/claudio\/wp-content\/uploads\/2012\/08\/multigraos1.jpg?resize=700%2C400&ssl=1 2x"},"classes":[]},{"id":7730,"url":"https:\/\/yuri.com.br\/claudio\/2014\/05\/24\/planilha-sourdough-spreadsheet\/","url_meta":{"origin":4459,"position":2},"title":"Planilha \/ Sourdough Spreadsheet","author":"Cl\u00e1udio Brisighello","date":"24\/maio\/2014","format":false,"excerpt":"Viva o p\u00e3o de fermenta\u00e7\u00e3o natural! J\u00e1 faz um tempo sem falar de panifica\u00e7\u00e3o por aqui, ent\u00e3o essa vai pros amantes da fermenta\u00e7\u00e3o natural, em um n\u00edvel um pouco mais t\u00e9cnico. Quem calcula as f\u00f3rmulas de um pain au levain, sem d\u00favida um dia j\u00e1 quase arrancou os cabelos com\u2026","rel":"","context":"Em &quot;'Baixa' Gastronomia&quot;","block_context":{"text":"'Baixa' Gastronomia","link":"https:\/\/yuri.com.br\/claudio\/category\/baixa-gastronomia\/"},"img":{"alt_text":"","src":"https:\/\/i0.wp.com\/yuri.com.br\/claudio\/wp-content\/uploads\/2014\/05\/PainAuLevain2014.jpg?resize=350%2C200&ssl=1","width":350,"height":200,"srcset":"https:\/\/i0.wp.com\/yuri.com.br\/claudio\/wp-content\/uploads\/2014\/05\/PainAuLevain2014.jpg?resize=350%2C200&ssl=1 1x, https:\/\/i0.wp.com\/yuri.com.br\/claudio\/wp-content\/uploads\/2014\/05\/PainAuLevain2014.jpg?resize=525%2C300&ssl=1 1.5x, https:\/\/i0.wp.com\/yuri.com.br\/claudio\/wp-content\/uploads\/2014\/05\/PainAuLevain2014.jpg?resize=700%2C400&ssl=1 2x, https:\/\/i0.wp.com\/yuri.com.br\/claudio\/wp-content\/uploads\/2014\/05\/PainAuLevain2014.jpg?resize=1050%2C600&ssl=1 3x"},"classes":[]},{"id":4735,"url":"https:\/\/yuri.com.br\/claudio\/2013\/03\/31\/saudosismo-empanado\/","url_meta":{"origin":4459,"position":3},"title":"Saudosismo empanado","author":"claudio","date":"31\/mar\/2013","format":false,"excerpt":"Fil\u00e9 empanado costuma lembrar comida de mam\u00e3e. Que nem carne de panela, alm\u00f4ndegas com pur\u00ea. Sinto que culin\u00e1ria tamb\u00e9m \u00e9 nostalgia. Vale a pena matar essa saudade, fazendo vc mesmo! Eu gosto \u00e9 de fazer com peito de frango. \u00c9 recomend\u00e1vel fazer um corte tipo \"borboleta\", abrindo em 2 fil\u00e9s\u2026","rel":"","context":"Em &quot;'Baixa' Gastronomia&quot;","block_context":{"text":"'Baixa' Gastronomia","link":"https:\/\/yuri.com.br\/claudio\/category\/baixa-gastronomia\/"},"img":{"alt_text":"","src":"https:\/\/i0.wp.com\/yuri.com.br\/claudio\/wp-content\/uploads\/2013\/03\/frango_empanado.jpg?resize=350%2C200&ssl=1","width":350,"height":200,"srcset":"https:\/\/i0.wp.com\/yuri.com.br\/claudio\/wp-content\/uploads\/2013\/03\/frango_empanado.jpg?resize=350%2C200&ssl=1 1x, https:\/\/i0.wp.com\/yuri.com.br\/claudio\/wp-content\/uploads\/2013\/03\/frango_empanado.jpg?resize=525%2C300&ssl=1 1.5x, https:\/\/i0.wp.com\/yuri.com.br\/claudio\/wp-content\/uploads\/2013\/03\/frango_empanado.jpg?resize=700%2C400&ssl=1 2x"},"classes":[]},{"id":2894,"url":"https:\/\/yuri.com.br\/claudio\/2011\/08\/01\/pao-de-forma\/","url_meta":{"origin":4459,"position":4},"title":"P\u00e3o de forma","author":"claudio","date":"1\/ago\/2011","format":false,"excerpt":"Vamos fazer esse p\u00e3o que tanto vemos nas prateleiras dos supermercados e usamos em nossos sandubinhas. Bem b\u00e1sico, pra come\u00e7ar o neg\u00f3cio. Uma fatia dessas com manteiga e sal na chapa, deixa teu caf\u00e9 da manh\u00e3 mais feliz :-) Ingredientes 500g farinha de trigo --- 10g sal (2% da massa)\u2026","rel":"","context":"Em &quot;'Baixa' Gastronomia&quot;","block_context":{"text":"'Baixa' Gastronomia","link":"https:\/\/yuri.com.br\/claudio\/category\/baixa-gastronomia\/"},"img":{"alt_text":"","src":"https:\/\/i0.wp.com\/yuri.com.br\/claudio\/wp-content\/uploads\/2011\/07\/paodeforma1.jpg?resize=350%2C200&ssl=1","width":350,"height":200,"srcset":"https:\/\/i0.wp.com\/yuri.com.br\/claudio\/wp-content\/uploads\/2011\/07\/paodeforma1.jpg?resize=350%2C200&ssl=1 1x, https:\/\/i0.wp.com\/yuri.com.br\/claudio\/wp-content\/uploads\/2011\/07\/paodeforma1.jpg?resize=525%2C300&ssl=1 1.5x, https:\/\/i0.wp.com\/yuri.com.br\/claudio\/wp-content\/uploads\/2011\/07\/paodeforma1.jpg?resize=700%2C400&ssl=1 2x"},"classes":[]},{"id":5132,"url":"https:\/\/yuri.com.br\/claudio\/2013\/05\/16\/paraiso-em-camadas\/","url_meta":{"origin":4459,"position":5},"title":"Para\u00edso em camadas","author":"claudio","date":"16\/maio\/2013","format":false,"excerpt":"Esse friozinho que est\u00e1 chegando n\u00e3o \u00e9 s\u00f3 bom pra escalar ou tomar aquele caldinho de feij\u00e3o com uma boa cacha\u00e7a. Dessa vez n\u00e3o deixarei escapar a oportunidade de me aventurar no estilo vienense e suas massas ricas e laminadas. Assim como o pain au levain, o croissant \u00e9 um\u2026","rel":"","context":"Em &quot;'Baixa' Gastronomia&quot;","block_context":{"text":"'Baixa' Gastronomia","link":"https:\/\/yuri.com.br\/claudio\/category\/baixa-gastronomia\/"},"img":{"alt_text":"","src":"https:\/\/i0.wp.com\/yuri.com.br\/claudio\/wp-content\/uploads\/2013\/05\/croissant_learning.jpg?resize=350%2C200&ssl=1","width":350,"height":200,"srcset":"https:\/\/i0.wp.com\/yuri.com.br\/claudio\/wp-content\/uploads\/2013\/05\/croissant_learning.jpg?resize=350%2C200&ssl=1 1x, https:\/\/i0.wp.com\/yuri.com.br\/claudio\/wp-content\/uploads\/2013\/05\/croissant_learning.jpg?resize=525%2C300&ssl=1 1.5x, https:\/\/i0.wp.com\/yuri.com.br\/claudio\/wp-content\/uploads\/2013\/05\/croissant_learning.jpg?resize=700%2C400&ssl=1 2x"},"classes":[]}],"_links":{"self":[{"href":"https:\/\/yuri.com.br\/claudio\/wp-json\/wp\/v2\/posts\/4459","targetHints":{"allow":["GET"]}}],"collection":[{"href":"https:\/\/yuri.com.br\/claudio\/wp-json\/wp\/v2\/posts"}],"about":[{"href":"https:\/\/yuri.com.br\/claudio\/wp-json\/wp\/v2\/types\/post"}],"author":[{"embeddable":true,"href":"https:\/\/yuri.com.br\/claudio\/wp-json\/wp\/v2\/users\/2"}],"replies":[{"embeddable":true,"href":"https:\/\/yuri.com.br\/claudio\/wp-json\/wp\/v2\/comments?post=4459"}],"version-history":[{"count":0,"href":"https:\/\/yuri.com.br\/claudio\/wp-json\/wp\/v2\/posts\/4459\/revisions"}],"wp:featuredmedia":[{"embeddable":true,"href":"https:\/\/yuri.com.br\/claudio\/wp-json\/wp\/v2\/media\/4460"}],"wp:attachment":[{"href":"https:\/\/yuri.com.br\/claudio\/wp-json\/wp\/v2\/media?parent=4459"}],"wp:term":[{"taxonomy":"category","embeddable":true,"href":"https:\/\/yuri.com.br\/claudio\/wp-json\/wp\/v2\/categories?post=4459"},{"taxonomy":"post_tag","embeddable":true,"href":"https:\/\/yuri.com.br\/claudio\/wp-json\/wp\/v2\/tags?post=4459"}],"curies":[{"name":"wp","href":"https:\/\/api.w.org\/{rel}","templated":true}]}}