{"id":438,"date":"2009-02-26T14:39:29","date_gmt":"2009-02-26T14:39:29","guid":{"rendered":"http:\/\/claudiobr.wordpress.com\/?p=438"},"modified":"2009-02-26T14:39:29","modified_gmt":"2009-02-26T14:39:29","slug":"carnaval-2009","status":"publish","type":"post","link":"https:\/\/yuri.com.br\/claudio\/2009\/02\/26\/carnaval-2009\/","title":{"rendered":"Carnaval 2009"},"content":{"rendered":"<p>Subi algumas fotos do Lenheiro\u00a0\/ S\u00e3o Jo\u00e3o del-Rei. Link para elas <a href=\"http:\/\/www.flickr.com\/search\/?q=lenheiro%20or%20rei&amp;w=8786744%40N03\" target=\"_blank\">aqui<\/a>.<\/p>\n<p style=\"text-align:center;\"><img loading=\"lazy\" decoding=\"async\" class=\"aligncenter\" title=\"Igreja S\u00e3o Francisco de Assis\" src=\"http:\/\/farm4.static.flickr.com\/3481\/3307808386_8d61b08a9a.jpg?v=0\" alt=\"\" width=\"500\" height=\"333\" \/><\/p>\n<p>Impress\u00f5es r\u00e1pidas:<\/p>\n<p>&#8211; Muitos boulders espalhados pela serra toda, com agarras boas em demasia (um quartzito que me lembrou um pouco a Chapada das Perdizes em Minduri). Devo ter visto de perto apenas 10% do potencial todo, portanto com um pouco de empenho h\u00e1 de se encontrar p\u00e9rolas dif\u00edceis por l\u00e1&#8230;<\/p>\n<p>&#8211; Esportivas de qualidade e diversidade de agarras e inclina\u00e7\u00f5es entre os v\u00e1rios setores. Prato cheio aos aspirantes de 7o. e 8o. grau.<\/p>\n<p>&#8211; &#8216;Crowd-meter&#8217; ZERO! Ta\u00ed uma boa pedida pra quem busca um carnaval mais na paz, sem muvucas nas escaladas, polui\u00e7\u00e3o sonora, etc. Com meus 3 parceiros, escalamos sozinhos 3 dias seguidos em 3 setores distintos!<\/p>\n<p>&#8211; A cidade de\u00a0SJDR \u00e9 bacana. Consumi minha cota mensal de torresmo (de qualidade mineira :-), e conheci \u00f3timas canas, das quais destaco a local &#8220;Beethoven&#8221;, cacha\u00e7a org\u00e2nica cujo litro eu paguei 10 pratas. Uma dica \u00e9 o buteco que fica na agrad\u00e1vel e tranquila pra\u00e7a da igreja de S\u00e3o Francisco de Assis (fotos), onde pude tomar uma Serra Malte gelada (tinha at\u00e9 Guinness) + cacha\u00e7a Jacuba + bons petiscos ao som de Chico Buarque, desfecho perfeito para os dias.<\/p>\n<p style=\"text-align:center;\"><img loading=\"lazy\" decoding=\"async\" data-attachment-id=\"446\" data-permalink=\"https:\/\/yuri.com.br\/claudio\/2009\/02\/26\/carnaval-2009\/sjdr_alexisaline\/\" data-orig-file=\"https:\/\/yuri.com.br\/claudio\/wp-content\/uploads\/2009\/02\/sjdr_alexisaline.jpg\" data-orig-size=\"800,600\" data-comments-opened=\"1\" data-image-meta=\"{&quot;aperture&quot;:&quot;0&quot;,&quot;credit&quot;:&quot;&quot;,&quot;camera&quot;:&quot;&quot;,&quot;caption&quot;:&quot;&quot;,&quot;created_timestamp&quot;:&quot;0&quot;,&quot;copyright&quot;:&quot;&quot;,&quot;focal_length&quot;:&quot;0&quot;,&quot;iso&quot;:&quot;0&quot;,&quot;shutter_speed&quot;:&quot;0&quot;,&quot;title&quot;:&quot;&quot;}\" data-image-title=\"Pra\u00e7a em frente \u00e0 Igreja S\u00e3o Francisco de Assis\" data-image-description=\"\" data-image-caption=\"\" data-medium-file=\"https:\/\/yuri.com.br\/claudio\/wp-content\/uploads\/2009\/02\/sjdr_alexisaline-300x225.jpg\" data-large-file=\"https:\/\/yuri.com.br\/claudio\/wp-content\/uploads\/2009\/02\/sjdr_alexisaline.jpg\" class=\"size-full wp-image-446  aligncenter\" title=\"Pra\u00e7a da Igreja S\u00e3o Francisco de Assis\" src=\"http:\/\/yuri.com.br\/claudio\/wp-content\/uploads\/2009\/02\/sjdr_alexisaline.jpg\" alt=\"Pra\u00e7a em frente \u00e0 Igreja S\u00e3o Francisco de Assis\" width=\"576\" height=\"432\" srcset=\"https:\/\/yuri.com.br\/claudio\/wp-content\/uploads\/2009\/02\/sjdr_alexisaline.jpg 800w, https:\/\/yuri.com.br\/claudio\/wp-content\/uploads\/2009\/02\/sjdr_alexisaline-300x225.jpg 300w, https:\/\/yuri.com.br\/claudio\/wp-content\/uploads\/2009\/02\/sjdr_alexisaline-210x157.jpg 210w\" sizes=\"auto, (max-width: 576px) 100vw, 576px\" \/><\/p>\n<p style=\"text-align:center;\"><em>2 casais:\u00a0a cerveja e a cacha\u00e7a namoram \u00e0 mesa enquanto Alexis e Aline inauguram a pista em plena cal\u00e7ada<\/em><\/p>\n<p>Viva o \u00f3cio!<\/p>\n","protected":false},"excerpt":{"rendered":"<p>Subi algumas fotos do Lenheiro\u00a0\/ S\u00e3o Jo\u00e3o del-Rei. Link para elas aqui. Impress\u00f5es r\u00e1pidas: &#8211; Muitos boulders espalhados pela serra toda, com agarras boas em demasia (um quartzito que me lembrou um pouco a Chapada das Perdizes em Minduri). Devo ter visto de perto apenas 10% do potencial todo, portanto com um pouco de empenho&hellip;&nbsp;<a href=\"https:\/\/yuri.com.br\/claudio\/2009\/02\/26\/carnaval-2009\/\" rel=\"bookmark\">Continue a ler &raquo;<span class=\"screen-reader-text\">Carnaval 2009<\/span><\/a><\/p>\n","protected":false},"author":2,"featured_media":446,"comment_status":"open","ping_status":"open","sticky":false,"template":"","format":"standard","meta":{"neve_meta_sidebar":"","neve_meta_container":"","neve_meta_enable_content_width":"","neve_meta_content_width":0,"neve_meta_title_alignment":"","neve_meta_author_avatar":"","neve_post_elements_order":"","neve_meta_disable_header":"","neve_meta_disable_footer":"","neve_meta_disable_title":"","jetpack_post_was_ever_published":false,"_jetpack_newsletter_access":"","_jetpack_dont_email_post_to_subs":false,"_jetpack_newsletter_tier_id":0,"_jetpack_memberships_contains_paywalled_content":false,"_jetpack_memberships_contains_paid_content":false,"footnotes":"","jetpack_publicize_message":"","jetpack_publicize_feature_enabled":true,"jetpack_social_post_already_shared":false,"jetpack_social_options":{"image_generator_settings":{"template":"highway","default_image_id":0,"font":"","enabled":false},"version":2}},"categories":[2,3],"tags":[72],"class_list":["post-438","post","type-post","status-publish","format-standard","has-post-thumbnail","hentry","category-baixa-gastronomia","category-escalada","tag-sao-joao-del-rei"],"jetpack_publicize_connections":[],"jetpack_featured_media_url":"https:\/\/yuri.com.br\/claudio\/wp-content\/uploads\/2009\/02\/sjdr_alexisaline.jpg","jetpack_shortlink":"https:\/\/wp.me\/p4i7cB-74","jetpack_sharing_enabled":true,"jetpack-related-posts":[{"id":8130,"url":"https:\/\/yuri.com.br\/claudio\/2014\/08\/01\/pequenas-grandes-coisas\/","url_meta":{"origin":438,"position":0},"title":"Pequenas grandes coisas","author":"Cl\u00e1udio Brisighello","date":"1\/ago\/2014","format":false,"excerpt":"Hora de mudar o \"foco\" da c\u00e2mera nos escaladores e boulders, para uma agarra em especial, aquela que n\u00e3o apareceu direito na foto deste post. Babaleia no final da sequ\u00eancia-crux do Ilha de Pandora V10 Escalador costuma ter uma tara bizarra por agarras, este universo infind\u00e1vel de formas e tamanhos\u2026","rel":"","context":"Em &quot;Escalada&quot;","block_context":{"text":"Escalada","link":"https:\/\/yuri.com.br\/claudio\/category\/escalada\/"},"img":{"alt_text":"","src":"https:\/\/i0.wp.com\/yuri.com.br\/claudio\/wp-content\/uploads\/2014\/07\/Pandora_Agarrinha_Sequence.jpg?resize=350%2C200&ssl=1","width":350,"height":200,"srcset":"https:\/\/i0.wp.com\/yuri.com.br\/claudio\/wp-content\/uploads\/2014\/07\/Pandora_Agarrinha_Sequence.jpg?resize=350%2C200&ssl=1 1x, https:\/\/i0.wp.com\/yuri.com.br\/claudio\/wp-content\/uploads\/2014\/07\/Pandora_Agarrinha_Sequence.jpg?resize=525%2C300&ssl=1 1.5x, https:\/\/i0.wp.com\/yuri.com.br\/claudio\/wp-content\/uploads\/2014\/07\/Pandora_Agarrinha_Sequence.jpg?resize=700%2C400&ssl=1 2x"},"classes":[]},{"id":254,"url":"https:\/\/yuri.com.br\/claudio\/2008\/10\/31\/sobre-o-campeonato-estadual-de-boulder-rj-2008\/","url_meta":{"origin":438,"position":1},"title":"Sobre o Campeonato Estadual de Boulder RJ 2008","author":"claudio","date":"31\/out\/2008","format":false,"excerpt":"Neste m\u00eas de outubro\u00a0terminou o Campeonato Estadual de Escalada (Boulder) do RJ 2008. Sobre os resultados oficiais eu indico 2 artigos: Blog da Lojinha de Escalada Blog do Caio Gomes E clicando neste link pode-se conferir algumas fotos que fiz desta \u00faltima etapa na Limite Vertical. Aproveito este espa\u00e7o para\u2026","rel":"","context":"Em &quot;Escalada&quot;","block_context":{"text":"Escalada","link":"https:\/\/yuri.com.br\/claudio\/category\/escalada\/"},"img":{"alt_text":"","src":"https:\/\/i0.wp.com\/yuri.com.br\/claudio\/wp-content\/uploads\/2008\/10\/jornaldossports_estadualrj2008.jpg?resize=350%2C200&ssl=1","width":350,"height":200,"srcset":"https:\/\/i0.wp.com\/yuri.com.br\/claudio\/wp-content\/uploads\/2008\/10\/jornaldossports_estadualrj2008.jpg?resize=350%2C200&ssl=1 1x, https:\/\/i0.wp.com\/yuri.com.br\/claudio\/wp-content\/uploads\/2008\/10\/jornaldossports_estadualrj2008.jpg?resize=525%2C300&ssl=1 1.5x, https:\/\/i0.wp.com\/yuri.com.br\/claudio\/wp-content\/uploads\/2008\/10\/jornaldossports_estadualrj2008.jpg?resize=700%2C400&ssl=1 2x"},"classes":[]},{"id":233,"url":"https:\/\/yuri.com.br\/claudio\/2008\/09\/23\/grajau\/","url_meta":{"origin":438,"position":2},"title":"Graja\u00fa","author":"claudio","date":"23\/set\/2008","format":false,"excerpt":"Conversando com um amigo escoc\u00eas que atualmente mora aqui no RJ, ouvi uma opini\u00e3o que pode surpreender os c\u00e9ticos: se pegarmos um setor de boulders l\u00e1 da Reserva Florestal do Graja\u00fa, localizada na zona norte do Rio, \u00e9 compar\u00e1vel a um setor de Fontainebleau como Bas Cuvier. \u00c9 isso a\u00ed\u2026","rel":"","context":"Em &quot;Escalada&quot;","block_context":{"text":"Escalada","link":"https:\/\/yuri.com.br\/claudio\/category\/escalada\/"},"img":{"alt_text":"","src":"https:\/\/i0.wp.com\/farm4.static.flickr.com\/3222\/2873891868_dbb013d1a6_d.jpg?resize=350%2C200","width":350,"height":200},"classes":[]},{"id":3873,"url":"https:\/\/yuri.com.br\/claudio\/2012\/08\/01\/mais-do-aranha-2\/","url_meta":{"origin":438,"position":3},"title":"Mais do Aranha","author":"claudio","date":"1\/ago\/2012","format":false,"excerpt":"Tentando cumprir a promessa de posts um pouco mais informativos... vista do Setor Aranha, antes do riozinho: A verdade \u00e9 que o ritmo que as coisas vem acontecendo na \"real life\" ultrapassa o ritmo lento da minha motiva\u00e7\u00e3o blogueira. Desculpas \u00e0 parte, n\u00e3o posso deixar de mencionar que a visita\u2026","rel":"","context":"Em &quot;Escalada&quot;","block_context":{"text":"Escalada","link":"https:\/\/yuri.com.br\/claudio\/category\/escalada\/"},"img":{"alt_text":"","src":"https:\/\/i0.wp.com\/yuri.com.br\/claudio\/wp-content\/uploads\/2012\/07\/mapasalbentosegundosol.jpg?resize=350%2C200&ssl=1","width":350,"height":200,"srcset":"https:\/\/i0.wp.com\/yuri.com.br\/claudio\/wp-content\/uploads\/2012\/07\/mapasalbentosegundosol.jpg?resize=350%2C200&ssl=1 1x, https:\/\/i0.wp.com\/yuri.com.br\/claudio\/wp-content\/uploads\/2012\/07\/mapasalbentosegundosol.jpg?resize=525%2C300&ssl=1 1.5x, https:\/\/i0.wp.com\/yuri.com.br\/claudio\/wp-content\/uploads\/2012\/07\/mapasalbentosegundosol.jpg?resize=700%2C400&ssl=1 2x"},"classes":[]},{"id":3100,"url":"https:\/\/yuri.com.br\/claudio\/2011\/10\/03\/impressoes-do-sumba-boulder\/","url_meta":{"origin":438,"position":4},"title":"Impress\u00f5es do Sumba Boulder","author":"claudio","date":"3\/out\/2011","format":false,"excerpt":"Incr\u00edvel, inesquec\u00edvel, hist\u00f3rico, gratificante, sensacional. Palavras n\u00e3o s\u00e3o suficientes para descrever o evento. Para n\u00f3s aqui, rec\u00e9m chegados em S\u00e3o Bento, paramos as intermin\u00e1veis arruma\u00e7\u00f5es de nosso rancho ainda em constru\u00e7\u00e3o e quando vimos est\u00e1vamos mergulhados no projeto, unidos a mais uma penca de escaladores daqui... aquela cena de que\u2026","rel":"","context":"Em &quot;Escalada&quot;","block_context":{"text":"Escalada","link":"https:\/\/yuri.com.br\/claudio\/category\/escalada\/"},"img":{"alt_text":"","src":"https:\/\/i0.wp.com\/yuri.com.br\/claudio\/wp-content\/uploads\/2011\/10\/joaomiguel.jpg?resize=350%2C200&ssl=1","width":350,"height":200,"srcset":"https:\/\/i0.wp.com\/yuri.com.br\/claudio\/wp-content\/uploads\/2011\/10\/joaomiguel.jpg?resize=350%2C200&ssl=1 1x, https:\/\/i0.wp.com\/yuri.com.br\/claudio\/wp-content\/uploads\/2011\/10\/joaomiguel.jpg?resize=525%2C300&ssl=1 1.5x, https:\/\/i0.wp.com\/yuri.com.br\/claudio\/wp-content\/uploads\/2011\/10\/joaomiguel.jpg?resize=700%2C400&ssl=1 2x"},"classes":[]},{"id":4179,"url":"https:\/\/yuri.com.br\/claudio\/2012\/11\/07\/muchas-gracias\/","url_meta":{"origin":438,"position":5},"title":"Muchas gracias","author":"claudio","date":"7\/nov\/2012","format":false,"excerpt":"Valeu VG (mais todos que vc mobilizou) & Tha\u00eds\/Babaleia pelos donativos! Com uma comunidade assim cheia de parceiros \"firmeza-plus\", o trampo fica mais f\u00e1cil. Todos sabemos que os boulders mantiqueirenses s\u00e3o \"tropicalientes\": muitos est\u00e3o encravados em matas \u00famidas, ambientes perfeitos para agarras fr\u00e1geis. Sabemos tamb\u00e9m que uma latinha dessas n\u00e3o\u2026","rel":"","context":"Em &quot;Escalada&quot;","block_context":{"text":"Escalada","link":"https:\/\/yuri.com.br\/claudio\/category\/escalada\/"},"img":{"alt_text":"","src":"https:\/\/i0.wp.com\/yuri.com.br\/claudio\/wp-content\/uploads\/2012\/11\/sika_donativos.jpg?resize=350%2C200&ssl=1","width":350,"height":200,"srcset":"https:\/\/i0.wp.com\/yuri.com.br\/claudio\/wp-content\/uploads\/2012\/11\/sika_donativos.jpg?resize=350%2C200&ssl=1 1x, https:\/\/i0.wp.com\/yuri.com.br\/claudio\/wp-content\/uploads\/2012\/11\/sika_donativos.jpg?resize=525%2C300&ssl=1 1.5x, https:\/\/i0.wp.com\/yuri.com.br\/claudio\/wp-content\/uploads\/2012\/11\/sika_donativos.jpg?resize=700%2C400&ssl=1 2x"},"classes":[]}],"_links":{"self":[{"href":"https:\/\/yuri.com.br\/claudio\/wp-json\/wp\/v2\/posts\/438","targetHints":{"allow":["GET"]}}],"collection":[{"href":"https:\/\/yuri.com.br\/claudio\/wp-json\/wp\/v2\/posts"}],"about":[{"href":"https:\/\/yuri.com.br\/claudio\/wp-json\/wp\/v2\/types\/post"}],"author":[{"embeddable":true,"href":"https:\/\/yuri.com.br\/claudio\/wp-json\/wp\/v2\/users\/2"}],"replies":[{"embeddable":true,"href":"https:\/\/yuri.com.br\/claudio\/wp-json\/wp\/v2\/comments?post=438"}],"version-history":[{"count":0,"href":"https:\/\/yuri.com.br\/claudio\/wp-json\/wp\/v2\/posts\/438\/revisions"}],"wp:featuredmedia":[{"embeddable":true,"href":"https:\/\/yuri.com.br\/claudio\/wp-json\/wp\/v2\/media\/446"}],"wp:attachment":[{"href":"https:\/\/yuri.com.br\/claudio\/wp-json\/wp\/v2\/media?parent=438"}],"wp:term":[{"taxonomy":"category","embeddable":true,"href":"https:\/\/yuri.com.br\/claudio\/wp-json\/wp\/v2\/categories?post=438"},{"taxonomy":"post_tag","embeddable":true,"href":"https:\/\/yuri.com.br\/claudio\/wp-json\/wp\/v2\/tags?post=438"}],"curies":[{"name":"wp","href":"https:\/\/api.w.org\/{rel}","templated":true}]}}