{"id":4337,"date":"2012-11-16T12:59:30","date_gmt":"2012-11-16T12:59:30","guid":{"rendered":"http:\/\/claudiobr.wordpress.com\/?p=4337"},"modified":"2012-11-16T12:59:30","modified_gmt":"2012-11-16T12:59:30","slug":"album-de-familia","status":"publish","type":"post","link":"https:\/\/yuri.com.br\/claudio\/2012\/11\/16\/album-de-familia\/","title":{"rendered":"\u00c1lbum de fam\u00edlia"},"content":{"rendered":"<p>A Fifi fez 1 ano esses dias, boa desculpa pra um retrato familiar dos meus &#8220;<a href=\"http:\/\/claudiobr.wordpress.com\/2012\/02\/29\/fifi-chegou\/\" target=\"_blank\">babies<\/a>&#8221; fazendo pose de capa de disco.<\/p>\n<p style=\"text-align:center;\"><a href=\"http:\/\/www.flickr.com\/photos\/cbrisighello\/8188013995\/in\/photostream\/lightbox\/\" target=\"_blank\"><img loading=\"lazy\" decoding=\"async\" data-attachment-id=\"4338\" data-permalink=\"https:\/\/yuri.com.br\/claudio\/2012\/11\/16\/album-de-familia\/dogs_gangue2\/\" data-orig-file=\"https:\/\/yuri.com.br\/claudio\/wp-content\/uploads\/2012\/11\/dogs_gangue2.jpg\" data-orig-size=\"700,301\" data-comments-opened=\"1\" data-image-meta=\"{&quot;aperture&quot;:&quot;0&quot;,&quot;credit&quot;:&quot;&quot;,&quot;camera&quot;:&quot;&quot;,&quot;caption&quot;:&quot;&quot;,&quot;created_timestamp&quot;:&quot;0&quot;,&quot;copyright&quot;:&quot;&quot;,&quot;focal_length&quot;:&quot;0&quot;,&quot;iso&quot;:&quot;0&quot;,&quot;shutter_speed&quot;:&quot;0&quot;,&quot;title&quot;:&quot;&quot;}\" data-image-title=\"Dogs\" data-image-description=\"\" data-image-caption=\"\" data-medium-file=\"https:\/\/yuri.com.br\/claudio\/wp-content\/uploads\/2012\/11\/dogs_gangue2-300x129.jpg\" data-large-file=\"https:\/\/yuri.com.br\/claudio\/wp-content\/uploads\/2012\/11\/dogs_gangue2.jpg\" class=\"aligncenter size-full wp-image-4338\" title=\"clique para aumentar!\" alt=\"\" src=\"http:\/\/yuri.com.br\/claudio\/wp-content\/uploads\/2012\/11\/dogs_gangue2.jpg\" height=\"301\" width=\"700\" srcset=\"https:\/\/yuri.com.br\/claudio\/wp-content\/uploads\/2012\/11\/dogs_gangue2.jpg 700w, https:\/\/yuri.com.br\/claudio\/wp-content\/uploads\/2012\/11\/dogs_gangue2-300x129.jpg 300w, https:\/\/yuri.com.br\/claudio\/wp-content\/uploads\/2012\/11\/dogs_gangue2-210x90.jpg 210w\" sizes=\"auto, (max-width: 700px) 100vw, 700px\" \/><\/a><\/p>\n","protected":false},"excerpt":{"rendered":"<p>A Fifi fez 1 ano esses dias, boa desculpa pra um retrato familiar dos meus &#8220;babies&#8221; fazendo pose de capa de disco.<\/p>\n","protected":false},"author":2,"featured_media":4338,"comment_status":"open","ping_status":"open","sticky":false,"template":"","format":"standard","meta":{"neve_meta_sidebar":"","neve_meta_container":"","neve_meta_enable_content_width":"","neve_meta_content_width":0,"neve_meta_title_alignment":"","neve_meta_author_avatar":"","neve_post_elements_order":"","neve_meta_disable_header":"","neve_meta_disable_footer":"","neve_meta_disable_title":"","jetpack_post_was_ever_published":false,"_jetpack_newsletter_access":"","_jetpack_dont_email_post_to_subs":false,"_jetpack_newsletter_tier_id":0,"_jetpack_memberships_contains_paywalled_content":false,"_jetpack_memberships_contains_paid_content":false,"footnotes":"","jetpack_publicize_message":"","jetpack_publicize_feature_enabled":true,"jetpack_social_post_already_shared":false,"jetpack_social_options":{"image_generator_settings":{"template":"highway","default_image_id":0,"font":"","enabled":false},"version":2}},"categories":[5],"tags":[],"class_list":["post-4337","post","type-post","status-publish","format-standard","has-post-thumbnail","hentry","category-outros"],"jetpack_publicize_connections":[],"jetpack_featured_media_url":"https:\/\/yuri.com.br\/claudio\/wp-content\/uploads\/2012\/11\/dogs_gangue2.jpg","jetpack_shortlink":"https:\/\/wp.me\/p4i7cB-17X","jetpack_sharing_enabled":true,"jetpack-related-posts":[{"id":3636,"url":"https:\/\/yuri.com.br\/claudio\/2012\/04\/12\/retrato-pos-cadena\/","url_meta":{"origin":4337,"position":0},"title":"Retrato &#8216;p\u00f3s-cadena&#8217;","author":"claudio","date":"12\/abr\/2012","format":false,"excerpt":"Pr\u00e9via do pequeno v\u00eddeo\/souvenir com esses brothers-cariocas-fren\u00e9ticos que estiveram aqui nesse feriado...","rel":"","context":"Em &quot;Escalada&quot;","block_context":{"text":"Escalada","link":"https:\/\/yuri.com.br\/claudio\/category\/escalada\/"},"img":{"alt_text":"","src":"https:\/\/i0.wp.com\/yuri.com.br\/claudio\/wp-content\/uploads\/2012\/04\/robertete.jpg?resize=350%2C200&ssl=1","width":350,"height":200,"srcset":"https:\/\/i0.wp.com\/yuri.com.br\/claudio\/wp-content\/uploads\/2012\/04\/robertete.jpg?resize=350%2C200&ssl=1 1x, https:\/\/i0.wp.com\/yuri.com.br\/claudio\/wp-content\/uploads\/2012\/04\/robertete.jpg?resize=525%2C300&ssl=1 1.5x, https:\/\/i0.wp.com\/yuri.com.br\/claudio\/wp-content\/uploads\/2012\/04\/robertete.jpg?resize=700%2C400&ssl=1 2x"},"classes":[]},{"id":3116,"url":"https:\/\/yuri.com.br\/claudio\/2011\/10\/06\/session-de-quarta\/","url_meta":{"origin":4337,"position":1},"title":"Session de quarta","author":"claudio","date":"6\/out\/2011","format":false,"excerpt":"Session de quarta com os \"pe\u00f5es\" do Sumba Boulder (Clube dos 30 :-) no novo setor. Eu ando com m\u00faltiplas les\u00f5es,\u00a0 boa desculpa pra n\u00e3o escalar e focar nas fotos, pois n\u00e3o tirei uma sequer no evento com a c\u00e2mera s\u00f3 filmando:","rel":"","context":"Em &quot;Escalada&quot;","block_context":{"text":"Escalada","link":"https:\/\/yuri.com.br\/claudio\/category\/escalada\/"},"img":{"alt_text":"","src":"https:\/\/i0.wp.com\/yuri.com.br\/claudio\/wp-content\/uploads\/2011\/10\/areas_yuri_forcadegaia.jpg?resize=350%2C200&ssl=1","width":350,"height":200,"srcset":"https:\/\/i0.wp.com\/yuri.com.br\/claudio\/wp-content\/uploads\/2011\/10\/areas_yuri_forcadegaia.jpg?resize=350%2C200&ssl=1 1x, https:\/\/i0.wp.com\/yuri.com.br\/claudio\/wp-content\/uploads\/2011\/10\/areas_yuri_forcadegaia.jpg?resize=525%2C300&ssl=1 1.5x, https:\/\/i0.wp.com\/yuri.com.br\/claudio\/wp-content\/uploads\/2011\/10\/areas_yuri_forcadegaia.jpg?resize=700%2C400&ssl=1 2x"},"classes":[]},{"id":2946,"url":"https:\/\/yuri.com.br\/claudio\/2011\/08\/08\/sakura\/","url_meta":{"origin":4337,"position":2},"title":"Sakura","author":"claudio","date":"8\/ago\/2011","format":false,"excerpt":"A Festa da Cerejeira em Campos do Jord\u00e3o t\u00e1 rolando! No ano passado eu achei que tinha mais op\u00e7\u00f5es de comida e aqueles deliciosos docinhos tradicionais, mas descobri que a boa \u00e9 ir no domingo, a\u00ed tem de tudo! Fotografar por l\u00e1 de novo me faz lembrar que j\u00e1 se\u2026","rel":"","context":"Em &quot;'Baixa' Gastronomia&quot;","block_context":{"text":"'Baixa' Gastronomia","link":"https:\/\/yuri.com.br\/claudio\/category\/baixa-gastronomia\/"},"img":{"alt_text":"","src":"https:\/\/i0.wp.com\/yuri.com.br\/claudio\/wp-content\/uploads\/2011\/08\/sakura_2011.jpg?resize=350%2C200&ssl=1","width":350,"height":200,"srcset":"https:\/\/i0.wp.com\/yuri.com.br\/claudio\/wp-content\/uploads\/2011\/08\/sakura_2011.jpg?resize=350%2C200&ssl=1 1x, https:\/\/i0.wp.com\/yuri.com.br\/claudio\/wp-content\/uploads\/2011\/08\/sakura_2011.jpg?resize=525%2C300&ssl=1 1.5x, https:\/\/i0.wp.com\/yuri.com.br\/claudio\/wp-content\/uploads\/2011\/08\/sakura_2011.jpg?resize=700%2C400&ssl=1 2x"},"classes":[]},{"id":3318,"url":"https:\/\/yuri.com.br\/claudio\/2012\/01\/13\/12-de-janeiro\/","url_meta":{"origin":4337,"position":3},"title":"12 de janeiro","author":"claudio","date":"13\/jan\/2012","format":false,"excerpt":"Desde crian\u00e7a n\u00e3o reunia muitos para comemorar essa data aleat\u00f3ria no tempo cujo n\u00famero, seguindo o calend\u00e1rio crist\u00e3o, \"corresponde\" \u00e0 data em que eu nasci. O envelhecimento acontece a cada minuto, \u00e0s vezes sinto que vivo mais em um m\u00eas do que em 1 ano inteiro, enfim, tudo \u00e9 relativo...\u2026","rel":"","context":"Em &quot;Escalada&quot;","block_context":{"text":"Escalada","link":"https:\/\/yuri.com.br\/claudio\/category\/escalada\/"},"img":{"alt_text":"","src":"https:\/\/i0.wp.com\/yuri.com.br\/claudio\/wp-content\/uploads\/2012\/01\/niver2012.jpg?resize=350%2C200&ssl=1","width":350,"height":200,"srcset":"https:\/\/i0.wp.com\/yuri.com.br\/claudio\/wp-content\/uploads\/2012\/01\/niver2012.jpg?resize=350%2C200&ssl=1 1x, https:\/\/i0.wp.com\/yuri.com.br\/claudio\/wp-content\/uploads\/2012\/01\/niver2012.jpg?resize=525%2C300&ssl=1 1.5x"},"classes":[]},{"id":4815,"url":"https:\/\/yuri.com.br\/claudio\/2013\/03\/25\/vista-aerea-sessions\/","url_meta":{"origin":4337,"position":4},"title":"Vista A\u00e9rea sessions","author":"claudio","date":"25\/mar\/2013","format":false,"excerpt":"A foto n\u00e3o ficou muito boa (evite cortar uma m\u00e3o em closes!) ent\u00e3o abusei em p\u00f3s com um pseudo-tilt-shift e uns layers de textura. Mas a session, pra variar, foi boa e a linha merece um registro: V-nothing foi o prov\u00e1vel primeiro V9 da regi\u00e3o, localizado no setor old-school Vista\u2026","rel":"","context":"Em &quot;Escalada&quot;","block_context":{"text":"Escalada","link":"https:\/\/yuri.com.br\/claudio\/category\/escalada\/"},"img":{"alt_text":"","src":"https:\/\/i0.wp.com\/yuri.com.br\/claudio\/wp-content\/uploads\/2013\/03\/vnothing_lello.jpg?resize=350%2C200&ssl=1","width":350,"height":200,"srcset":"https:\/\/i0.wp.com\/yuri.com.br\/claudio\/wp-content\/uploads\/2013\/03\/vnothing_lello.jpg?resize=350%2C200&ssl=1 1x, https:\/\/i0.wp.com\/yuri.com.br\/claudio\/wp-content\/uploads\/2013\/03\/vnothing_lello.jpg?resize=525%2C300&ssl=1 1.5x, https:\/\/i0.wp.com\/yuri.com.br\/claudio\/wp-content\/uploads\/2013\/03\/vnothing_lello.jpg?resize=700%2C400&ssl=1 2x"},"classes":[]},{"id":6039,"url":"https:\/\/yuri.com.br\/claudio\/2013\/11\/05\/torresmo-na-veia-e-climb-no-coracao\/","url_meta":{"origin":4337,"position":5},"title":"Torresmo na veia e climb no cora\u00e7\u00e3o","author":"claudio","date":"5\/nov\/2013","format":false,"excerpt":"Quando percebo que minhas roc-trips visam mais botequins do que pedras, ser\u00e1 que sou mais butequeiro do que escalador? Os vegetarianos que me desculpem pela foto \"x-rated\", mas o beta da vez vai pra esse que \u00e9 o melhor torresmo do ano, cujo corte especial inclui suculentos nacos de carne\u2026","rel":"","context":"Em &quot;'Baixa' Gastronomia&quot;","block_context":{"text":"'Baixa' Gastronomia","link":"https:\/\/yuri.com.br\/claudio\/category\/baixa-gastronomia\/"},"img":{"alt_text":"","src":"https:\/\/i0.wp.com\/yuri.com.br\/claudio\/wp-content\/uploads\/2013\/11\/bardamaria_torresmo.jpg?resize=350%2C200&ssl=1","width":350,"height":200,"srcset":"https:\/\/i0.wp.com\/yuri.com.br\/claudio\/wp-content\/uploads\/2013\/11\/bardamaria_torresmo.jpg?resize=350%2C200&ssl=1 1x, https:\/\/i0.wp.com\/yuri.com.br\/claudio\/wp-content\/uploads\/2013\/11\/bardamaria_torresmo.jpg?resize=525%2C300&ssl=1 1.5x, https:\/\/i0.wp.com\/yuri.com.br\/claudio\/wp-content\/uploads\/2013\/11\/bardamaria_torresmo.jpg?resize=700%2C400&ssl=1 2x"},"classes":[]}],"_links":{"self":[{"href":"https:\/\/yuri.com.br\/claudio\/wp-json\/wp\/v2\/posts\/4337","targetHints":{"allow":["GET"]}}],"collection":[{"href":"https:\/\/yuri.com.br\/claudio\/wp-json\/wp\/v2\/posts"}],"about":[{"href":"https:\/\/yuri.com.br\/claudio\/wp-json\/wp\/v2\/types\/post"}],"author":[{"embeddable":true,"href":"https:\/\/yuri.com.br\/claudio\/wp-json\/wp\/v2\/users\/2"}],"replies":[{"embeddable":true,"href":"https:\/\/yuri.com.br\/claudio\/wp-json\/wp\/v2\/comments?post=4337"}],"version-history":[{"count":0,"href":"https:\/\/yuri.com.br\/claudio\/wp-json\/wp\/v2\/posts\/4337\/revisions"}],"wp:featuredmedia":[{"embeddable":true,"href":"https:\/\/yuri.com.br\/claudio\/wp-json\/wp\/v2\/media\/4338"}],"wp:attachment":[{"href":"https:\/\/yuri.com.br\/claudio\/wp-json\/wp\/v2\/media?parent=4337"}],"wp:term":[{"taxonomy":"category","embeddable":true,"href":"https:\/\/yuri.com.br\/claudio\/wp-json\/wp\/v2\/categories?post=4337"},{"taxonomy":"post_tag","embeddable":true,"href":"https:\/\/yuri.com.br\/claudio\/wp-json\/wp\/v2\/tags?post=4337"}],"curies":[{"name":"wp","href":"https:\/\/api.w.org\/{rel}","templated":true}]}}