{"id":428,"date":"2009-02-15T23:43:23","date_gmt":"2009-02-15T23:43:23","guid":{"rendered":"http:\/\/claudiobr.wordpress.com\/?p=428"},"modified":"2009-02-15T23:43:23","modified_gmt":"2009-02-15T23:43:23","slug":"bouldering","status":"publish","type":"post","link":"https:\/\/yuri.com.br\/claudio\/2009\/02\/15\/bouldering\/","title":{"rendered":"Por que bouldering?"},"content":{"rendered":"<p>A escalada de pequenos blocos possibilita movimenta\u00e7\u00f5es invi\u00e1veis quando se est\u00e1 encordado em uma cadeirinha\/baudrier. O v\u00eddeo abaixo ilustra bem este pensamento:<\/p>\n<div class=\"nv-iframe-embed\"><div class=\"embed-vimeo\" style=\"text-align: center;\"><iframe loading=\"lazy\" src=\"https:\/\/player.vimeo.com\/video\/1066930\" width=\"1200\" height=\"675\" frameborder=\"0\" webkitallowfullscreen mozallowfullscreen allowfullscreen><\/iframe><\/div><\/div>\n","protected":false},"excerpt":{"rendered":"<p>A escalada de pequenos blocos possibilita movimenta\u00e7\u00f5es invi\u00e1veis quando se est\u00e1 encordado em uma cadeirinha\/baudrier. O v\u00eddeo abaixo ilustra bem este pensamento:<\/p>\n","protected":false},"author":2,"featured_media":0,"comment_status":"open","ping_status":"open","sticky":false,"template":"","format":"standard","meta":{"neve_meta_sidebar":"","neve_meta_container":"","neve_meta_enable_content_width":"","neve_meta_content_width":0,"neve_meta_title_alignment":"","neve_meta_author_avatar":"","neve_post_elements_order":"","neve_meta_disable_header":"","neve_meta_disable_footer":"","neve_meta_disable_title":"","jetpack_post_was_ever_published":false,"_jetpack_newsletter_access":"","_jetpack_dont_email_post_to_subs":false,"_jetpack_newsletter_tier_id":0,"_jetpack_memberships_contains_paywalled_content":false,"_jetpack_memberships_contains_paid_content":false,"footnotes":"","jetpack_publicize_message":"","jetpack_publicize_feature_enabled":true,"jetpack_social_post_already_shared":false,"jetpack_social_options":{"image_generator_settings":{"template":"highway","default_image_id":0,"font":"","enabled":false},"version":2}},"categories":[3],"tags":[],"class_list":["post-428","post","type-post","status-publish","format-standard","hentry","category-escalada"],"jetpack_publicize_connections":[],"jetpack_featured_media_url":"","jetpack_shortlink":"https:\/\/wp.me\/p4i7cB-6U","jetpack_sharing_enabled":true,"jetpack-related-posts":[{"id":531,"url":"https:\/\/yuri.com.br\/claudio\/2009\/03\/27\/mais-fotos-comentadas\/","url_meta":{"origin":428,"position":0},"title":"Mais fotos comentadas","author":"claudio","date":"27\/mar\/2009","format":false,"excerpt":"Continuando com as fotos comentadas, ilustro abaixo mais 2 exemplos: (clique nas imagens para ampli\u00e1-las) Nesta foto o Cesinha est\u00e1 na 2a. de suas 3 entradas na via Coquetel de Energia, em um dia de *muita* chuva, ou seja, bem mais escuro do que j\u00e1 costuma ser no Campo Escola\u2026","rel":"","context":"Em &quot;Escalada&quot;","block_context":{"text":"Escalada","link":"https:\/\/yuri.com.br\/claudio\/category\/escalada\/"},"img":{"alt_text":"","src":"https:\/\/i0.wp.com\/farm4.static.flickr.com\/3004\/2797103658_64e24a0076_o.jpg?resize=350%2C200","width":350,"height":200},"classes":[]},{"id":449,"url":"https:\/\/yuri.com.br\/claudio\/2009\/03\/02\/pracinha-de-itacoatiara-video\/","url_meta":{"origin":428,"position":1},"title":"Pracinha de Itacoatiara &#8211; v\u00eddeo","author":"claudio","date":"2\/mar\/2009","format":false,"excerpt":"Editei mais um \"clipezinho\" recente, desta vez da ador\u00e1vel Pracinha de Itacoatiara, em Niter\u00f3i\/RJ. Trata-se de uma pra\u00e7a cheia de blocos de granito, literalmente. Localizada em um bairro\u00a0praiano residencial super tranquilo, a sensa\u00e7\u00e3o \u00e9 de escalada urbana com a maior paz que se pode ter. Praticamente estaciona-se ao lado dos\u2026","rel":"","context":"Em &quot;Escalada&quot;","block_context":{"text":"Escalada","link":"https:\/\/yuri.com.br\/claudio\/category\/escalada\/"},"img":{"alt_text":"","src":"","width":0,"height":0},"classes":[]},{"id":3975,"url":"https:\/\/yuri.com.br\/claudio\/2012\/08\/09\/nucanaquina\/","url_meta":{"origin":428,"position":2},"title":"Nucanaquina @ Aranha","author":"claudio","date":"9\/ago\/2012","format":false,"excerpt":"Mais um trabalho conjunto com os titius e o bloco atr\u00e1s do Tapa na Pantera foi limpo, resultando em uma bela linha de aresta com crux no final e dificuldade moderada, n\u00e3o poderia ser mais perfeito. O nome \u00e9 devido ao cuidado com a cabe\u00e7a nos \u00faltimos movimentos, depois do\u2026","rel":"","context":"Em &quot;Escalada&quot;","block_context":{"text":"Escalada","link":"https:\/\/yuri.com.br\/claudio\/category\/escalada\/"},"img":{"alt_text":"","src":"https:\/\/i0.wp.com\/yuri.com.br\/claudio\/wp-content\/uploads\/2012\/08\/aranha_nucanaquina.jpg?resize=350%2C200&ssl=1","width":350,"height":200,"srcset":"https:\/\/i0.wp.com\/yuri.com.br\/claudio\/wp-content\/uploads\/2012\/08\/aranha_nucanaquina.jpg?resize=350%2C200&ssl=1 1x, https:\/\/i0.wp.com\/yuri.com.br\/claudio\/wp-content\/uploads\/2012\/08\/aranha_nucanaquina.jpg?resize=525%2C300&ssl=1 1.5x, https:\/\/i0.wp.com\/yuri.com.br\/claudio\/wp-content\/uploads\/2012\/08\/aranha_nucanaquina.jpg?resize=700%2C400&ssl=1 2x"},"classes":[]},{"id":5370,"url":"https:\/\/yuri.com.br\/claudio\/2013\/06\/30\/barba\/","url_meta":{"origin":428,"position":3},"title":"Barba","author":"claudio","date":"30\/jun\/2013","format":false,"excerpt":"Barba, no bloco do Bigode, com Leandro e Yuri. O novo come\u00e7o deixou a linha bem mais s\u00f3lida (e mais cl\u00e1ssica!)...","rel":"","context":"Em &quot;Escalada&quot;","block_context":{"text":"Escalada","link":"https:\/\/yuri.com.br\/claudio\/category\/escalada\/"},"img":{"alt_text":"","src":"https:\/\/i0.wp.com\/yuri.com.br\/claudio\/wp-content\/uploads\/2013\/06\/barba_leandro.jpg?resize=350%2C200&ssl=1","width":350,"height":200,"srcset":"https:\/\/i0.wp.com\/yuri.com.br\/claudio\/wp-content\/uploads\/2013\/06\/barba_leandro.jpg?resize=350%2C200&ssl=1 1x, https:\/\/i0.wp.com\/yuri.com.br\/claudio\/wp-content\/uploads\/2013\/06\/barba_leandro.jpg?resize=525%2C300&ssl=1 1.5x, https:\/\/i0.wp.com\/yuri.com.br\/claudio\/wp-content\/uploads\/2013\/06\/barba_leandro.jpg?resize=700%2C400&ssl=1 2x"},"classes":[]},{"id":4897,"url":"https:\/\/yuri.com.br\/claudio\/2013\/04\/29\/rubinho-2\/","url_meta":{"origin":428,"position":4},"title":"Rubinho!","author":"claudio","date":"29\/abr\/2013","format":false,"excerpt":"Faltou a Lia Sati no \u00faltimo post, mas ontem ela estava de volta l\u00e1 no Rubinho e pude registrar a cadena de seu 1\u00ba boulder! Alegria geral ao ver uma crian\u00e7a subir um bloco desses, rec\u00e9m limpo, com esse sorriso no rosto... Aproveito para deixar mais uma amostra, desta vez\u2026","rel":"","context":"Em &quot;Escalada&quot;","block_context":{"text":"Escalada","link":"https:\/\/yuri.com.br\/claudio\/category\/escalada\/"},"img":{"alt_text":"","src":"https:\/\/i0.wp.com\/yuri.com.br\/claudio\/wp-content\/uploads\/2013\/04\/rubinho_liasati.jpg?resize=350%2C200&ssl=1","width":350,"height":200,"srcset":"https:\/\/i0.wp.com\/yuri.com.br\/claudio\/wp-content\/uploads\/2013\/04\/rubinho_liasati.jpg?resize=350%2C200&ssl=1 1x, https:\/\/i0.wp.com\/yuri.com.br\/claudio\/wp-content\/uploads\/2013\/04\/rubinho_liasati.jpg?resize=525%2C300&ssl=1 1.5x, https:\/\/i0.wp.com\/yuri.com.br\/claudio\/wp-content\/uploads\/2013\/04\/rubinho_liasati.jpg?resize=700%2C400&ssl=1 2x"},"classes":[]},{"id":4849,"url":"https:\/\/yuri.com.br\/claudio\/2013\/04\/11\/video-sex-shop-akira\/","url_meta":{"origin":428,"position":5},"title":"V\u00eddeo: SEX shop @ Akira","author":"claudio","date":"11\/abr\/2013","format":false,"excerpt":"Eis um souvenir da temporada passada. Minha autocr\u00edtica (foi mais um mero registro do que qualquer v\u00eddeo planejado) e a pouca vontade de me exibir na telinha, acabaram por engavetar a lembran\u00e7a... mas por uma insist\u00eancia super positiva de alguns que viram a edi\u00e7\u00e3o, resolvi disponibiliz\u00e1-lo. Culpa do Bel\u00ea! Agrade\u00e7o\u2026","rel":"","context":"Em &quot;Escalada&quot;","block_context":{"text":"Escalada","link":"https:\/\/yuri.com.br\/claudio\/category\/escalada\/"},"img":{"alt_text":"","src":"","width":0,"height":0},"classes":[]}],"_links":{"self":[{"href":"https:\/\/yuri.com.br\/claudio\/wp-json\/wp\/v2\/posts\/428","targetHints":{"allow":["GET"]}}],"collection":[{"href":"https:\/\/yuri.com.br\/claudio\/wp-json\/wp\/v2\/posts"}],"about":[{"href":"https:\/\/yuri.com.br\/claudio\/wp-json\/wp\/v2\/types\/post"}],"author":[{"embeddable":true,"href":"https:\/\/yuri.com.br\/claudio\/wp-json\/wp\/v2\/users\/2"}],"replies":[{"embeddable":true,"href":"https:\/\/yuri.com.br\/claudio\/wp-json\/wp\/v2\/comments?post=428"}],"version-history":[{"count":0,"href":"https:\/\/yuri.com.br\/claudio\/wp-json\/wp\/v2\/posts\/428\/revisions"}],"wp:attachment":[{"href":"https:\/\/yuri.com.br\/claudio\/wp-json\/wp\/v2\/media?parent=428"}],"wp:term":[{"taxonomy":"category","embeddable":true,"href":"https:\/\/yuri.com.br\/claudio\/wp-json\/wp\/v2\/categories?post=428"},{"taxonomy":"post_tag","embeddable":true,"href":"https:\/\/yuri.com.br\/claudio\/wp-json\/wp\/v2\/tags?post=428"}],"curies":[{"name":"wp","href":"https:\/\/api.w.org\/{rel}","templated":true}]}}