{"id":4149,"date":"2012-10-25T14:19:00","date_gmt":"2012-10-25T14:19:00","guid":{"rendered":"http:\/\/claudiobr.wordpress.com\/?p=4149"},"modified":"2012-10-25T14:19:00","modified_gmt":"2012-10-25T14:19:00","slug":"john-gill-o-pioneiro","status":"publish","type":"post","link":"https:\/\/yuri.com.br\/claudio\/2012\/10\/25\/john-gill-o-pioneiro\/","title":{"rendered":"John Gill, o pioneiro"},"content":{"rendered":"<p>Esse a\u00ed dispensa apresenta\u00e7\u00f5es&#8230; se nunca ouviu falar deste vovozinho de 75 anos, pule este post.<\/p>\n<p style=\"text-align:center;\"><div class=\"nv-iframe-embed\"><span class=\"embed-youtube\" style=\"text-align:center; display: block;\"><iframe loading=\"lazy\" class=\"youtube-player\" width=\"1200\" height=\"675\" src=\"https:\/\/www.youtube.com\/embed\/7XklZ40FGgs?version=3&#038;rel=1&#038;showsearch=0&#038;showinfo=1&#038;iv_load_policy=1&#038;fs=1&#038;hl=pt-BR&#038;autohide=2&#038;wmode=transparent\" allowfullscreen=\"true\" style=\"border:0;\" sandbox=\"allow-scripts allow-same-origin allow-popups allow-presentation allow-popups-to-escape-sandbox\"><\/iframe><\/span><\/div>\n<p>Aproveito a ocasi\u00e3o &#8220;hist\u00f3ria da escalada\/bouldering&#8221; para lembrar do interessante sistema de gradua\u00e7\u00e3o que <a href=\"http:\/\/www.johngill.net\/\" target=\"_blank\">John Gill<\/a> prop\u00f4s nos prim\u00f3rdios (adotado na d\u00e9cada passada por <a href=\"http:\/\/archive.newenglandbouldering.com\/news\/news400.html\" target=\"_blank\">Klem Loskot<\/a>), uma id\u00e9ia que faz mais sentido para mim do que os sistemas lineares (cheios de inconsist\u00eancias, pol\u00eamicas ou discord\u00e2ncias) existentes hj em dia e que me encheram o saco este ano, tanto que troquei o venenoso &#8220;8a.nu&#8221; por um simples caderninho de recorda\u00e7\u00f5es.<\/p>\n<p><em>&#8220;B1 would denote the highest level of difficulty in traditional roped-climbing, B2 would be a broad category of more difficult or &#8220;bouldering level&#8221; problems, and B3 would be an objective category signifying climbs that were unrepeated, though attempted. When a B3 was repeated it would drop to a B2 or perhaps even a B1 level.&#8221;<\/em><\/p>\n<p><em>&#8220;My idea was to promote this new sport by challenging climbers to improve their technical skills to the point they were capable of\u00a0 &#8216;bouldering level&#8217; difficulty, but <strong>discourage the degeneration of bouldering itself into a numbers-chase<\/strong>. Unfortunately, my system was a bit too abstract and went against the grain of normal competitive structures, where a simple open progression of numbers or letters signifies progress.&#8221;<\/em><\/p>\n<p>Klem Loskot diz que B1 seria algo no limite, por\u00e9m pass\u00edvel de controlada repeti\u00e7\u00e3o; B2 limite m\u00e1ximo e somente repetido em perfeitas condi\u00e7\u00f5es; B3 s\u00e3o os problemas que passam a sensa\u00e7\u00e3o de nunca mais conseguir repet\u00ed-los. F\u00e1cil de medir, n\u00e3o? Sei que realizei no m\u00e1ximo 1 ou 2 boulders B2 este ano. E pelo menos 1 que tentei bastante \u00e9 claramente um <a href=\"http:\/\/claudiobr.wordpress.com\/2012\/08\/21\/da-serie-unclimbed-moves\/\" target=\"_blank\">B3<\/a>.<\/p>\n<p>Este sistema s\u00f3 tinha um &#8220;problema&#8221;: era \u00e0 prova de competitividade, sendo assim n\u00e3o colou. Afinal, sem n\u00fameros lineares e comparativos, a m\u00eddia deturpada de hj em dia n\u00e3o teria como agitar not\u00edcias sobre quem \u00e9 o melhor ou o primeiro ou o mais dif\u00edcil do mundo. Pois \u00e9, John, infelizmente vivemos hoje o <em>numbers chase<\/em> que vc n\u00e3o queria para a modalidade que vc inventou.<\/p>\n<p>Teria esse sistema vigorado, a escalada em boulder seria um instrumento de evolu\u00e7\u00e3o mais sincero e uma pr\u00e1tica mais pura ou menos ofuscada pelo ego, que te faz querer contar seus feitos de maior n\u00famero e te emputece quando uma linha supostamente f\u00e1cil te derruba. Provavelmente eu n\u00e3o iria me estressar tanto para tentar um boulder em flash. Provavelmente eu n\u00e3o iria fazer uma lista (&#8216;tick list&#8217;) baseada em n\u00fameros antes de partir para uma viagem. Provavelmente eu prestaria mais aten\u00e7\u00e3o nas centenas de outras coisas importantes al\u00e9m de somente a\u00a0 obsess\u00e3o pela \u00faltima agarra do boulder ou o desejo de botar mais uma linha no bolso. Numerar a dificuldade de uma escalada com &#8220;1, 2, 3, 4, 5&#8230;&#8221; \u00e9 t\u00e3o relativo que basear sua progress\u00e3o pessoal nisto pode ser um engano, \u00e0s vezes um &#8220;engano consciente&#8221; articulado pelo ego. E como a escalada \u00e9 mtas vezes motivada por evolu\u00e7\u00e3o pessoal, confi\u00e1-la neste sistema \u00e9 uma armadilha que foge bastante dos prop\u00f3sitos mais verdadeiros pelos quais eu escalo. Neste sentido eu recomendo uma leitura deste <a href=\"http:\/\/michelecaminati.blogspot.com.br\/2012\/08\/rocklands-2012-mr-ego-and-global.html\" target=\"_blank\">post do italiano Michele Caminati<\/a>.<\/p>\n<p>Bottom line: acho perfeita a frase &#8220;cada um inventa os seus motivos para escalar&#8221; (lapide bem esses motivos! :-)<\/p>\n","protected":false},"excerpt":{"rendered":"<p>Esse a\u00ed dispensa apresenta\u00e7\u00f5es&#8230; se nunca ouviu falar deste vovozinho de 75 anos, pule este post. Aproveito a ocasi\u00e3o &#8220;hist\u00f3ria da escalada\/bouldering&#8221; para lembrar do interessante sistema de gradua\u00e7\u00e3o que John Gill prop\u00f4s nos prim\u00f3rdios (adotado na d\u00e9cada passada por Klem Loskot), uma id\u00e9ia que faz mais sentido para mim do que os sistemas lineares&hellip;&nbsp;<a href=\"https:\/\/yuri.com.br\/claudio\/2012\/10\/25\/john-gill-o-pioneiro\/\" rel=\"bookmark\">Continue a ler &raquo;<span class=\"screen-reader-text\">John Gill, o pioneiro<\/span><\/a><\/p>\n","protected":false},"author":2,"featured_media":0,"comment_status":"open","ping_status":"open","sticky":false,"template":"","format":"standard","meta":{"neve_meta_sidebar":"","neve_meta_container":"","neve_meta_enable_content_width":"","neve_meta_content_width":0,"neve_meta_title_alignment":"","neve_meta_author_avatar":"","neve_post_elements_order":"","neve_meta_disable_header":"","neve_meta_disable_footer":"","neve_meta_disable_title":"","jetpack_post_was_ever_published":false,"_jetpack_newsletter_access":"","_jetpack_dont_email_post_to_subs":false,"_jetpack_newsletter_tier_id":0,"_jetpack_memberships_contains_paywalled_content":false,"_jetpack_memberships_contains_paid_content":false,"footnotes":"","jetpack_publicize_message":"","jetpack_publicize_feature_enabled":true,"jetpack_social_post_already_shared":false,"jetpack_social_options":{"image_generator_settings":{"template":"highway","default_image_id":0,"font":"","enabled":false},"version":2}},"categories":[3],"tags":[],"class_list":["post-4149","post","type-post","status-publish","format-standard","hentry","category-escalada"],"jetpack_publicize_connections":[],"jetpack_featured_media_url":"","jetpack_shortlink":"https:\/\/wp.me\/p4i7cB-14V","jetpack_sharing_enabled":true,"jetpack-related-posts":[{"id":70,"url":"https:\/\/yuri.com.br\/claudio\/2008\/08\/04\/seguranca-em-boulder\/","url_meta":{"origin":4149,"position":0},"title":"Seguran\u00e7a em boulder?","author":"claudio","date":"4\/ago\/2008","format":false,"excerpt":"ATEN\u00c7\u00c3O NA SEG, GALERA!!!!!!!!!!! ---x--- SEGURAN\u00c7A EM BOULDER? Por Claudio Brisighello Bouldering \u00e9 uma das modalidades de escalada que vem crescendo bastante no Brasil, apesar de ser uma \"febre\" recente na hist\u00f3ria deste esporte no pa\u00eds, se comparada aos estilos esportivo e tradicional, por exemplo. Este fato \u00e9 evidenciado tanto\u2026","rel":"","context":"Em &quot;Escalada&quot;","block_context":{"text":"Escalada","link":"https:\/\/yuri.com.br\/claudio\/category\/escalada\/"},"img":{"alt_text":"","src":"https:\/\/i0.wp.com\/yuri.com.br\/claudio\/wp-content\/uploads\/2008\/08\/radioscopia.jpg?resize=350%2C200","width":350,"height":200},"classes":[]},{"id":5548,"url":"https:\/\/yuri.com.br\/claudio\/2013\/08\/07\/croqui-do-rubinho\/","url_meta":{"origin":4149,"position":1},"title":"Croqui do Rubinho","author":"claudio","date":"7\/ago\/2013","format":false,"excerpt":"Por fim, est\u00e1 no ar a primeira vers\u00e3o do croqui do Rubinho. Baixem ele no site do SumbaBoulder! Aproveitem este gancho para fazer uma reflex\u00e3o sobre quest\u00f5es de acesso, olimp\u00edadas, dejetos e bitucas no link: ROCKLANDS BOULDERING CRISIS Boas escaladas e muita consci\u00eancia a todos!","rel":"","context":"Em &quot;Escalada&quot;","block_context":{"text":"Escalada","link":"https:\/\/yuri.com.br\/claudio\/category\/escalada\/"},"img":{"alt_text":"","src":"","width":0,"height":0},"classes":[]},{"id":40,"url":"https:\/\/yuri.com.br\/claudio\/2008\/07\/31\/letranger-85-days-in-font\/","url_meta":{"origin":4149,"position":2},"title":"L\u2019\u00c9tranger &#8211; 85 days in Font","author":"claudio","date":"31\/jul\/2008","format":false,"excerpt":"Recomenda\u00e7\u00e3o de filminho. Recentemente um ingl\u00eas passou alguns meses em Fontainebleau e registrou tudo em v\u00eddeo. O resultado foi \"The Outsider\", esse longa de quase 1 hora de bouldering em um dos locais mais tradicionais do mundo (com uma breve passagem na Su\u00ed\u00e7a). Considerando as circunst\u00e2ncias \"caseiras\" do filme, a\u2026","rel":"","context":"Em &quot;Escalada&quot;","block_context":{"text":"Escalada","link":"https:\/\/yuri.com.br\/claudio\/category\/escalada\/"},"img":{"alt_text":"","src":"https:\/\/i0.wp.com\/yuri.com.br\/claudio\/wp-content\/uploads\/2008\/07\/bleau_forest1_small.jpg?resize=350%2C200&ssl=1","width":350,"height":200,"srcset":"https:\/\/i0.wp.com\/yuri.com.br\/claudio\/wp-content\/uploads\/2008\/07\/bleau_forest1_small.jpg?resize=350%2C200&ssl=1 1x, https:\/\/i0.wp.com\/yuri.com.br\/claudio\/wp-content\/uploads\/2008\/07\/bleau_forest1_small.jpg?resize=525%2C300&ssl=1 1.5x, https:\/\/i0.wp.com\/yuri.com.br\/claudio\/wp-content\/uploads\/2008\/07\/bleau_forest1_small.jpg?resize=700%2C400&ssl=1 2x"},"classes":[]},{"id":7078,"url":"https:\/\/yuri.com.br\/claudio\/2014\/01\/28\/summer-sessions\/","url_meta":{"origin":4149,"position":3},"title":"Summer sessions","author":"Cl\u00e1udio Brisighello","date":"28\/jan\/2014","format":false,"excerpt":"Mais uma pr\u00e9-temporada, este ano excepcionalmente menos chuvoso por aqui. E os mesmos dilemas: dedicar aos treinos, dedicar aos preparativos de novas pedras, ou apertar regletes ensebados? Confesso que a 2\u00aa op\u00e7\u00e3o tem prevalecido mas, com a \"vibe\" dos parceiros fan\u00e1ticos, ficou dif\u00edcil negar uma degusta\u00e7\u00e3o boulder\u00edstica na Ana Chata,\u2026","rel":"","context":"Em &quot;Escalada&quot;","block_context":{"text":"Escalada","link":"https:\/\/yuri.com.br\/claudio\/category\/escalada\/"},"img":{"alt_text":"JUNGLE BOULDERING!","src":"https:\/\/i0.wp.com\/yuri.com.br\/claudio\/wp-content\/uploads\/2013\/05\/AnaChata_Lello_ForaDeFoco.jpg?resize=350%2C200","width":350,"height":200,"srcset":"https:\/\/i0.wp.com\/yuri.com.br\/claudio\/wp-content\/uploads\/2013\/05\/AnaChata_Lello_ForaDeFoco.jpg?resize=350%2C200 1x, https:\/\/i0.wp.com\/yuri.com.br\/claudio\/wp-content\/uploads\/2013\/05\/AnaChata_Lello_ForaDeFoco.jpg?resize=525%2C300 1.5x, https:\/\/i0.wp.com\/yuri.com.br\/claudio\/wp-content\/uploads\/2013\/05\/AnaChata_Lello_ForaDeFoco.jpg?resize=700%2C400 2x"},"classes":[]},{"id":233,"url":"https:\/\/yuri.com.br\/claudio\/2008\/09\/23\/grajau\/","url_meta":{"origin":4149,"position":4},"title":"Graja\u00fa","author":"claudio","date":"23\/set\/2008","format":false,"excerpt":"Conversando com um amigo escoc\u00eas que atualmente mora aqui no RJ, ouvi uma opini\u00e3o que pode surpreender os c\u00e9ticos: se pegarmos um setor de boulders l\u00e1 da Reserva Florestal do Graja\u00fa, localizada na zona norte do Rio, \u00e9 compar\u00e1vel a um setor de Fontainebleau como Bas Cuvier. \u00c9 isso a\u00ed\u2026","rel":"","context":"Em &quot;Escalada&quot;","block_context":{"text":"Escalada","link":"https:\/\/yuri.com.br\/claudio\/category\/escalada\/"},"img":{"alt_text":"","src":"https:\/\/i0.wp.com\/farm4.static.flickr.com\/3222\/2873891868_dbb013d1a6_d.jpg?resize=350%2C200","width":350,"height":200},"classes":[]},{"id":5854,"url":"https:\/\/yuri.com.br\/claudio\/2013\/10\/14\/video-sos-sapatilha\/","url_meta":{"origin":4149,"position":5},"title":"V\u00eddeo: SOS Sapatilha","author":"claudio","date":"14\/out\/2013","format":false,"excerpt":"Conforme prometido, aqui vai o curta a respeito da SOS Sapatilha. Procurei ilustrar nestes 9 minutos um pouco da hist\u00f3ria e evolu\u00e7\u00e3o deste servi\u00e7o que o Bel\u00ea iniciou ainda nos anos 90, prim\u00f3rdios da sua sonhada trajet\u00f3ria e hoje realidade, que \u00e9 viver da escalada. Se as ressolas continuam bombando\u2026","rel":"","context":"Em &quot;Escalada&quot;","block_context":{"text":"Escalada","link":"https:\/\/yuri.com.br\/claudio\/category\/escalada\/"},"img":{"alt_text":"","src":"","width":0,"height":0},"classes":[]}],"_links":{"self":[{"href":"https:\/\/yuri.com.br\/claudio\/wp-json\/wp\/v2\/posts\/4149","targetHints":{"allow":["GET"]}}],"collection":[{"href":"https:\/\/yuri.com.br\/claudio\/wp-json\/wp\/v2\/posts"}],"about":[{"href":"https:\/\/yuri.com.br\/claudio\/wp-json\/wp\/v2\/types\/post"}],"author":[{"embeddable":true,"href":"https:\/\/yuri.com.br\/claudio\/wp-json\/wp\/v2\/users\/2"}],"replies":[{"embeddable":true,"href":"https:\/\/yuri.com.br\/claudio\/wp-json\/wp\/v2\/comments?post=4149"}],"version-history":[{"count":0,"href":"https:\/\/yuri.com.br\/claudio\/wp-json\/wp\/v2\/posts\/4149\/revisions"}],"wp:attachment":[{"href":"https:\/\/yuri.com.br\/claudio\/wp-json\/wp\/v2\/media?parent=4149"}],"wp:term":[{"taxonomy":"category","embeddable":true,"href":"https:\/\/yuri.com.br\/claudio\/wp-json\/wp\/v2\/categories?post=4149"},{"taxonomy":"post_tag","embeddable":true,"href":"https:\/\/yuri.com.br\/claudio\/wp-json\/wp\/v2\/tags?post=4149"}],"curies":[{"name":"wp","href":"https:\/\/api.w.org\/{rel}","templated":true}]}}