{"id":4107,"date":"2012-10-07T11:44:24","date_gmt":"2012-10-07T11:44:24","guid":{"rendered":"http:\/\/claudiobr.wordpress.com\/?p=4107"},"modified":"2018-10-25T18:47:59","modified_gmt":"2018-10-25T18:47:59","slug":"farofa-de-mel","status":"publish","type":"post","link":"https:\/\/yuri.com.br\/claudio\/2012\/10\/07\/farofa-de-mel\/","title":{"rendered":"Farofa de mel"},"content":{"rendered":"<p>Mais um item no card\u00e1pio do nosso chal\u00e9 que vivem perguntando como se faz. O mais engra\u00e7ado \u00e9 que todos perguntam para a Yuri, sem a menor suspeita de que eu cozinho alguma coisa nessa casa. Mas os tempos est\u00e3o mudando e a revolu\u00e7\u00e3o masculina est\u00e1 por vir. Enquanto as mulheres est\u00e3o conquistando seus lugares nos altos cargos por a\u00ed afora, eu exclamo: lugar de homem \u00e9 pilotando o fog\u00e3o!!<\/p>\n<p><a href=\"http:\/\/chaledemontanha.blogspot.com.br\/p\/cardapio.html\" target=\"_blank\" rel=\"noopener\"><img loading=\"lazy\" decoding=\"async\" data-attachment-id=\"4112\" data-permalink=\"https:\/\/yuri.com.br\/claudio\/2012\/10\/07\/farofa-de-mel\/farofademel_iogurte\/\" data-orig-file=\"https:\/\/yuri.com.br\/claudio\/wp-content\/uploads\/2012\/10\/farofademel_iogurte.jpg\" data-orig-size=\"700,414\" data-comments-opened=\"1\" data-image-meta=\"{&quot;aperture&quot;:&quot;0&quot;,&quot;credit&quot;:&quot;&quot;,&quot;camera&quot;:&quot;&quot;,&quot;caption&quot;:&quot;&quot;,&quot;created_timestamp&quot;:&quot;0&quot;,&quot;copyright&quot;:&quot;&quot;,&quot;focal_length&quot;:&quot;0&quot;,&quot;iso&quot;:&quot;0&quot;,&quot;shutter_speed&quot;:&quot;0&quot;,&quot;title&quot;:&quot;&quot;}\" data-image-title=\"Iogurte caseiro com farofa de mel, servido em nosso chal\u00e9!\" data-image-description=\"\" data-image-caption=\"\" data-medium-file=\"https:\/\/yuri.com.br\/claudio\/wp-content\/uploads\/2012\/10\/farofademel_iogurte-300x177.jpg\" data-large-file=\"https:\/\/yuri.com.br\/claudio\/wp-content\/uploads\/2012\/10\/farofademel_iogurte.jpg\" class=\"aligncenter size-full wp-image-4112\" title=\"Iogurte caseiro com farofa de mel, servido em nosso chal\u00e9!\" src=\"http:\/\/yuri.com.br\/claudio\/wp-content\/uploads\/2012\/10\/farofademel_iogurte.jpg\" alt=\"\" width=\"700\" height=\"414\" srcset=\"https:\/\/yuri.com.br\/claudio\/wp-content\/uploads\/2012\/10\/farofademel_iogurte.jpg 700w, https:\/\/yuri.com.br\/claudio\/wp-content\/uploads\/2012\/10\/farofademel_iogurte-300x177.jpg 300w, https:\/\/yuri.com.br\/claudio\/wp-content\/uploads\/2012\/10\/farofademel_iogurte-210x124.jpg 210w\" sizes=\"auto, (max-width: 700px) 100vw, 700px\" \/><\/a><\/p>\n<p><strong>FAROFA DE MEL<\/strong><\/p>\n<p>1 colher BEM servida de mel<br \/>\n1 colher de glucose de milho (opcional: ignorar se o mel n\u00e3o for muito l\u00edquido)<br \/>\n300g de a\u00e7\u00facar<br \/>\n10g de bicarbonato de s\u00f3dio<\/p>\n<p>Utilize uma panela de fundo grosso para derreter todos os ingredientes, reserve o bicarbonato. Lembre-se que a\u00e7\u00facar assim n\u00e3o se mexe, no m\u00e1ximo gire a panela at\u00e9 formar ponto de caramelo, n\u00e3o muito escuro para n\u00e3o amargar. Voc\u00ea pode umedecer o a\u00e7\u00facar com um pouquinho de \u00e1gua afim de derret\u00ea-lo por igual mais facilmente. Desligue o fogo e distribua o bicarbonato, uma peneira ajuda a n\u00e3o empelot\u00e1-lo. Misture tudo rapidamente com uma colher (ou p\u00e3o duro) e assim que efervecer derrame em uma assadeira. Eu costumo forrar a assadeira com um silicone antiaderente e utilizo uma forma n\u00e3o muito grande, para tentar segurar o creme alto e aerado.<\/p>\n<p><img loading=\"lazy\" decoding=\"async\" data-attachment-id=\"4109\" data-permalink=\"https:\/\/yuri.com.br\/claudio\/2012\/10\/07\/farofa-de-mel\/farofademel2\/\" data-orig-file=\"https:\/\/yuri.com.br\/claudio\/wp-content\/uploads\/2012\/10\/farofademel2.jpg\" data-orig-size=\"700,231\" data-comments-opened=\"1\" data-image-meta=\"{&quot;aperture&quot;:&quot;0&quot;,&quot;credit&quot;:&quot;&quot;,&quot;camera&quot;:&quot;&quot;,&quot;caption&quot;:&quot;&quot;,&quot;created_timestamp&quot;:&quot;0&quot;,&quot;copyright&quot;:&quot;&quot;,&quot;focal_length&quot;:&quot;0&quot;,&quot;iso&quot;:&quot;0&quot;,&quot;shutter_speed&quot;:&quot;0&quot;,&quot;title&quot;:&quot;&quot;}\" data-image-title=\"Preparo\" data-image-description=\"\" data-image-caption=\"\" data-medium-file=\"https:\/\/yuri.com.br\/claudio\/wp-content\/uploads\/2012\/10\/farofademel2-300x99.jpg\" data-large-file=\"https:\/\/yuri.com.br\/claudio\/wp-content\/uploads\/2012\/10\/farofademel2.jpg\" class=\"aligncenter size-full wp-image-4109\" title=\"Preparo\" src=\"http:\/\/yuri.com.br\/claudio\/wp-content\/uploads\/2012\/10\/farofademel2.jpg\" alt=\"\" width=\"700\" height=\"231\" srcset=\"https:\/\/yuri.com.br\/claudio\/wp-content\/uploads\/2012\/10\/farofademel2.jpg 700w, https:\/\/yuri.com.br\/claudio\/wp-content\/uploads\/2012\/10\/farofademel2-300x99.jpg 300w, https:\/\/yuri.com.br\/claudio\/wp-content\/uploads\/2012\/10\/farofademel2-210x69.jpg 210w\" sizes=\"auto, (max-width: 700px) 100vw, 700px\" \/><\/p>\n<p>Coloque imediatamente na geladeira para secar e endurecer, demora uns 20 minutinhos. A massa costuma baixar um pouco. Se n\u00e3o ficou leve ou aerada, verifique seu bicarbonato ou procure ser mais r\u00e1pido durante a mistura e despejar da coisa ap\u00f3s adicion\u00e1-lo. Use mel de qualidade, n\u00e3o muito l\u00edquido, idealmente aqueles que cristalizam. Tente mais, pratique. Enfim, quebre tudo na ponta da faca e guarde em pote hermeticamente fechado. Escolha um lugar fresco, longe do calor, visando manter a farofa seca e crocante.<\/p>\n<p><img loading=\"lazy\" decoding=\"async\" data-attachment-id=\"4110\" data-permalink=\"https:\/\/yuri.com.br\/claudio\/2012\/10\/07\/farofa-de-mel\/farofademel3\/\" data-orig-file=\"https:\/\/yuri.com.br\/claudio\/wp-content\/uploads\/2012\/10\/farofademel3.jpg\" data-orig-size=\"700,231\" data-comments-opened=\"1\" data-image-meta=\"{&quot;aperture&quot;:&quot;0&quot;,&quot;credit&quot;:&quot;&quot;,&quot;camera&quot;:&quot;&quot;,&quot;caption&quot;:&quot;&quot;,&quot;created_timestamp&quot;:&quot;0&quot;,&quot;copyright&quot;:&quot;&quot;,&quot;focal_length&quot;:&quot;0&quot;,&quot;iso&quot;:&quot;0&quot;,&quot;shutter_speed&quot;:&quot;0&quot;,&quot;title&quot;:&quot;&quot;}\" data-image-title=\"Finaliza\u00e7\u00e3o\" data-image-description=\"\" data-image-caption=\"\" data-medium-file=\"https:\/\/yuri.com.br\/claudio\/wp-content\/uploads\/2012\/10\/farofademel3-300x99.jpg\" data-large-file=\"https:\/\/yuri.com.br\/claudio\/wp-content\/uploads\/2012\/10\/farofademel3.jpg\" class=\"aligncenter size-full wp-image-4110\" title=\"Finaliza\u00e7\u00e3o\" src=\"http:\/\/yuri.com.br\/claudio\/wp-content\/uploads\/2012\/10\/farofademel3.jpg\" alt=\"\" width=\"700\" height=\"231\" srcset=\"https:\/\/yuri.com.br\/claudio\/wp-content\/uploads\/2012\/10\/farofademel3.jpg 700w, https:\/\/yuri.com.br\/claudio\/wp-content\/uploads\/2012\/10\/farofademel3-300x99.jpg 300w, https:\/\/yuri.com.br\/claudio\/wp-content\/uploads\/2012\/10\/farofademel3-210x69.jpg 210w\" sizes=\"auto, (max-width: 700px) 100vw, 700px\" \/><\/p>\n<p>Uma dica de sobremesa: a farofa vai muito bem com um iogurte mais grosso ou reduzido (estilo &#8220;grego&#8221;), regado com gel\u00e9ia de frutas vermelhas e um pouco de lavanda fresca. Outra id\u00e9ia \u00e9 coloc\u00e1-la em peda\u00e7os menores dentro de um pote de sorvete de creme, passas ao rum, etc&#8230; invente um jeito e bon apetit!<\/p>\n<p><img loading=\"lazy\" decoding=\"async\" data-attachment-id=\"4108\" data-permalink=\"https:\/\/yuri.com.br\/claudio\/2012\/10\/07\/farofa-de-mel\/farofademel1\/\" data-orig-file=\"https:\/\/yuri.com.br\/claudio\/wp-content\/uploads\/2012\/10\/farofademel1.jpg\" data-orig-size=\"700,394\" data-comments-opened=\"1\" data-image-meta=\"{&quot;aperture&quot;:&quot;0&quot;,&quot;credit&quot;:&quot;&quot;,&quot;camera&quot;:&quot;&quot;,&quot;caption&quot;:&quot;&quot;,&quot;created_timestamp&quot;:&quot;0&quot;,&quot;copyright&quot;:&quot;&quot;,&quot;focal_length&quot;:&quot;0&quot;,&quot;iso&quot;:&quot;0&quot;,&quot;shutter_speed&quot;:&quot;0&quot;,&quot;title&quot;:&quot;&quot;}\" data-image-title=\"Farofa de mel\" data-image-description=\"\" data-image-caption=\"\" data-medium-file=\"https:\/\/yuri.com.br\/claudio\/wp-content\/uploads\/2012\/10\/farofademel1-300x168.jpg\" data-large-file=\"https:\/\/yuri.com.br\/claudio\/wp-content\/uploads\/2012\/10\/farofademel1.jpg\" class=\"aligncenter size-full wp-image-4108\" title=\"Farofa de mel\" src=\"http:\/\/yuri.com.br\/claudio\/wp-content\/uploads\/2012\/10\/farofademel1.jpg\" alt=\"\" width=\"700\" height=\"394\" srcset=\"https:\/\/yuri.com.br\/claudio\/wp-content\/uploads\/2012\/10\/farofademel1.jpg 700w, https:\/\/yuri.com.br\/claudio\/wp-content\/uploads\/2012\/10\/farofademel1-300x168.jpg 300w, https:\/\/yuri.com.br\/claudio\/wp-content\/uploads\/2012\/10\/farofademel1-210x118.jpg 210w\" sizes=\"auto, (max-width: 700px) 100vw, 700px\" \/><\/p>\n","protected":false},"excerpt":{"rendered":"<p>Mais um item no card\u00e1pio do nosso chal\u00e9 que vivem perguntando como se faz. O mais engra\u00e7ado \u00e9 que todos perguntam para a Yuri, sem a menor suspeita de que eu cozinho alguma coisa nessa casa. Mas os tempos est\u00e3o mudando e a revolu\u00e7\u00e3o masculina est\u00e1 por vir. Enquanto as mulheres est\u00e3o conquistando seus lugares&hellip;&nbsp;<a href=\"https:\/\/yuri.com.br\/claudio\/2012\/10\/07\/farofa-de-mel\/\" rel=\"bookmark\">Continue a ler &raquo;<span class=\"screen-reader-text\">Farofa de mel<\/span><\/a><\/p>\n","protected":false},"author":2,"featured_media":4108,"comment_status":"open","ping_status":"open","sticky":false,"template":"","format":"standard","meta":{"neve_meta_sidebar":"","neve_meta_container":"","neve_meta_enable_content_width":"","neve_meta_content_width":0,"neve_meta_title_alignment":"","neve_meta_author_avatar":"","neve_post_elements_order":"","neve_meta_disable_header":"","neve_meta_disable_footer":"","neve_meta_disable_title":"","jetpack_post_was_ever_published":false,"_jetpack_newsletter_access":"","_jetpack_dont_email_post_to_subs":false,"_jetpack_newsletter_tier_id":0,"_jetpack_memberships_contains_paywalled_content":false,"_jetpack_memberships_contains_paid_content":false,"footnotes":"","jetpack_publicize_message":"","jetpack_publicize_feature_enabled":true,"jetpack_social_post_already_shared":false,"jetpack_social_options":{"image_generator_settings":{"template":"highway","default_image_id":0,"font":"","enabled":false},"version":2}},"categories":[2,128],"tags":[],"class_list":["post-4107","post","type-post","status-publish","format-standard","has-post-thumbnail","hentry","category-baixa-gastronomia","category-receitas"],"jetpack_publicize_connections":[],"jetpack_featured_media_url":"https:\/\/yuri.com.br\/claudio\/wp-content\/uploads\/2012\/10\/farofademel1.jpg","jetpack_shortlink":"https:\/\/wp.me\/p4i7cB-14f","jetpack_sharing_enabled":true,"jetpack-related-posts":[{"id":2671,"url":"https:\/\/yuri.com.br\/claudio\/2011\/04\/25\/arroz-pinhao\/","url_meta":{"origin":4107,"position":0},"title":"Arroz + pinh\u00e3o","author":"claudio","date":"25\/abr\/2011","format":false,"excerpt":"J\u00e1 \u00e9 \u00e9poca de pinh\u00e3o, ent\u00e3o eis uma sugest\u00e3o de um cl\u00e1ssico da serra, f\u00e1cil como juntar uma coisa b\u00e1sica com outra! Ingredientes (para 2 pessoas): - cebola e alho picadinhos - bom punhado de pinh\u00e3o cozido e alecrim - 1 x\u00edcara de arroz - 1 litro de caldo de\u2026","rel":"","context":"Em &quot;'Baixa' Gastronomia&quot;","block_context":{"text":"'Baixa' Gastronomia","link":"https:\/\/yuri.com.br\/claudio\/category\/baixa-gastronomia\/"},"img":{"alt_text":"","src":"https:\/\/i0.wp.com\/farm6.static.flickr.com\/5063\/5651316145_f9f228c33d_z.jpg?resize=350%2C200","width":350,"height":200,"srcset":"https:\/\/i0.wp.com\/farm6.static.flickr.com\/5063\/5651316145_f9f228c33d_z.jpg?resize=350%2C200 1x, https:\/\/i0.wp.com\/farm6.static.flickr.com\/5063\/5651316145_f9f228c33d_z.jpg?resize=525%2C300 1.5x"},"classes":[]},{"id":7837,"url":"https:\/\/yuri.com.br\/claudio\/2014\/06\/23\/em-busca-do-pf-perfeito\/","url_meta":{"origin":4107,"position":1},"title":"Em busca do PF perfeito","author":"Cl\u00e1udio Brisighello","date":"23\/jun\/2014","format":false,"excerpt":"\"Prato Feito\" pra mim \u00e9 sin\u00f4nimo de refei\u00e7\u00e3o completa, de barriga feliz e satisfeita. S\u00edmbolo da culin\u00e1ria brasileira popular, perdeu um pouco de for\u00e7a perante \u00e0 prolifera\u00e7\u00e3o dos restaurantes \"por quilo\", mas minhas lembran\u00e7as mais satisfeitas dos meus idos tempos de trabalhador brasileiro s\u00e3o, sem d\u00favidas, os almo\u00e7os a la\u2026","rel":"","context":"Em &quot;'Baixa' Gastronomia&quot;","block_context":{"text":"'Baixa' Gastronomia","link":"https:\/\/yuri.com.br\/claudio\/category\/baixa-gastronomia\/"},"img":{"alt_text":"","src":"https:\/\/i0.wp.com\/yuri.com.br\/claudio\/wp-content\/uploads\/2014\/06\/PF_thumb.jpg?resize=350%2C200&ssl=1","width":350,"height":200},"classes":[]},{"id":6487,"url":"https:\/\/yuri.com.br\/claudio\/2014\/01\/13\/refresque-se\/","url_meta":{"origin":4107,"position":2},"title":"Refresque-se","author":"claudio","date":"13\/jan\/2014","format":false,"excerpt":"Pelo visto o calor deve continuar firme e forte, ent\u00e3o desejo a todos uma refrescante semana! Como essa caipirinha de abacaxi: 3 rodelas picadas em cubos, 1 colher rasa de a\u00e7\u00facar, sementes de uns 4 cardamomos maceradas, folhas de hortel\u00e3 e um galhinho de menta para decorar. E claro, muito\u2026","rel":"","context":"Em &quot;'Baixa' Gastronomia&quot;","block_context":{"text":"'Baixa' Gastronomia","link":"https:\/\/yuri.com.br\/claudio\/category\/baixa-gastronomia\/"},"img":{"alt_text":"","src":"","width":0,"height":0},"classes":[]},{"id":5149,"url":"https:\/\/yuri.com.br\/claudio\/2013\/06\/13\/risottos\/","url_meta":{"origin":4107,"position":3},"title":"Risottos","author":"claudio","date":"13\/jun\/2013","format":false,"excerpt":"Amo um risotinho. A execu\u00e7\u00e3o \u00e9 pr\u00e1tica e se encaixa perfeitamente naquele esquema \"comfort food\", o que tiver na geladeira ou despensa pode muito bem incrementar um belo arroz. Al\u00e9m de ser bom para servir v\u00e1rias pessoas sem a complica\u00e7\u00e3o de montar pratos cheios de componentes: o resultado fica todo\u2026","rel":"","context":"Em &quot;'Baixa' Gastronomia&quot;","block_context":{"text":"'Baixa' Gastronomia","link":"https:\/\/yuri.com.br\/claudio\/category\/baixa-gastronomia\/"},"img":{"alt_text":"","src":"https:\/\/i0.wp.com\/yuri.com.br\/claudio\/wp-content\/uploads\/2013\/05\/risotochampignon.jpg?resize=350%2C200&ssl=1","width":350,"height":200,"srcset":"https:\/\/i0.wp.com\/yuri.com.br\/claudio\/wp-content\/uploads\/2013\/05\/risotochampignon.jpg?resize=350%2C200&ssl=1 1x, https:\/\/i0.wp.com\/yuri.com.br\/claudio\/wp-content\/uploads\/2013\/05\/risotochampignon.jpg?resize=525%2C300&ssl=1 1.5x, https:\/\/i0.wp.com\/yuri.com.br\/claudio\/wp-content\/uploads\/2013\/05\/risotochampignon.jpg?resize=700%2C400&ssl=1 2x"},"classes":[]},{"id":4166,"url":"https:\/\/yuri.com.br\/claudio\/2012\/10\/29\/um-toque-de-frescor-organico\/","url_meta":{"origin":4107,"position":4},"title":"Um toque de frescor (org\u00e2nico)","author":"claudio","date":"29\/out\/2012","format":false,"excerpt":"Com as \u00e9pocas quentes vem os pratos frios. E a horta, que andou largada durante a temporada de escalada, volta a ganhar vida e a render prazeres impag\u00e1veis. Olha a\u00ed os tomates pera e cereja: um galhinho rec\u00e9m colhido desses, levemente refogado e temperado, embeleza qualquer prato! Al\u00e9m dos tomatinhos,\u2026","rel":"","context":"Em &quot;'Baixa' Gastronomia&quot;","block_context":{"text":"'Baixa' Gastronomia","link":"https:\/\/yuri.com.br\/claudio\/category\/baixa-gastronomia\/"},"img":{"alt_text":"","src":"https:\/\/i0.wp.com\/yuri.com.br\/claudio\/wp-content\/uploads\/2012\/10\/tomatescerejaoutubro2012.jpg?resize=350%2C200&ssl=1","width":350,"height":200,"srcset":"https:\/\/i0.wp.com\/yuri.com.br\/claudio\/wp-content\/uploads\/2012\/10\/tomatescerejaoutubro2012.jpg?resize=350%2C200&ssl=1 1x, https:\/\/i0.wp.com\/yuri.com.br\/claudio\/wp-content\/uploads\/2012\/10\/tomatescerejaoutubro2012.jpg?resize=525%2C300&ssl=1 1.5x, https:\/\/i0.wp.com\/yuri.com.br\/claudio\/wp-content\/uploads\/2012\/10\/tomatescerejaoutubro2012.jpg?resize=700%2C400&ssl=1 2x"},"classes":[]},{"id":6470,"url":"https:\/\/yuri.com.br\/claudio\/2014\/01\/20\/macarrao-com-shitake\/","url_meta":{"origin":4107,"position":5},"title":"Macarr\u00e3o com shitake","author":"claudio","date":"20\/jan\/2014","format":false,"excerpt":"Fazendo jus \u00e0s minhas origens \u00edtalo-nip\u00f4nicas, aqui vai um sushi \u00e0 bolonhesa macarr\u00e3o com shitake e molho de miss\u00f4. Cogumelo e pasta de soja, duas excelentes fontes de prote\u00edna. Se em outra reencarna\u00e7\u00e3o (nunca nesta vida) eu for vegetariano, comeria essas del\u00edcias carnudas todo santo dia... Receita (2 por\u00e7\u00f5es) Prepare\u2026","rel":"","context":"Em &quot;'Baixa' Gastronomia&quot;","block_context":{"text":"'Baixa' Gastronomia","link":"https:\/\/yuri.com.br\/claudio\/category\/baixa-gastronomia\/"},"img":{"alt_text":"","src":"https:\/\/i0.wp.com\/yuri.com.br\/claudio\/wp-content\/uploads\/2014\/01\/macarraoshitake.jpg?resize=350%2C200&ssl=1","width":350,"height":200,"srcset":"https:\/\/i0.wp.com\/yuri.com.br\/claudio\/wp-content\/uploads\/2014\/01\/macarraoshitake.jpg?resize=350%2C200&ssl=1 1x, https:\/\/i0.wp.com\/yuri.com.br\/claudio\/wp-content\/uploads\/2014\/01\/macarraoshitake.jpg?resize=525%2C300&ssl=1 1.5x, https:\/\/i0.wp.com\/yuri.com.br\/claudio\/wp-content\/uploads\/2014\/01\/macarraoshitake.jpg?resize=700%2C400&ssl=1 2x"},"classes":[]}],"_links":{"self":[{"href":"https:\/\/yuri.com.br\/claudio\/wp-json\/wp\/v2\/posts\/4107","targetHints":{"allow":["GET"]}}],"collection":[{"href":"https:\/\/yuri.com.br\/claudio\/wp-json\/wp\/v2\/posts"}],"about":[{"href":"https:\/\/yuri.com.br\/claudio\/wp-json\/wp\/v2\/types\/post"}],"author":[{"embeddable":true,"href":"https:\/\/yuri.com.br\/claudio\/wp-json\/wp\/v2\/users\/2"}],"replies":[{"embeddable":true,"href":"https:\/\/yuri.com.br\/claudio\/wp-json\/wp\/v2\/comments?post=4107"}],"version-history":[{"count":4,"href":"https:\/\/yuri.com.br\/claudio\/wp-json\/wp\/v2\/posts\/4107\/revisions"}],"predecessor-version":[{"id":10070,"href":"https:\/\/yuri.com.br\/claudio\/wp-json\/wp\/v2\/posts\/4107\/revisions\/10070"}],"wp:featuredmedia":[{"embeddable":true,"href":"https:\/\/yuri.com.br\/claudio\/wp-json\/wp\/v2\/media\/4108"}],"wp:attachment":[{"href":"https:\/\/yuri.com.br\/claudio\/wp-json\/wp\/v2\/media?parent=4107"}],"wp:term":[{"taxonomy":"category","embeddable":true,"href":"https:\/\/yuri.com.br\/claudio\/wp-json\/wp\/v2\/categories?post=4107"},{"taxonomy":"post_tag","embeddable":true,"href":"https:\/\/yuri.com.br\/claudio\/wp-json\/wp\/v2\/tags?post=4107"}],"curies":[{"name":"wp","href":"https:\/\/api.w.org\/{rel}","templated":true}]}}