{"id":4086,"date":"2012-10-02T12:01:40","date_gmt":"2012-10-02T12:01:40","guid":{"rendered":"http:\/\/claudiobr.wordpress.com\/?p=4086"},"modified":"2012-10-02T12:01:40","modified_gmt":"2012-10-02T12:01:40","slug":"the-show-must-go-on","status":"publish","type":"post","link":"https:\/\/yuri.com.br\/claudio\/2012\/10\/02\/the-show-must-go-on\/","title":{"rendered":"The show must go on&#8230;"},"content":{"rendered":"<p>E as novidades no Aranha n\u00e3o param&#8230; o &#8220;card\u00e1pio&#8221; do setor est\u00e1 cada vez mais completo! Ap\u00f3s alguns bons dias de empreitada nas \u00faltimas semanas, temos agora no &#8220;menu&#8221; um bloc\u00e3o de 45 graus, al\u00e9m de uma proa de compress\u00e3o perfeita. Recomendo!! Abaixo, Marcelo Balestero na sequ\u00eancia cruzada\/drop-knee do &#8220;Mandar ou Morrer&#8221;:<\/p>\n<p><img loading=\"lazy\" decoding=\"async\" data-attachment-id=\"4087\" data-permalink=\"https:\/\/yuri.com.br\/claudio\/2012\/10\/02\/the-show-must-go-on\/aranha_mandaroumorrer_babaleia\/\" data-orig-file=\"https:\/\/yuri.com.br\/claudio\/wp-content\/uploads\/2012\/10\/aranha_mandaroumorrer_babaleia.jpg\" data-orig-size=\"700,194\" data-comments-opened=\"1\" data-image-meta=\"{&quot;aperture&quot;:&quot;4&quot;,&quot;credit&quot;:&quot;Claudio Brisighello&quot;,&quot;camera&quot;:&quot;Canon EOS 7D&quot;,&quot;caption&quot;:&quot;&quot;,&quot;created_timestamp&quot;:&quot;1348937953&quot;,&quot;copyright&quot;:&quot;&quot;,&quot;focal_length&quot;:&quot;10&quot;,&quot;iso&quot;:&quot;2000&quot;,&quot;shutter_speed&quot;:&quot;0.004&quot;,&quot;title&quot;:&quot;&quot;}\" data-image-title=\"Marcelo Balestero @ Mandar ou Morrer\" data-image-description=\"\" data-image-caption=\"\" data-medium-file=\"https:\/\/yuri.com.br\/claudio\/wp-content\/uploads\/2012\/10\/aranha_mandaroumorrer_babaleia-300x83.jpg\" data-large-file=\"https:\/\/yuri.com.br\/claudio\/wp-content\/uploads\/2012\/10\/aranha_mandaroumorrer_babaleia.jpg\" class=\"aligncenter size-full wp-image-4087\" title=\"Marcelo Balestero @ Mandar ou Morrer\" src=\"http:\/\/yuri.com.br\/claudio\/wp-content\/uploads\/2012\/10\/aranha_mandaroumorrer_babaleia.jpg\" alt=\"\" width=\"700\" height=\"194\" srcset=\"https:\/\/yuri.com.br\/claudio\/wp-content\/uploads\/2012\/10\/aranha_mandaroumorrer_babaleia.jpg 700w, https:\/\/yuri.com.br\/claudio\/wp-content\/uploads\/2012\/10\/aranha_mandaroumorrer_babaleia-300x83.jpg 300w, https:\/\/yuri.com.br\/claudio\/wp-content\/uploads\/2012\/10\/aranha_mandaroumorrer_babaleia-210x58.jpg 210w\" sizes=\"auto, (max-width: 700px) 100vw, 700px\" \/><\/p>\n<p>E aqui a Yuri nas agarras virtuais do j\u00e1 cl\u00e1ssico &#8220;Moby Dick&#8221;. O grau? 6 estrelas :D<\/p>\n<p><a href=\"http:\/\/www.flickr.com\/photos\/cbrisighello\/8041955240\/in\/photostream\/lightbox\/\" target=\"_blank\"><img loading=\"lazy\" decoding=\"async\" data-attachment-id=\"4088\" data-permalink=\"https:\/\/yuri.com.br\/claudio\/2012\/10\/02\/the-show-must-go-on\/aranha_mobydick_yuri\/\" data-orig-file=\"https:\/\/yuri.com.br\/claudio\/wp-content\/uploads\/2012\/10\/aranha_mobydick_yuri.jpg\" data-orig-size=\"700,414\" data-comments-opened=\"1\" data-image-meta=\"{&quot;aperture&quot;:&quot;4&quot;,&quot;credit&quot;:&quot;Claudio Brisighello&quot;,&quot;camera&quot;:&quot;Canon EOS 7D&quot;,&quot;caption&quot;:&quot;&quot;,&quot;created_timestamp&quot;:&quot;1348935466&quot;,&quot;copyright&quot;:&quot;&quot;,&quot;focal_length&quot;:&quot;10&quot;,&quot;iso&quot;:&quot;1000&quot;,&quot;shutter_speed&quot;:&quot;0.005&quot;,&quot;title&quot;:&quot;&quot;}\" data-image-title=\"Yuri @ Moby Dick\" data-image-description=\"\" data-image-caption=\"\" data-medium-file=\"https:\/\/yuri.com.br\/claudio\/wp-content\/uploads\/2012\/10\/aranha_mobydick_yuri-300x177.jpg\" data-large-file=\"https:\/\/yuri.com.br\/claudio\/wp-content\/uploads\/2012\/10\/aranha_mobydick_yuri.jpg\" class=\"aligncenter size-full wp-image-4088\" title=\"Yuri @ Moby Dick\" src=\"http:\/\/yuri.com.br\/claudio\/wp-content\/uploads\/2012\/10\/aranha_mobydick_yuri.jpg\" alt=\"\" width=\"700\" height=\"414\" srcset=\"https:\/\/yuri.com.br\/claudio\/wp-content\/uploads\/2012\/10\/aranha_mobydick_yuri.jpg 700w, https:\/\/yuri.com.br\/claudio\/wp-content\/uploads\/2012\/10\/aranha_mobydick_yuri-300x177.jpg 300w, https:\/\/yuri.com.br\/claudio\/wp-content\/uploads\/2012\/10\/aranha_mobydick_yuri-210x124.jpg 210w\" sizes=\"auto, (max-width: 700px) 100vw, 700px\" \/><\/a><\/p>\n<p>Este subsetor (que vem sendo referido como &#8220;jardim japon\u00eas&#8221;) fica acima do anfiteatro do <a href=\"http:\/\/www.facebook.com\/photo.php?fbid=416932011691902&amp;set=pb.173919209326518.-2207520000.1349184786&amp;type=1&amp;theater\" target=\"_blank\">Diamante Negro<\/a> e o acesso mais f\u00e1cil \u00e9 atrav\u00e9s da subida para a fal\u00e9sia. Informe-se com a comunidade local e boas escaladas!<\/p>\n","protected":false},"excerpt":{"rendered":"<p>E as novidades no Aranha n\u00e3o param&#8230; o &#8220;card\u00e1pio&#8221; do setor est\u00e1 cada vez mais completo! Ap\u00f3s alguns bons dias de empreitada nas \u00faltimas semanas, temos agora no &#8220;menu&#8221; um bloc\u00e3o de 45 graus, al\u00e9m de uma proa de compress\u00e3o perfeita. Recomendo!! Abaixo, Marcelo Balestero na sequ\u00eancia cruzada\/drop-knee do &#8220;Mandar ou Morrer&#8221;: E aqui a&hellip;&nbsp;<a href=\"https:\/\/yuri.com.br\/claudio\/2012\/10\/02\/the-show-must-go-on\/\" rel=\"bookmark\">Continue a ler &raquo;<span class=\"screen-reader-text\">The show must go on&#8230;<\/span><\/a><\/p>\n","protected":false},"author":2,"featured_media":4087,"comment_status":"open","ping_status":"open","sticky":false,"template":"","format":"standard","meta":{"neve_meta_sidebar":"","neve_meta_container":"","neve_meta_enable_content_width":"","neve_meta_content_width":0,"neve_meta_title_alignment":"","neve_meta_author_avatar":"","neve_post_elements_order":"","neve_meta_disable_header":"","neve_meta_disable_footer":"","neve_meta_disable_title":"","jetpack_post_was_ever_published":false,"_jetpack_newsletter_access":"","_jetpack_dont_email_post_to_subs":false,"_jetpack_newsletter_tier_id":0,"_jetpack_memberships_contains_paywalled_content":false,"_jetpack_memberships_contains_paid_content":false,"footnotes":"","jetpack_publicize_message":"","jetpack_publicize_feature_enabled":true,"jetpack_social_post_already_shared":false,"jetpack_social_options":{"image_generator_settings":{"template":"highway","default_image_id":0,"font":"","enabled":false},"version":2}},"categories":[3],"tags":[],"class_list":["post-4086","post","type-post","status-publish","format-standard","has-post-thumbnail","hentry","category-escalada"],"jetpack_publicize_connections":[],"jetpack_featured_media_url":"https:\/\/yuri.com.br\/claudio\/wp-content\/uploads\/2012\/10\/aranha_mandaroumorrer_babaleia.jpg","jetpack_shortlink":"https:\/\/wp.me\/p4i7cB-13U","jetpack_sharing_enabled":true,"jetpack-related-posts":[{"id":5726,"url":"https:\/\/yuri.com.br\/claudio\/2013\/09\/05\/jardim-japones-aranha\/","url_meta":{"origin":4086,"position":0},"title":"Jardim Japon\u00eas @ Aranha","author":"claudio","date":"5\/set\/2013","format":false,"excerpt":"A temporada j\u00e1 vem dando sinais de quentura e chuva, mas deu tempo de voltar ao Aranha esses dias para uma session descontra\u00edda. Os \u00faltimos trampos foram no sub-setor entitulado \"Jardim Japon\u00eas\", no caminho para a fal\u00e9sia, e foi pra l\u00e1 que fomos matar a saudade. Abrimos o Story of\u2026","rel":"","context":"Em &quot;Escalada&quot;","block_context":{"text":"Escalada","link":"https:\/\/yuri.com.br\/claudio\/category\/escalada\/"},"img":{"alt_text":"","src":"https:\/\/i0.wp.com\/yuri.com.br\/claudio\/wp-content\/uploads\/2013\/09\/aranha_mobytrick_lello_web.jpg?resize=350%2C200&ssl=1","width":350,"height":200,"srcset":"https:\/\/i0.wp.com\/yuri.com.br\/claudio\/wp-content\/uploads\/2013\/09\/aranha_mobytrick_lello_web.jpg?resize=350%2C200&ssl=1 1x, https:\/\/i0.wp.com\/yuri.com.br\/claudio\/wp-content\/uploads\/2013\/09\/aranha_mobytrick_lello_web.jpg?resize=525%2C300&ssl=1 1.5x, https:\/\/i0.wp.com\/yuri.com.br\/claudio\/wp-content\/uploads\/2013\/09\/aranha_mobytrick_lello_web.jpg?resize=700%2C400&ssl=1 2x, https:\/\/i0.wp.com\/yuri.com.br\/claudio\/wp-content\/uploads\/2013\/09\/aranha_mobytrick_lello_web.jpg?resize=1050%2C600&ssl=1 3x"},"classes":[]},{"id":4133,"url":"https:\/\/yuri.com.br\/claudio\/2012\/10\/23\/lingua-santa\/","url_meta":{"origin":4086,"position":1},"title":"L\u00edngua Santa @ Akira","author":"claudio","date":"23\/out\/2012","format":false,"excerpt":"Me amarro em V8s caros. At\u00e9 ent\u00e3o minha refer\u00eancia era o Ur\u00e9ia em UBT, agora esse aqui subiu um pouco a barra: duro, t\u00e9cnico e altamente recomendado! Na foto, Marcelo Balestero no deadpoint\/drop-knee\u00a0 do crux. Tava t\u00e3o quente que dava pra fritar um ovo no crashpad. E d\u00e1-lhe chuva no\u2026","rel":"","context":"Em &quot;Escalada&quot;","block_context":{"text":"Escalada","link":"https:\/\/yuri.com.br\/claudio\/category\/escalada\/"},"img":{"alt_text":"","src":"https:\/\/i0.wp.com\/yuri.com.br\/claudio\/wp-content\/uploads\/2012\/10\/akira_linguasanta_babaleia_s.jpg?resize=350%2C200&ssl=1","width":350,"height":200,"srcset":"https:\/\/i0.wp.com\/yuri.com.br\/claudio\/wp-content\/uploads\/2012\/10\/akira_linguasanta_babaleia_s.jpg?resize=350%2C200&ssl=1 1x, https:\/\/i0.wp.com\/yuri.com.br\/claudio\/wp-content\/uploads\/2012\/10\/akira_linguasanta_babaleia_s.jpg?resize=525%2C300&ssl=1 1.5x, https:\/\/i0.wp.com\/yuri.com.br\/claudio\/wp-content\/uploads\/2012\/10\/akira_linguasanta_babaleia_s.jpg?resize=700%2C400&ssl=1 2x"},"classes":[]},{"id":4868,"url":"https:\/\/yuri.com.br\/claudio\/2013\/04\/22\/rubinho\/","url_meta":{"origin":4086,"position":2},"title":"Rubinho?","author":"claudio","date":"22\/abr\/2013","format":false,"excerpt":"*Atualiza\u00e7\u00e3o: esta linha foi batizada em homenagem ao grande escalador e pessoa F\u00e1bio Muniz, que faleceu este ano em (mais) um acidente de bicicleta no RJ. Desde ent\u00e3o vinha procurando uma linha nova que merecesse a refer\u00eancia, essa da\u00ed possui movimenta\u00e7\u00e3o bem t\u00e9cnica, aqueles drop-knees caracter\u00edsticos dele... e um final\u2026","rel":"","context":"Em &quot;Escalada&quot;","block_context":{"text":"Escalada","link":"https:\/\/yuri.com.br\/claudio\/category\/escalada\/"},"img":{"alt_text":"","src":"https:\/\/i0.wp.com\/yuri.com.br\/claudio\/wp-content\/uploads\/2013\/04\/rubinho_babaleia_blocosuper.jpg?resize=350%2C200&ssl=1","width":350,"height":200,"srcset":"https:\/\/i0.wp.com\/yuri.com.br\/claudio\/wp-content\/uploads\/2013\/04\/rubinho_babaleia_blocosuper.jpg?resize=350%2C200&ssl=1 1x, https:\/\/i0.wp.com\/yuri.com.br\/claudio\/wp-content\/uploads\/2013\/04\/rubinho_babaleia_blocosuper.jpg?resize=525%2C300&ssl=1 1.5x, https:\/\/i0.wp.com\/yuri.com.br\/claudio\/wp-content\/uploads\/2013\/04\/rubinho_babaleia_blocosuper.jpg?resize=700%2C400&ssl=1 2x"},"classes":[]},{"id":8228,"url":"https:\/\/yuri.com.br\/claudio\/2014\/09\/03\/enquanto-isso-no-cruzeiro\/","url_meta":{"origin":4086,"position":3},"title":"Enquanto isso no Cruzeiro&#8230;","author":"Cl\u00e1udio Brisighello","date":"3\/set\/2014","format":false,"excerpt":"Thais Makino experimenta o rec\u00e9m-sa\u00eddo do forno Quati Vai Te Catar (QUATIVAITICAT\u00c1!), prov\u00e1vel V7 no setor superior do Cruzeiro. L\u00e1 pra cima tem muito trabalho pela frente! Estava bem escuro para fotos, tive que abusar no p\u00f3s-processamento... Este bloco de 45 graus, ao lado do j\u00e1 bastante conhecido Tutubar\u00e3o (V4\u2026","rel":"","context":"Em &quot;Escalada&quot;","block_context":{"text":"Escalada","link":"https:\/\/yuri.com.br\/claudio\/category\/escalada\/"},"img":{"alt_text":"","src":"https:\/\/i0.wp.com\/yuri.com.br\/claudio\/wp-content\/uploads\/2014\/09\/Cruzeiro_Borre_FaberCastell.jpg?resize=350%2C200&ssl=1","width":350,"height":200,"srcset":"https:\/\/i0.wp.com\/yuri.com.br\/claudio\/wp-content\/uploads\/2014\/09\/Cruzeiro_Borre_FaberCastell.jpg?resize=350%2C200&ssl=1 1x, https:\/\/i0.wp.com\/yuri.com.br\/claudio\/wp-content\/uploads\/2014\/09\/Cruzeiro_Borre_FaberCastell.jpg?resize=525%2C300&ssl=1 1.5x, https:\/\/i0.wp.com\/yuri.com.br\/claudio\/wp-content\/uploads\/2014\/09\/Cruzeiro_Borre_FaberCastell.jpg?resize=700%2C400&ssl=1 2x, https:\/\/i0.wp.com\/yuri.com.br\/claudio\/wp-content\/uploads\/2014\/09\/Cruzeiro_Borre_FaberCastell.jpg?resize=1050%2C600&ssl=1 3x"},"classes":[]},{"id":2263,"url":"https:\/\/yuri.com.br\/claudio\/2010\/06\/21\/life-goes-on\/","url_meta":{"origin":4086,"position":4},"title":"Life goes on&#8230;","author":"claudio","date":"21\/jun\/2010","format":false,"excerpt":"Nesse fim de semana, matei a saudade dos meus dedos esfolados e de brothers \"nikitianos\". Fazia tanto tempo que n\u00e3o escalava em rocha assim, ent\u00e3o vou relatar nesse pseudo-di\u00e1rio: Na Urca rolou um circuito sadomasoquista de boulders com o Ant\u00f4nio S\u00e9rgio. Condi\u00e7\u00f5es perfeitas, lindo s\u00e1bado! Um boulder bacana que provamos\u2026","rel":"","context":"Em &quot;Escalada&quot;","block_context":{"text":"Escalada","link":"https:\/\/yuri.com.br\/claudio\/category\/escalada\/"},"img":{"alt_text":"","src":"https:\/\/i0.wp.com\/yuri.com.br\/claudio\/wp-content\/uploads\/2010\/06\/caio.jpg?resize=350%2C200&ssl=1","width":350,"height":200,"srcset":"https:\/\/i0.wp.com\/yuri.com.br\/claudio\/wp-content\/uploads\/2010\/06\/caio.jpg?resize=350%2C200&ssl=1 1x, https:\/\/i0.wp.com\/yuri.com.br\/claudio\/wp-content\/uploads\/2010\/06\/caio.jpg?resize=525%2C300&ssl=1 1.5x"},"classes":[]},{"id":7814,"url":"https:\/\/yuri.com.br\/claudio\/2014\/06\/16\/aranha-days\/","url_meta":{"origin":4086,"position":5},"title":"Aranha days","author":"Cl\u00e1udio Brisighello","date":"16\/jun\/2014","format":false,"excerpt":"Um pouco das \u00faltimas sessions no Aranha... Yuri triturando os dedos no \"Triturados\" Lello no projeto \"Bleau\" e o dom\u00ednio n\u00e3o solucionado Babaleia fazendo compress\u00e3o \u00e0s cegas em seu novo \"Flipper\" A volta no fim de tarde por l\u00e1 sempre nos recompensa com esse visual Boa semana a todos!","rel":"","context":"Em &quot;Escalada&quot;","block_context":{"text":"Escalada","link":"https:\/\/yuri.com.br\/claudio\/category\/escalada\/"},"img":{"alt_text":"","src":"https:\/\/i0.wp.com\/yuri.com.br\/claudio\/wp-content\/uploads\/2014\/06\/Aranha_Lello_BLEAUPROJECT.jpg?resize=350%2C200&ssl=1","width":350,"height":200,"srcset":"https:\/\/i0.wp.com\/yuri.com.br\/claudio\/wp-content\/uploads\/2014\/06\/Aranha_Lello_BLEAUPROJECT.jpg?resize=350%2C200&ssl=1 1x, https:\/\/i0.wp.com\/yuri.com.br\/claudio\/wp-content\/uploads\/2014\/06\/Aranha_Lello_BLEAUPROJECT.jpg?resize=525%2C300&ssl=1 1.5x, https:\/\/i0.wp.com\/yuri.com.br\/claudio\/wp-content\/uploads\/2014\/06\/Aranha_Lello_BLEAUPROJECT.jpg?resize=700%2C400&ssl=1 2x, https:\/\/i0.wp.com\/yuri.com.br\/claudio\/wp-content\/uploads\/2014\/06\/Aranha_Lello_BLEAUPROJECT.jpg?resize=1050%2C600&ssl=1 3x"},"classes":[]}],"_links":{"self":[{"href":"https:\/\/yuri.com.br\/claudio\/wp-json\/wp\/v2\/posts\/4086","targetHints":{"allow":["GET"]}}],"collection":[{"href":"https:\/\/yuri.com.br\/claudio\/wp-json\/wp\/v2\/posts"}],"about":[{"href":"https:\/\/yuri.com.br\/claudio\/wp-json\/wp\/v2\/types\/post"}],"author":[{"embeddable":true,"href":"https:\/\/yuri.com.br\/claudio\/wp-json\/wp\/v2\/users\/2"}],"replies":[{"embeddable":true,"href":"https:\/\/yuri.com.br\/claudio\/wp-json\/wp\/v2\/comments?post=4086"}],"version-history":[{"count":0,"href":"https:\/\/yuri.com.br\/claudio\/wp-json\/wp\/v2\/posts\/4086\/revisions"}],"wp:featuredmedia":[{"embeddable":true,"href":"https:\/\/yuri.com.br\/claudio\/wp-json\/wp\/v2\/media\/4087"}],"wp:attachment":[{"href":"https:\/\/yuri.com.br\/claudio\/wp-json\/wp\/v2\/media?parent=4086"}],"wp:term":[{"taxonomy":"category","embeddable":true,"href":"https:\/\/yuri.com.br\/claudio\/wp-json\/wp\/v2\/categories?post=4086"},{"taxonomy":"post_tag","embeddable":true,"href":"https:\/\/yuri.com.br\/claudio\/wp-json\/wp\/v2\/tags?post=4086"}],"curies":[{"name":"wp","href":"https:\/\/api.w.org\/{rel}","templated":true}]}}