{"id":4071,"date":"2012-09-19T22:44:21","date_gmt":"2012-09-19T22:44:21","guid":{"rendered":"http:\/\/claudiobr.wordpress.com\/?p=4071"},"modified":"2012-09-19T22:44:21","modified_gmt":"2012-09-19T22:44:21","slug":"ubt-session","status":"publish","type":"post","link":"https:\/\/yuri.com.br\/claudio\/2012\/09\/19\/ubt-session\/","title":{"rendered":"UBT session"},"content":{"rendered":"<p>Depois de muito tempo sem viajar para escalar, por fim uma rock-trip! Apesar do calorz\u00e3o que anda fazendo esses dias, \u00e9 sempre bom estar nesse point t\u00e3o desenvolvido e com uma incr\u00edvel concentra\u00e7\u00e3o de op\u00e7\u00f5es por metro quadrado. Tamb\u00e9m foi bom poder me testar e perceber que S\u00e3o Bento tem sido uma grande escola para minha escalada. Pend\u00eancias antigas se foram, novas se criaram e assim vamos tocando esse intermin\u00e1vel ciclo&#8230;<\/p>\n<p><a href=\"http:\/\/www.flickr.com\/photos\/cbrisighello\/8004203233\/in\/photostream\/lightbox\/\"><img loading=\"lazy\" decoding=\"async\" data-attachment-id=\"4072\" data-permalink=\"https:\/\/yuri.com.br\/claudio\/2012\/09\/19\/ubt-session\/ubt_paisagem2012set\/\" data-orig-file=\"https:\/\/yuri.com.br\/claudio\/wp-content\/uploads\/2012\/09\/ubt_paisagem2012set.jpg\" data-orig-size=\"467,700\" data-comments-opened=\"1\" data-image-meta=\"{&quot;aperture&quot;:&quot;6.3&quot;,&quot;credit&quot;:&quot;Claudio Brisighello&quot;,&quot;camera&quot;:&quot;Canon EOS 7D&quot;,&quot;caption&quot;:&quot;&quot;,&quot;created_timestamp&quot;:&quot;1347985771&quot;,&quot;copyright&quot;:&quot;&quot;,&quot;focal_length&quot;:&quot;10&quot;,&quot;iso&quot;:&quot;160&quot;,&quot;shutter_speed&quot;:&quot;0.004&quot;,&quot;title&quot;:&quot;&quot;}\" data-image-title=\"UBT_set_2012\" data-image-description=\"\" data-image-caption=\"\" data-medium-file=\"https:\/\/yuri.com.br\/claudio\/wp-content\/uploads\/2012\/09\/ubt_paisagem2012set-200x300.jpg\" data-large-file=\"https:\/\/yuri.com.br\/claudio\/wp-content\/uploads\/2012\/09\/ubt_paisagem2012set.jpg\" class=\"aligncenter  wp-image-4072\" title=\"UBT_set_2012\" alt=\"\" src=\"http:\/\/yuri.com.br\/claudio\/wp-content\/uploads\/2012\/09\/ubt_paisagem2012set.jpg\" height=\"608\" width=\"405\" srcset=\"https:\/\/yuri.com.br\/claudio\/wp-content\/uploads\/2012\/09\/ubt_paisagem2012set.jpg 467w, https:\/\/yuri.com.br\/claudio\/wp-content\/uploads\/2012\/09\/ubt_paisagem2012set-200x300.jpg 200w, https:\/\/yuri.com.br\/claudio\/wp-content\/uploads\/2012\/09\/ubt_paisagem2012set-210x314.jpg 210w\" sizes=\"auto, (max-width: 405px) 100vw, 405px\" \/><\/a><\/p>\n<p>Das poucas fotos que consegui, achei bonita essa linha que eu ainda n\u00e3o conhecia no bloco do pezinho. Dif\u00edcil \u00e9 escrever o nome da coisa &#8211; i\u00eai\u00eai\u00ea n\u00e1n\u00e1n\u00e1 &#8211; prov\u00e1vel V8, cujo crux segue abaixo, nas <del>m\u00e3os<\/del> dedos do Lello:<\/p>\n<p><a href=\"http:\/\/www.flickr.com\/photos\/cbrisighello\/8004201351\/in\/photostream\/lightbox\/\"><img loading=\"lazy\" decoding=\"async\" data-attachment-id=\"4075\" data-permalink=\"https:\/\/yuri.com.br\/claudio\/2012\/09\/19\/ubt-session\/ubt_lello_nanana1_small\/\" data-orig-file=\"https:\/\/yuri.com.br\/claudio\/wp-content\/uploads\/2012\/09\/ubt_lello_nanana1_small.jpg\" data-orig-size=\"700,467\" data-comments-opened=\"1\" data-image-meta=\"{&quot;aperture&quot;:&quot;4&quot;,&quot;credit&quot;:&quot;Claudio Brisighello&quot;,&quot;camera&quot;:&quot;Canon EOS 7D&quot;,&quot;caption&quot;:&quot;&quot;,&quot;created_timestamp&quot;:&quot;1347901352&quot;,&quot;copyright&quot;:&quot;&quot;,&quot;focal_length&quot;:&quot;10&quot;,&quot;iso&quot;:&quot;1250&quot;,&quot;shutter_speed&quot;:&quot;0.00625&quot;,&quot;title&quot;:&quot;&quot;}\" data-image-title=\"UBT_set_2012\" data-image-description=\"\" data-image-caption=\"\" data-medium-file=\"https:\/\/yuri.com.br\/claudio\/wp-content\/uploads\/2012\/09\/ubt_lello_nanana1_small-300x200.jpg\" data-large-file=\"https:\/\/yuri.com.br\/claudio\/wp-content\/uploads\/2012\/09\/ubt_lello_nanana1_small.jpg\" class=\"aligncenter size-full wp-image-4075\" title=\"UBT_set_2012\" alt=\"\" src=\"http:\/\/yuri.com.br\/claudio\/wp-content\/uploads\/2012\/09\/ubt_lello_nanana1_small.jpg\" height=\"467\" width=\"700\" srcset=\"https:\/\/yuri.com.br\/claudio\/wp-content\/uploads\/2012\/09\/ubt_lello_nanana1_small.jpg 700w, https:\/\/yuri.com.br\/claudio\/wp-content\/uploads\/2012\/09\/ubt_lello_nanana1_small-300x200.jpg 300w, https:\/\/yuri.com.br\/claudio\/wp-content\/uploads\/2012\/09\/ubt_lello_nanana1_small-210x140.jpg 210w\" sizes=\"auto, (max-width: 700px) 100vw, 700px\" \/><\/a><\/p>\n<p>Bons ventos (<strong>frescos<\/strong>!) a todos ;]<\/p>\n","protected":false},"excerpt":{"rendered":"<p>Depois de muito tempo sem viajar para escalar, por fim uma rock-trip! Apesar do calorz\u00e3o que anda fazendo esses dias, \u00e9 sempre bom estar nesse point t\u00e3o desenvolvido e com uma incr\u00edvel concentra\u00e7\u00e3o de op\u00e7\u00f5es por metro quadrado. Tamb\u00e9m foi bom poder me testar e perceber que S\u00e3o Bento tem sido uma grande escola para&hellip;&nbsp;<a href=\"https:\/\/yuri.com.br\/claudio\/2012\/09\/19\/ubt-session\/\" rel=\"bookmark\">Continue a ler &raquo;<span class=\"screen-reader-text\">UBT session<\/span><\/a><\/p>\n","protected":false},"author":2,"featured_media":4072,"comment_status":"open","ping_status":"open","sticky":false,"template":"","format":"standard","meta":{"neve_meta_sidebar":"","neve_meta_container":"","neve_meta_enable_content_width":"","neve_meta_content_width":0,"neve_meta_title_alignment":"","neve_meta_author_avatar":"","neve_post_elements_order":"","neve_meta_disable_header":"","neve_meta_disable_footer":"","neve_meta_disable_title":"","jetpack_post_was_ever_published":false,"_jetpack_newsletter_access":"","_jetpack_dont_email_post_to_subs":false,"_jetpack_newsletter_tier_id":0,"_jetpack_memberships_contains_paywalled_content":false,"_jetpack_memberships_contains_paid_content":false,"footnotes":"","jetpack_publicize_message":"","jetpack_publicize_feature_enabled":true,"jetpack_social_post_already_shared":false,"jetpack_social_options":{"image_generator_settings":{"template":"highway","default_image_id":0,"font":"","enabled":false},"version":2}},"categories":[3],"tags":[],"class_list":["post-4071","post","type-post","status-publish","format-standard","has-post-thumbnail","hentry","category-escalada"],"jetpack_publicize_connections":[],"jetpack_featured_media_url":"https:\/\/yuri.com.br\/claudio\/wp-content\/uploads\/2012\/09\/ubt_paisagem2012set.jpg","jetpack_shortlink":"https:\/\/wp.me\/p4i7cB-13F","jetpack_sharing_enabled":true,"jetpack-related-posts":[{"id":653,"url":"https:\/\/yuri.com.br\/claudio\/2009\/05\/05\/ubatuba-report\/","url_meta":{"origin":4071,"position":0},"title":"Ubatuba report","author":"claudio","date":"5\/maio\/2009","format":false,"excerpt":"Algumas imagens e impress\u00f5es anotadas neste \u00faltimo feriado no Pont\u00e3o da Fortaleza. - A metereologia de Ubachuva \u00e9 um pouco sens\u00edvel. Leve seus amuletos da sorte, pois pode estar caindo o mundo em um canto da praia, e na outra ponta estar tudo seco. Se molhar, n\u00e3o desanime pois os\u2026","rel":"","context":"Em &quot;Escalada&quot;","block_context":{"text":"Escalada","link":"https:\/\/yuri.com.br\/claudio\/category\/escalada\/"},"img":{"alt_text":"","src":"https:\/\/i0.wp.com\/farm4.static.flickr.com\/3553\/3498900983_59682bf04a.jpg?resize=350%2C200","width":350,"height":200},"classes":[]},{"id":531,"url":"https:\/\/yuri.com.br\/claudio\/2009\/03\/27\/mais-fotos-comentadas\/","url_meta":{"origin":4071,"position":1},"title":"Mais fotos comentadas","author":"claudio","date":"27\/mar\/2009","format":false,"excerpt":"Continuando com as fotos comentadas, ilustro abaixo mais 2 exemplos: (clique nas imagens para ampli\u00e1-las) Nesta foto o Cesinha est\u00e1 na 2a. de suas 3 entradas na via Coquetel de Energia, em um dia de *muita* chuva, ou seja, bem mais escuro do que j\u00e1 costuma ser no Campo Escola\u2026","rel":"","context":"Em &quot;Escalada&quot;","block_context":{"text":"Escalada","link":"https:\/\/yuri.com.br\/claudio\/category\/escalada\/"},"img":{"alt_text":"","src":"https:\/\/i0.wp.com\/farm4.static.flickr.com\/3004\/2797103658_64e24a0076_o.jpg?resize=350%2C200","width":350,"height":200},"classes":[]},{"id":7159,"url":"https:\/\/yuri.com.br\/claudio\/2014\/02\/03\/back-to-the-future\/","url_meta":{"origin":4071,"position":2},"title":"De volta para o &#8220;futuro&#8221;","author":"Cl\u00e1udio Brisighello","date":"3\/fev\/2014","format":false,"excerpt":"O fim de ano aqui vem sendo marcado por um per\u00edodo de menos escaladas e mais explora\u00e7\u00f5es ou preparativos. N\u00e3o sei se \u00e9 a idade avan\u00e7ando, mas n\u00e3o consigo mais escalar nesse clima de inferno ver\u00e3o, melhor tem sido treinar o \"condicionamento de guerra\" limpando blocos ou, como ouvi de\u2026","rel":"","context":"Em &quot;Escalada&quot;","block_context":{"text":"Escalada","link":"https:\/\/yuri.com.br\/claudio\/category\/escalada\/"},"img":{"alt_text":"","src":"","width":0,"height":0},"classes":[]},{"id":2263,"url":"https:\/\/yuri.com.br\/claudio\/2010\/06\/21\/life-goes-on\/","url_meta":{"origin":4071,"position":3},"title":"Life goes on&#8230;","author":"claudio","date":"21\/jun\/2010","format":false,"excerpt":"Nesse fim de semana, matei a saudade dos meus dedos esfolados e de brothers \"nikitianos\". Fazia tanto tempo que n\u00e3o escalava em rocha assim, ent\u00e3o vou relatar nesse pseudo-di\u00e1rio: Na Urca rolou um circuito sadomasoquista de boulders com o Ant\u00f4nio S\u00e9rgio. Condi\u00e7\u00f5es perfeitas, lindo s\u00e1bado! Um boulder bacana que provamos\u2026","rel":"","context":"Em &quot;Escalada&quot;","block_context":{"text":"Escalada","link":"https:\/\/yuri.com.br\/claudio\/category\/escalada\/"},"img":{"alt_text":"","src":"https:\/\/i0.wp.com\/yuri.com.br\/claudio\/wp-content\/uploads\/2010\/06\/caio.jpg?resize=350%2C200&ssl=1","width":350,"height":200,"srcset":"https:\/\/i0.wp.com\/yuri.com.br\/claudio\/wp-content\/uploads\/2010\/06\/caio.jpg?resize=350%2C200&ssl=1 1x, https:\/\/i0.wp.com\/yuri.com.br\/claudio\/wp-content\/uploads\/2010\/06\/caio.jpg?resize=525%2C300&ssl=1 1.5x"},"classes":[]},{"id":3683,"url":"https:\/\/yuri.com.br\/claudio\/2012\/05\/21\/arte-pela-arte\/","url_meta":{"origin":4071,"position":4},"title":"Arte pela arte","author":"claudio","date":"21\/maio\/2012","format":false,"excerpt":"No s\u00e1bado tive a oportunidade de filmar a Tum Aguiar em uma linda demonstra\u00e7\u00e3o neste lugar incr\u00edvel. A escalada pode ser uma arte, mas isso sim \u00e9 usar o corpo para pintar um quadro. V14 highball sem tremer, nem fazer careta!","rel":"","context":"Em &quot;Outros&quot;","block_context":{"text":"Outros","link":"https:\/\/yuri.com.br\/claudio\/category\/outros\/"},"img":{"alt_text":"","src":"https:\/\/i0.wp.com\/yuri.com.br\/claudio\/wp-content\/uploads\/2012\/05\/tumaguiar_frame.jpg?resize=350%2C200&ssl=1","width":350,"height":200,"srcset":"https:\/\/i0.wp.com\/yuri.com.br\/claudio\/wp-content\/uploads\/2012\/05\/tumaguiar_frame.jpg?resize=350%2C200&ssl=1 1x, https:\/\/i0.wp.com\/yuri.com.br\/claudio\/wp-content\/uploads\/2012\/05\/tumaguiar_frame.jpg?resize=525%2C300&ssl=1 1.5x, https:\/\/i0.wp.com\/yuri.com.br\/claudio\/wp-content\/uploads\/2012\/05\/tumaguiar_frame.jpg?resize=700%2C400&ssl=1 2x"},"classes":[]},{"id":6363,"url":"https:\/\/yuri.com.br\/claudio\/2013\/12\/28\/feliz-2014\/","url_meta":{"origin":4071,"position":5},"title":"Feliz 2014!","author":"claudio","date":"28\/dez\/2013","format":false,"excerpt":"Vou seguir os \u00faltimos anos e anotar mais algumas provoca\u00e7\u00f5es bem intencionadas... Cachoeira dos Henriques\u00a0\u00a0\u00a0\u00a0\u00a0 Apesar das minhas quase-35 primaveras, me sinto na \"flor da idade\", confesso atravessar a melhor fase da vida. Um paradoxo pois n\u00e3o ganhei nenhum pr\u00eamio, n\u00e3o fui promovido, n\u00e3o sou melhor que ningu\u00e9m, nunca tive\u2026","rel":"","context":"Em &quot;Outros&quot;","block_context":{"text":"Outros","link":"https:\/\/yuri.com.br\/claudio\/category\/outros\/"},"img":{"alt_text":"","src":"https:\/\/i0.wp.com\/yuri.com.br\/claudio\/wp-content\/uploads\/2013\/12\/cachoeiradoshenriques.jpg?resize=350%2C200&ssl=1","width":350,"height":200,"srcset":"https:\/\/i0.wp.com\/yuri.com.br\/claudio\/wp-content\/uploads\/2013\/12\/cachoeiradoshenriques.jpg?resize=350%2C200&ssl=1 1x, https:\/\/i0.wp.com\/yuri.com.br\/claudio\/wp-content\/uploads\/2013\/12\/cachoeiradoshenriques.jpg?resize=525%2C300&ssl=1 1.5x, https:\/\/i0.wp.com\/yuri.com.br\/claudio\/wp-content\/uploads\/2013\/12\/cachoeiradoshenriques.jpg?resize=700%2C400&ssl=1 2x"},"classes":[]}],"_links":{"self":[{"href":"https:\/\/yuri.com.br\/claudio\/wp-json\/wp\/v2\/posts\/4071","targetHints":{"allow":["GET"]}}],"collection":[{"href":"https:\/\/yuri.com.br\/claudio\/wp-json\/wp\/v2\/posts"}],"about":[{"href":"https:\/\/yuri.com.br\/claudio\/wp-json\/wp\/v2\/types\/post"}],"author":[{"embeddable":true,"href":"https:\/\/yuri.com.br\/claudio\/wp-json\/wp\/v2\/users\/2"}],"replies":[{"embeddable":true,"href":"https:\/\/yuri.com.br\/claudio\/wp-json\/wp\/v2\/comments?post=4071"}],"version-history":[{"count":0,"href":"https:\/\/yuri.com.br\/claudio\/wp-json\/wp\/v2\/posts\/4071\/revisions"}],"wp:featuredmedia":[{"embeddable":true,"href":"https:\/\/yuri.com.br\/claudio\/wp-json\/wp\/v2\/media\/4072"}],"wp:attachment":[{"href":"https:\/\/yuri.com.br\/claudio\/wp-json\/wp\/v2\/media?parent=4071"}],"wp:term":[{"taxonomy":"category","embeddable":true,"href":"https:\/\/yuri.com.br\/claudio\/wp-json\/wp\/v2\/categories?post=4071"},{"taxonomy":"post_tag","embeddable":true,"href":"https:\/\/yuri.com.br\/claudio\/wp-json\/wp\/v2\/tags?post=4071"}],"curies":[{"name":"wp","href":"https:\/\/api.w.org\/{rel}","templated":true}]}}