{"id":4059,"date":"2012-09-15T13:06:01","date_gmt":"2012-09-15T13:06:01","guid":{"rendered":"http:\/\/claudiobr.wordpress.com\/?p=4059"},"modified":"2012-09-15T13:06:01","modified_gmt":"2012-09-15T13:06:01","slug":"tchecas-pra-que-te-quero","status":"publish","type":"post","link":"https:\/\/yuri.com.br\/claudio\/2012\/09\/15\/tchecas-pra-que-te-quero\/","title":{"rendered":"&#8230;tchecas pra que te quero"},"content":{"rendered":"<p>Precursora do estilo mais difundido e comercializado do mundo, at\u00e9 hoje uma refer\u00eancia&#8230; a &#8220;skol&#8221; dos tchecos! A \u00fanica pilsen que me deixou boas lembran\u00e7as assim foi a artesanal e limitada &#8220;<a href=\"http:\/\/claudiobr.wordpress.com\/2008\/11\/27\/aconchego-carioca-tcheca\/\" target=\"_blank\">Tcheca<\/a>&#8220;. Trocadilhos \u00e0 parte&#8230; :P<\/p>\n<p><img loading=\"lazy\" decoding=\"async\" data-attachment-id=\"4060\" data-permalink=\"https:\/\/yuri.com.br\/claudio\/2012\/09\/15\/tchecas-pra-que-te-quero\/pilsnerurquell\/\" data-orig-file=\"https:\/\/yuri.com.br\/claudio\/wp-content\/uploads\/2012\/09\/pilsnerurquell.jpg\" data-orig-size=\"700,414\" data-comments-opened=\"1\" data-image-meta=\"{&quot;aperture&quot;:&quot;1.8&quot;,&quot;credit&quot;:&quot;Claudio Brisighello&quot;,&quot;camera&quot;:&quot;Canon EOS 7D&quot;,&quot;caption&quot;:&quot;&quot;,&quot;created_timestamp&quot;:&quot;1347221371&quot;,&quot;copyright&quot;:&quot;&quot;,&quot;focal_length&quot;:&quot;50&quot;,&quot;iso&quot;:&quot;1250&quot;,&quot;shutter_speed&quot;:&quot;0.02&quot;,&quot;title&quot;:&quot;&quot;}\" data-image-title=\"A PILSEN\" data-image-description=\"\" data-image-caption=\"\" data-medium-file=\"https:\/\/yuri.com.br\/claudio\/wp-content\/uploads\/2012\/09\/pilsnerurquell-300x177.jpg\" data-large-file=\"https:\/\/yuri.com.br\/claudio\/wp-content\/uploads\/2012\/09\/pilsnerurquell.jpg\" class=\"aligncenter size-full wp-image-4060\" title=\"A PILSEN\" src=\"http:\/\/yuri.com.br\/claudio\/wp-content\/uploads\/2012\/09\/pilsnerurquell.jpg\" alt=\"\" width=\"700\" height=\"414\" srcset=\"https:\/\/yuri.com.br\/claudio\/wp-content\/uploads\/2012\/09\/pilsnerurquell.jpg 700w, https:\/\/yuri.com.br\/claudio\/wp-content\/uploads\/2012\/09\/pilsnerurquell-300x177.jpg 300w, https:\/\/yuri.com.br\/claudio\/wp-content\/uploads\/2012\/09\/pilsnerurquell-210x124.jpg 210w\" sizes=\"auto, (max-width: 700px) 100vw, 700px\" \/><\/p>\n","protected":false},"excerpt":{"rendered":"<p>Precursora do estilo mais difundido e comercializado do mundo, at\u00e9 hoje uma refer\u00eancia&#8230; a &#8220;skol&#8221; dos tchecos! A \u00fanica pilsen que me deixou boas lembran\u00e7as assim foi a artesanal e limitada &#8220;Tcheca&#8220;. Trocadilhos \u00e0 parte&#8230; :P<\/p>\n","protected":false},"author":2,"featured_media":4060,"comment_status":"open","ping_status":"open","sticky":false,"template":"","format":"standard","meta":{"neve_meta_sidebar":"","neve_meta_container":"","neve_meta_enable_content_width":"","neve_meta_content_width":0,"neve_meta_title_alignment":"","neve_meta_author_avatar":"","neve_post_elements_order":"","neve_meta_disable_header":"","neve_meta_disable_footer":"","neve_meta_disable_title":"","jetpack_post_was_ever_published":false,"_jetpack_newsletter_access":"","_jetpack_dont_email_post_to_subs":false,"_jetpack_newsletter_tier_id":0,"_jetpack_memberships_contains_paywalled_content":false,"_jetpack_memberships_contains_paid_content":false,"footnotes":"","jetpack_publicize_message":"","jetpack_publicize_feature_enabled":true,"jetpack_social_post_already_shared":false,"jetpack_social_options":{"image_generator_settings":{"template":"highway","default_image_id":0,"font":"","enabled":false},"version":2}},"categories":[2],"tags":[],"class_list":["post-4059","post","type-post","status-publish","format-standard","has-post-thumbnail","hentry","category-baixa-gastronomia"],"jetpack_publicize_connections":[],"jetpack_featured_media_url":"https:\/\/yuri.com.br\/claudio\/wp-content\/uploads\/2012\/09\/pilsnerurquell.jpg","jetpack_shortlink":"https:\/\/wp.me\/p4i7cB-13t","jetpack_sharing_enabled":true,"jetpack-related-posts":[{"id":2772,"url":"https:\/\/yuri.com.br\/claudio\/2011\/07\/05\/breja-artesanal\/","url_meta":{"origin":4059,"position":0},"title":"Breja artesanal","author":"claudio","date":"5\/jul\/2011","format":false,"excerpt":"Saiu a\u00a0 nossa primeira cerveja: \"32 \u00c1urea Ale\" (4.5% ABV), um trocadilho com nossa idade e a tal lei que aboliu a escravid\u00e3o. Para uma debutante, at\u00e9 que ficou al\u00e9m da expectativa! A partir das pr\u00f3ximas, anotarei por aqui os detalhes que forem interessantes pra compartilhar... pois sinto que essa\u2026","rel":"","context":"Em &quot;'Baixa' Gastronomia&quot;","block_context":{"text":"'Baixa' Gastronomia","link":"https:\/\/yuri.com.br\/claudio\/category\/baixa-gastronomia\/"},"img":{"alt_text":"","src":"https:\/\/i0.wp.com\/yuri.com.br\/claudio\/wp-content\/uploads\/2011\/07\/32aureaale.jpg?resize=350%2C200&ssl=1","width":350,"height":200,"srcset":"https:\/\/i0.wp.com\/yuri.com.br\/claudio\/wp-content\/uploads\/2011\/07\/32aureaale.jpg?resize=350%2C200&ssl=1 1x, https:\/\/i0.wp.com\/yuri.com.br\/claudio\/wp-content\/uploads\/2011\/07\/32aureaale.jpg?resize=525%2C300&ssl=1 1.5x, https:\/\/i0.wp.com\/yuri.com.br\/claudio\/wp-content\/uploads\/2011\/07\/32aureaale.jpg?resize=700%2C400&ssl=1 2x"},"classes":[]},{"id":305,"url":"https:\/\/yuri.com.br\/claudio\/2008\/11\/27\/aconchego-carioca-tcheca\/","url_meta":{"origin":4059,"position":1},"title":"Aconchego Carioca &#038; Tcheca","author":"claudio","date":"27\/nov\/2008","format":false,"excerpt":"Foram orgasmos m\u00faltiplos. Portanto divido este post em duas partes: - Aconchego Carioca [ Rua Bar\u00e3o de Iguatemi 388 - 12h\/0h (s\u00e1b. e dom. at\u00e9 18h; fecha seg.)] Situado na regi\u00e3o da Pra\u00e7a da Bandeira, trata-se de um min\u00fasculo restaurante\/botequim\/bistr\u00f4 que pode n\u00e3o ser t\u00e3o antigo quanto as casas de\u2026","rel":"","context":"Em &quot;'Baixa' Gastronomia&quot;","block_context":{"text":"'Baixa' Gastronomia","link":"https:\/\/yuri.com.br\/claudio\/category\/baixa-gastronomia\/"},"img":{"alt_text":"","src":"https:\/\/i0.wp.com\/farm4.static.flickr.com\/3017\/3063578724_2210dd5150_o_d.jpg?resize=350%2C200","width":350,"height":200,"srcset":"https:\/\/i0.wp.com\/farm4.static.flickr.com\/3017\/3063578724_2210dd5150_o_d.jpg?resize=350%2C200 1x, https:\/\/i0.wp.com\/farm4.static.flickr.com\/3017\/3063578724_2210dd5150_o_d.jpg?resize=525%2C300 1.5x"},"classes":[]},{"id":213,"url":"https:\/\/yuri.com.br\/claudio\/2008\/09\/16\/duvel\/","url_meta":{"origin":4059,"position":2},"title":"Duvel","author":"claudio","date":"16\/set\/2008","format":false,"excerpt":"Senhoras e senhores, apresento-lhes a \"skol\" (bleargh) da B\u00e9lgica: Essa saiu 15 reais no happy hour do Xavier Depuydt no Belgian Beer Paradise. Mas o normal por aqui s\u00e3o 20 reais a garrafinha. Na B\u00e9lgica voc\u00ea paga 3 euros em bares e menos em supermercados... Se inveja matasse, pode encomendar\u2026","rel":"","context":"Em &quot;'Baixa' Gastronomia&quot;","block_context":{"text":"'Baixa' Gastronomia","link":"https:\/\/yuri.com.br\/claudio\/category\/baixa-gastronomia\/"},"img":{"alt_text":"","src":"https:\/\/i0.wp.com\/yuri.com.br\/claudio\/wp-content\/uploads\/2008\/09\/duvel.jpg?resize=350%2C200&ssl=1","width":350,"height":200,"srcset":"https:\/\/i0.wp.com\/yuri.com.br\/claudio\/wp-content\/uploads\/2008\/09\/duvel.jpg?resize=350%2C200&ssl=1 1x, https:\/\/i0.wp.com\/yuri.com.br\/claudio\/wp-content\/uploads\/2008\/09\/duvel.jpg?resize=525%2C300&ssl=1 1.5x, https:\/\/i0.wp.com\/yuri.com.br\/claudio\/wp-content\/uploads\/2008\/09\/duvel.jpg?resize=700%2C400&ssl=1 2x"},"classes":[]},{"id":5132,"url":"https:\/\/yuri.com.br\/claudio\/2013\/05\/16\/paraiso-em-camadas\/","url_meta":{"origin":4059,"position":3},"title":"Para\u00edso em camadas","author":"claudio","date":"16\/maio\/2013","format":false,"excerpt":"Esse friozinho que est\u00e1 chegando n\u00e3o \u00e9 s\u00f3 bom pra escalar ou tomar aquele caldinho de feij\u00e3o com uma boa cacha\u00e7a. Dessa vez n\u00e3o deixarei escapar a oportunidade de me aventurar no estilo vienense e suas massas ricas e laminadas. Assim como o pain au levain, o croissant \u00e9 um\u2026","rel":"","context":"Em &quot;'Baixa' Gastronomia&quot;","block_context":{"text":"'Baixa' Gastronomia","link":"https:\/\/yuri.com.br\/claudio\/category\/baixa-gastronomia\/"},"img":{"alt_text":"","src":"https:\/\/i0.wp.com\/yuri.com.br\/claudio\/wp-content\/uploads\/2013\/05\/croissant_learning.jpg?resize=350%2C200&ssl=1","width":350,"height":200,"srcset":"https:\/\/i0.wp.com\/yuri.com.br\/claudio\/wp-content\/uploads\/2013\/05\/croissant_learning.jpg?resize=350%2C200&ssl=1 1x, https:\/\/i0.wp.com\/yuri.com.br\/claudio\/wp-content\/uploads\/2013\/05\/croissant_learning.jpg?resize=525%2C300&ssl=1 1.5x, https:\/\/i0.wp.com\/yuri.com.br\/claudio\/wp-content\/uploads\/2013\/05\/croissant_learning.jpg?resize=700%2C400&ssl=1 2x"},"classes":[]},{"id":5356,"url":"https:\/\/yuri.com.br\/claudio\/2013\/06\/28\/challah\/","url_meta":{"origin":4059,"position":4},"title":"Challah","author":"claudio","date":"28\/jun\/2013","format":false,"excerpt":"Seguindo a deixa do \u00faltimo post, vale um est\u00edmulo aos p\u00e3es tran\u00e7ados... mas por que se dar tanto trabalho? Bom... dizem que comida tamb\u00e9m se come com os olhos! E se vc \u00e9 como eu e tamb\u00e9m ama o lado artesanal da panifica\u00e7\u00e3o, cedo ou tarde se ver\u00e1 usando cada\u2026","rel":"","context":"Em &quot;'Baixa' Gastronomia&quot;","block_context":{"text":"'Baixa' Gastronomia","link":"https:\/\/yuri.com.br\/claudio\/category\/baixa-gastronomia\/"},"img":{"alt_text":"","src":"https:\/\/i0.wp.com\/yuri.com.br\/claudio\/wp-content\/uploads\/2013\/06\/challah.jpg?resize=350%2C200&ssl=1","width":350,"height":200,"srcset":"https:\/\/i0.wp.com\/yuri.com.br\/claudio\/wp-content\/uploads\/2013\/06\/challah.jpg?resize=350%2C200&ssl=1 1x, https:\/\/i0.wp.com\/yuri.com.br\/claudio\/wp-content\/uploads\/2013\/06\/challah.jpg?resize=525%2C300&ssl=1 1.5x, https:\/\/i0.wp.com\/yuri.com.br\/claudio\/wp-content\/uploads\/2013\/06\/challah.jpg?resize=700%2C400&ssl=1 2x"},"classes":[]},{"id":4849,"url":"https:\/\/yuri.com.br\/claudio\/2013\/04\/11\/video-sex-shop-akira\/","url_meta":{"origin":4059,"position":5},"title":"V\u00eddeo: SEX shop @ Akira","author":"claudio","date":"11\/abr\/2013","format":false,"excerpt":"Eis um souvenir da temporada passada. Minha autocr\u00edtica (foi mais um mero registro do que qualquer v\u00eddeo planejado) e a pouca vontade de me exibir na telinha, acabaram por engavetar a lembran\u00e7a... mas por uma insist\u00eancia super positiva de alguns que viram a edi\u00e7\u00e3o, resolvi disponibiliz\u00e1-lo. Culpa do Bel\u00ea! Agrade\u00e7o\u2026","rel":"","context":"Em &quot;Escalada&quot;","block_context":{"text":"Escalada","link":"https:\/\/yuri.com.br\/claudio\/category\/escalada\/"},"img":{"alt_text":"","src":"","width":0,"height":0},"classes":[]}],"_links":{"self":[{"href":"https:\/\/yuri.com.br\/claudio\/wp-json\/wp\/v2\/posts\/4059","targetHints":{"allow":["GET"]}}],"collection":[{"href":"https:\/\/yuri.com.br\/claudio\/wp-json\/wp\/v2\/posts"}],"about":[{"href":"https:\/\/yuri.com.br\/claudio\/wp-json\/wp\/v2\/types\/post"}],"author":[{"embeddable":true,"href":"https:\/\/yuri.com.br\/claudio\/wp-json\/wp\/v2\/users\/2"}],"replies":[{"embeddable":true,"href":"https:\/\/yuri.com.br\/claudio\/wp-json\/wp\/v2\/comments?post=4059"}],"version-history":[{"count":0,"href":"https:\/\/yuri.com.br\/claudio\/wp-json\/wp\/v2\/posts\/4059\/revisions"}],"wp:featuredmedia":[{"embeddable":true,"href":"https:\/\/yuri.com.br\/claudio\/wp-json\/wp\/v2\/media\/4060"}],"wp:attachment":[{"href":"https:\/\/yuri.com.br\/claudio\/wp-json\/wp\/v2\/media?parent=4059"}],"wp:term":[{"taxonomy":"category","embeddable":true,"href":"https:\/\/yuri.com.br\/claudio\/wp-json\/wp\/v2\/categories?post=4059"},{"taxonomy":"post_tag","embeddable":true,"href":"https:\/\/yuri.com.br\/claudio\/wp-json\/wp\/v2\/tags?post=4059"}],"curies":[{"name":"wp","href":"https:\/\/api.w.org\/{rel}","templated":true}]}}