{"id":3991,"date":"2012-08-18T12:37:03","date_gmt":"2012-08-18T12:37:03","guid":{"rendered":"http:\/\/claudiobr.wordpress.com\/?p=3991"},"modified":"2012-08-18T12:37:03","modified_gmt":"2012-08-18T12:37:03","slug":"lowballin","status":"publish","type":"post","link":"https:\/\/yuri.com.br\/claudio\/2012\/08\/18\/lowballin\/","title":{"rendered":"Lowballin\u00b4"},"content":{"rendered":"<p>Momento raro comigo <del>atr\u00e1s<\/del> \u00e0 frente das lentes neste <a href=\"http:\/\/claudiobr.wordpress.com\/2012\/03\/12\/a-vinganca-do-bola-baixa\/\" target=\"_blank\">lowball<\/a>, gra\u00e7as ao vizinho\/m\u00fasico\/fisio\/escalador Cac\u00e1 Nisi:<\/p>\n<div class=\"nv-iframe-embed\"><div class=\"embed-vimeo\" style=\"text-align: center;\"><iframe loading=\"lazy\" src=\"https:\/\/player.vimeo.com\/video\/47736532\" width=\"700\" height=\"394\" frameborder=\"0\" webkitallowfullscreen mozallowfullscreen allowfullscreen><\/iframe><\/div><\/div>\n","protected":false},"excerpt":{"rendered":"<p>Momento raro comigo atr\u00e1s \u00e0 frente das lentes neste lowball, gra\u00e7as ao vizinho\/m\u00fasico\/fisio\/escalador Cac\u00e1 Nisi:<\/p>\n","protected":false},"author":2,"featured_media":0,"comment_status":"open","ping_status":"open","sticky":false,"template":"","format":"standard","meta":{"neve_meta_sidebar":"","neve_meta_container":"","neve_meta_enable_content_width":"","neve_meta_content_width":0,"neve_meta_title_alignment":"","neve_meta_author_avatar":"","neve_post_elements_order":"","neve_meta_disable_header":"","neve_meta_disable_footer":"","neve_meta_disable_title":"","jetpack_post_was_ever_published":false,"_jetpack_newsletter_access":"","_jetpack_dont_email_post_to_subs":false,"_jetpack_newsletter_tier_id":0,"_jetpack_memberships_contains_paywalled_content":false,"_jetpack_memberships_contains_paid_content":false,"footnotes":"","jetpack_publicize_message":"","jetpack_publicize_feature_enabled":true,"jetpack_social_post_already_shared":false,"jetpack_social_options":{"image_generator_settings":{"template":"highway","default_image_id":0,"font":"","enabled":false},"version":2}},"categories":[3],"tags":[],"class_list":["post-3991","post","type-post","status-publish","format-standard","hentry","category-escalada"],"jetpack_publicize_connections":[],"jetpack_featured_media_url":"","jetpack_shortlink":"https:\/\/wp.me\/p4i7cB-12n","jetpack_sharing_enabled":true,"jetpack-related-posts":[{"id":1419,"url":"https:\/\/yuri.com.br\/claudio\/2010\/01\/25\/visitas-ilustres\/","url_meta":{"origin":3991,"position":0},"title":"Visitas ilustres","author":"claudio","date":"25\/jan\/2010","format":false,"excerpt":"Senhoras e senhores, Mr. L\u00e9o Medeiros e seu herdeiro Lucca, que queria escalar tudo \u00e0 sua volta, mas teve que se contentar com esse \"lowball\" da direita. Aproveito para compartilhar um beta: a cave do Edmundo no Graja\u00fa fica fresquinha nesse calor... quem n\u00e3o estiver aguentando, l\u00e1 \u00e9 uma boa\u2026","rel":"","context":"Em &quot;Escalada&quot;","block_context":{"text":"Escalada","link":"https:\/\/yuri.com.br\/claudio\/category\/escalada\/"},"img":{"alt_text":"","src":"https:\/\/i0.wp.com\/farm5.static.flickr.com\/4028\/4301793232_c7350ab6ae_o.jpg?resize=350%2C200","width":350,"height":200,"srcset":"https:\/\/i0.wp.com\/farm5.static.flickr.com\/4028\/4301793232_c7350ab6ae_o.jpg?resize=350%2C200 1x, https:\/\/i0.wp.com\/farm5.static.flickr.com\/4028\/4301793232_c7350ab6ae_o.jpg?resize=525%2C300 1.5x"},"classes":[]},{"id":661,"url":"https:\/\/yuri.com.br\/claudio\/2009\/05\/07\/ubatuba-report-video\/","url_meta":{"origin":3991,"position":1},"title":"Ubatuba report (v\u00eddeo)","author":"claudio","date":"7\/maio\/2009","format":false,"excerpt":"Finalizei o \"souvenir\/curta\" do \u00faltimo feriado: Estrelando: galera se divertindo no Pro Abaulado V2, eu no Ur\u00e9ia V8, e o Alexis em seu Puro Cambur y Peo V4 (FA), este \u00faltimo gra\u00e7as as imagens cedidas pelo Gabriel. (caso sua conex\u00e3o seja lenta, pause o v\u00eddeo e espere a barrinha cinza\u2026","rel":"","context":"Em &quot;Escalada&quot;","block_context":{"text":"Escalada","link":"https:\/\/yuri.com.br\/claudio\/category\/escalada\/"},"img":{"alt_text":"","src":"","width":0,"height":0},"classes":[]},{"id":531,"url":"https:\/\/yuri.com.br\/claudio\/2009\/03\/27\/mais-fotos-comentadas\/","url_meta":{"origin":3991,"position":2},"title":"Mais fotos comentadas","author":"claudio","date":"27\/mar\/2009","format":false,"excerpt":"Continuando com as fotos comentadas, ilustro abaixo mais 2 exemplos: (clique nas imagens para ampli\u00e1-las) Nesta foto o Cesinha est\u00e1 na 2a. de suas 3 entradas na via Coquetel de Energia, em um dia de *muita* chuva, ou seja, bem mais escuro do que j\u00e1 costuma ser no Campo Escola\u2026","rel":"","context":"Em &quot;Escalada&quot;","block_context":{"text":"Escalada","link":"https:\/\/yuri.com.br\/claudio\/category\/escalada\/"},"img":{"alt_text":"","src":"https:\/\/i0.wp.com\/farm4.static.flickr.com\/3004\/2797103658_64e24a0076_o.jpg?resize=350%2C200","width":350,"height":200},"classes":[]},{"id":4636,"url":"https:\/\/yuri.com.br\/claudio\/2013\/03\/04\/novos-e-velhos-vizinhos\/","url_meta":{"origin":3991,"position":3},"title":"Os vizinhos","author":"claudio","date":"4\/mar\/2013","format":false,"excerpt":"N\u00e3o tenho muita paci\u00eancia pra esses \"momentos NatGeo\", ainda mais sem lentes apropriadas, mas de vez em quando \u00e9 bom praticar uns cliques em bichinhos que n\u00e3o sejam os meus cachorros! :-) Acima, a coleirinha resolveu fazer ninho no meu l\u00fapulo, do lado da janela. S\u00f3 espero que o corre-corre\u2026","rel":"","context":"Em &quot;Outros&quot;","block_context":{"text":"Outros","link":"https:\/\/yuri.com.br\/claudio\/category\/outros\/"},"img":{"alt_text":"","src":"https:\/\/i0.wp.com\/yuri.com.br\/claudio\/wp-content\/uploads\/2013\/03\/coleirinha.jpg?resize=350%2C200&ssl=1","width":350,"height":200,"srcset":"https:\/\/i0.wp.com\/yuri.com.br\/claudio\/wp-content\/uploads\/2013\/03\/coleirinha.jpg?resize=350%2C200&ssl=1 1x, https:\/\/i0.wp.com\/yuri.com.br\/claudio\/wp-content\/uploads\/2013\/03\/coleirinha.jpg?resize=525%2C300&ssl=1 1.5x, https:\/\/i0.wp.com\/yuri.com.br\/claudio\/wp-content\/uploads\/2013\/03\/coleirinha.jpg?resize=700%2C400&ssl=1 2x"},"classes":[]},{"id":3866,"url":"https:\/\/yuri.com.br\/claudio\/2012\/07\/28\/corredor-5-estrelas\/","url_meta":{"origin":3991,"position":4},"title":"Corredor 5 estrelas","author":"claudio","date":"28\/jul\/2012","format":false,"excerpt":"E o Lello resolveu \"tirar poeira\" dessa bela linha escondida no generoso bloco do Catarina. Mesma sa\u00edda, por\u00e9m toca pra esquerda. Este \u00e9 o momento que precede o crux, uma exigente cruzada de direita at\u00e9 o regletinho superior da foto. O nome do aperto \u00e9 Bet\u00f4mega, aberto pelo Rodras anos\u2026","rel":"","context":"Em &quot;Escalada&quot;","block_context":{"text":"Escalada","link":"https:\/\/yuri.com.br\/claudio\/category\/escalada\/"},"img":{"alt_text":"","src":"https:\/\/i0.wp.com\/yuri.com.br\/claudio\/wp-content\/uploads\/2012\/07\/aranha_betomega_lello.jpg?resize=350%2C200&ssl=1","width":350,"height":200,"srcset":"https:\/\/i0.wp.com\/yuri.com.br\/claudio\/wp-content\/uploads\/2012\/07\/aranha_betomega_lello.jpg?resize=350%2C200&ssl=1 1x, https:\/\/i0.wp.com\/yuri.com.br\/claudio\/wp-content\/uploads\/2012\/07\/aranha_betomega_lello.jpg?resize=525%2C300&ssl=1 1.5x, https:\/\/i0.wp.com\/yuri.com.br\/claudio\/wp-content\/uploads\/2012\/07\/aranha_betomega_lello.jpg?resize=700%2C400&ssl=1 2x"},"classes":[]},{"id":3873,"url":"https:\/\/yuri.com.br\/claudio\/2012\/08\/01\/mais-do-aranha-2\/","url_meta":{"origin":3991,"position":5},"title":"Mais do Aranha","author":"claudio","date":"1\/ago\/2012","format":false,"excerpt":"Tentando cumprir a promessa de posts um pouco mais informativos... vista do Setor Aranha, antes do riozinho: A verdade \u00e9 que o ritmo que as coisas vem acontecendo na \"real life\" ultrapassa o ritmo lento da minha motiva\u00e7\u00e3o blogueira. Desculpas \u00e0 parte, n\u00e3o posso deixar de mencionar que a visita\u2026","rel":"","context":"Em &quot;Escalada&quot;","block_context":{"text":"Escalada","link":"https:\/\/yuri.com.br\/claudio\/category\/escalada\/"},"img":{"alt_text":"","src":"https:\/\/i0.wp.com\/yuri.com.br\/claudio\/wp-content\/uploads\/2012\/07\/mapasalbentosegundosol.jpg?resize=350%2C200&ssl=1","width":350,"height":200,"srcset":"https:\/\/i0.wp.com\/yuri.com.br\/claudio\/wp-content\/uploads\/2012\/07\/mapasalbentosegundosol.jpg?resize=350%2C200&ssl=1 1x, https:\/\/i0.wp.com\/yuri.com.br\/claudio\/wp-content\/uploads\/2012\/07\/mapasalbentosegundosol.jpg?resize=525%2C300&ssl=1 1.5x, https:\/\/i0.wp.com\/yuri.com.br\/claudio\/wp-content\/uploads\/2012\/07\/mapasalbentosegundosol.jpg?resize=700%2C400&ssl=1 2x"},"classes":[]}],"_links":{"self":[{"href":"https:\/\/yuri.com.br\/claudio\/wp-json\/wp\/v2\/posts\/3991","targetHints":{"allow":["GET"]}}],"collection":[{"href":"https:\/\/yuri.com.br\/claudio\/wp-json\/wp\/v2\/posts"}],"about":[{"href":"https:\/\/yuri.com.br\/claudio\/wp-json\/wp\/v2\/types\/post"}],"author":[{"embeddable":true,"href":"https:\/\/yuri.com.br\/claudio\/wp-json\/wp\/v2\/users\/2"}],"replies":[{"embeddable":true,"href":"https:\/\/yuri.com.br\/claudio\/wp-json\/wp\/v2\/comments?post=3991"}],"version-history":[{"count":0,"href":"https:\/\/yuri.com.br\/claudio\/wp-json\/wp\/v2\/posts\/3991\/revisions"}],"wp:attachment":[{"href":"https:\/\/yuri.com.br\/claudio\/wp-json\/wp\/v2\/media?parent=3991"}],"wp:term":[{"taxonomy":"category","embeddable":true,"href":"https:\/\/yuri.com.br\/claudio\/wp-json\/wp\/v2\/categories?post=3991"},{"taxonomy":"post_tag","embeddable":true,"href":"https:\/\/yuri.com.br\/claudio\/wp-json\/wp\/v2\/tags?post=3991"}],"curies":[{"name":"wp","href":"https:\/\/api.w.org\/{rel}","templated":true}]}}