{"id":3947,"date":"2012-08-26T12:19:31","date_gmt":"2012-08-26T12:19:31","guid":{"rendered":"http:\/\/claudiobr.wordpress.com\/?p=3947"},"modified":"2012-08-26T12:19:31","modified_gmt":"2012-08-26T12:19:31","slug":"sourdough","status":"publish","type":"post","link":"https:\/\/yuri.com.br\/claudio\/2012\/08\/26\/sourdough\/","title":{"rendered":"P\u00e3o nosso de cada dia"},"content":{"rendered":"<p>Um pouquinho mais sobre o tema da panifica\u00e7\u00e3o. Diversos blogs por a\u00ed afora compartilham lindos p\u00e3es, me inspirando a tentar o mesmo. Tenho que dizer: haja saco pra ficar fotografando o trampo todo! :-] Mas vamos l\u00e1&#8230;<\/p>\n<p><img loading=\"lazy\" decoding=\"async\" data-attachment-id=\"3948\" data-permalink=\"https:\/\/yuri.com.br\/claudio\/2012\/08\/26\/sourdough\/multigraos1\/\" data-orig-file=\"https:\/\/yuri.com.br\/claudio\/wp-content\/uploads\/2012\/08\/multigraos1.jpg\" data-orig-size=\"700,388\" data-comments-opened=\"1\" data-image-meta=\"{&quot;aperture&quot;:&quot;0&quot;,&quot;credit&quot;:&quot;&quot;,&quot;camera&quot;:&quot;&quot;,&quot;caption&quot;:&quot;&quot;,&quot;created_timestamp&quot;:&quot;0&quot;,&quot;copyright&quot;:&quot;&quot;,&quot;focal_length&quot;:&quot;0&quot;,&quot;iso&quot;:&quot;0&quot;,&quot;shutter_speed&quot;:&quot;0&quot;,&quot;title&quot;:&quot;&quot;}\" data-image-title=\"o resultado&amp;#8230;\" data-image-description=\"\" data-image-caption=\"\" data-medium-file=\"https:\/\/yuri.com.br\/claudio\/wp-content\/uploads\/2012\/08\/multigraos1-300x166.jpg\" data-large-file=\"https:\/\/yuri.com.br\/claudio\/wp-content\/uploads\/2012\/08\/multigraos1.jpg\" class=\"aligncenter size-full wp-image-3948\" title=\"o resultado...\" src=\"http:\/\/yuri.com.br\/claudio\/wp-content\/uploads\/2012\/08\/multigraos1.jpg\" alt=\"\" width=\"700\" height=\"388\" srcset=\"https:\/\/yuri.com.br\/claudio\/wp-content\/uploads\/2012\/08\/multigraos1.jpg 700w, https:\/\/yuri.com.br\/claudio\/wp-content\/uploads\/2012\/08\/multigraos1-300x166.jpg 300w, https:\/\/yuri.com.br\/claudio\/wp-content\/uploads\/2012\/08\/multigraos1-210x116.jpg 210w\" sizes=\"auto, (max-width: 700px) 100vw, 700px\" \/><\/p>\n<p>Aqui vai a minha f\u00f3rmula atual que serve de base para a os p\u00e3es artesanais com <em>fermento natural<\/em>. As fotos ilustram um &#8220;multigr\u00e3os&#8221;. Confesso que nos \u00faltimos meses eu abandonei completamente os fermentos de mercado&#8230; pois \u00e9, a viagem pelo muito mais saboroso mundo do\u00a0<a href=\"http:\/\/en.wikipedia.org\/wiki\/Levain\" target=\"_blank\"><em>levain<\/em><\/a> n\u00e3o tem volta! As \u00fanicas exce\u00e7\u00f5es ficam no estilo <a href=\"http:\/\/en.wikipedia.org\/wiki\/Viennoiserie\" target=\"_blank\">vienense<\/a>, de resto, s\u00f3 uso o meu fermentinho querido nestes que s\u00e3o os p\u00e3es que comerei pelo resto da minha vida.<\/p>\n<p>Para quem deseja fazer mas n\u00e3o entende nada disso, relembro meu <a href=\"http:\/\/claudiobr.wordpress.com\/2011\/08\/01\/pao-de-forma\/\" target=\"_blank\">1\u00ba post<\/a> a respeito e indico o site\/comunidade <a href=\"http:\/\/www.thefreshloaf.com\/\" target=\"_blank\">thefreshloaf.com<\/a>, ou mesmo o google. Parte da experi\u00eancia \u00e9 realmente ir atr\u00e1s do conhecimento e n\u00e3o somente seguir passo-a-passo de receita, procurando sempre entender os porqu\u00eas disso e daquilo!<\/p>\n<p><img loading=\"lazy\" decoding=\"async\" data-attachment-id=\"3960\" data-permalink=\"https:\/\/yuri.com.br\/claudio\/2012\/08\/26\/sourdough\/multigraos\/\" data-orig-file=\"https:\/\/yuri.com.br\/claudio\/wp-content\/uploads\/2012\/08\/multigraos.jpg\" data-orig-size=\"700,400\" data-comments-opened=\"1\" data-image-meta=\"{&quot;aperture&quot;:&quot;0&quot;,&quot;credit&quot;:&quot;&quot;,&quot;camera&quot;:&quot;&quot;,&quot;caption&quot;:&quot;&quot;,&quot;created_timestamp&quot;:&quot;0&quot;,&quot;copyright&quot;:&quot;&quot;,&quot;focal_length&quot;:&quot;0&quot;,&quot;iso&quot;:&quot;0&quot;,&quot;shutter_speed&quot;:&quot;0&quot;,&quot;title&quot;:&quot;&quot;}\" data-image-title=\"o processo&amp;#8230;\" data-image-description=\"\" data-image-caption=\"\" data-medium-file=\"https:\/\/yuri.com.br\/claudio\/wp-content\/uploads\/2012\/08\/multigraos-300x171.jpg\" data-large-file=\"https:\/\/yuri.com.br\/claudio\/wp-content\/uploads\/2012\/08\/multigraos.jpg\" class=\"aligncenter size-full wp-image-3960\" title=\"o processo...\" src=\"http:\/\/yuri.com.br\/claudio\/wp-content\/uploads\/2012\/08\/multigraos.jpg\" alt=\"\" width=\"700\" height=\"400\" srcset=\"https:\/\/yuri.com.br\/claudio\/wp-content\/uploads\/2012\/08\/multigraos.jpg 700w, https:\/\/yuri.com.br\/claudio\/wp-content\/uploads\/2012\/08\/multigraos-300x171.jpg 300w, https:\/\/yuri.com.br\/claudio\/wp-content\/uploads\/2012\/08\/multigraos-210x120.jpg 210w\" sizes=\"auto, (max-width: 700px) 100vw, 700px\" \/><\/p>\n<p><strong><span style=\"text-decoration:underline;\">SOURDOUGH \/ PAIN AU LEVAIN<br \/>\n<\/span><\/strong><\/p>\n<p>Peso total da massa: 1300g<br \/>\nHidrata\u00e7\u00e3o da massa: 70%<br \/>\nInocula\u00e7\u00e3o \/ levain: 25%<\/p>\n<p>378g- levain\/starter (100% hidrata\u00e7\u00e3o, em estado maduro\/borbulhante)<br \/>\n397g\u00a0&#8211; farinha de trigo normal<br \/>\n170g- farinha de trigo integral (e\/ou centeio dependendo do p\u00e3o desejado)<br \/>\n340g\u00a0&#8211; \u00e1gua<br \/>\n15g sal<br \/>\n*alguns exemplos de varia\u00e7\u00f5es opcionais: (somar ao peso total)<br \/>\n76g soaker\/multigr\u00e3os 100% hidrata\u00e7\u00e3o<br \/>\n7,6g alecrim<br \/>\n3,8g sementes de erva doce<br \/>\n22g cebola desidratada<br \/>\n38g azeite se for fazer pizza<br \/>\nETC.!<br \/>\n&#8212;x&#8212;<\/p>\n<p><strong>M\u00c9TODO:<\/strong><\/p>\n<ol>\n<li>Iniciei com uma breve mistura das farinhas com a \u00e1gua e o levain. Descanso (aut\u00f3lise) de 40 min, coberto.<\/li>\n<li>Adicionei o sal e iniciei a sova (m\u00e9todo Bertinet) at\u00e9 conseguir m\u00e9dia forma\u00e7\u00e3o de gl\u00faten. Passei ent\u00e3o a incorporar os adjuntos *opcionais se houverem, sovando at\u00e9 obter uma massa homog\u00eanea e forte, razoavelmente \u00famida. N\u00e3o enfarinhar as m\u00e3os neste processo!<\/li>\n<li>Fermenta\u00e7\u00e3o prim\u00e1ria em um recipiente fechado e levemente untado com \u00f3leo, por pelo menos 2 horas, com algumas dobras neste per\u00edodo.<\/li>\n<li>Em mesa levemente enfarinhada, seguem a divis\u00e3o, pr\u00e9-modelagem (com descanso de 20 min.) e modelagem final: fiz um batard de 500g e um boule maior com o restante.<\/li>\n<li>Descanso final (coberto) a 26 graus por cerca de 90 min ou 15hs na geladeira. Cortei as massas e assei o batard em uma panela de ferro e o boule em uma pedra sab\u00e3o tampada por um vaso de barro. Removi as tampas ap\u00f3s os 25 min. iniciais para dourar o p\u00e3o e, ap\u00f3s o t\u00e9rmino, mantive-os com a porta do forno semi-aberta para ventilar durante 10 min.<\/li>\n<\/ol>\n<p>Conforme dito, a f\u00f3rmula acima \u00e9 s\u00f3 uma base, que venho usando no dia a dia. Fa\u00e7a suas varia\u00e7\u00f5es e <em>bon apetit<\/em>!<\/p>\n","protected":false},"excerpt":{"rendered":"<p>Um pouquinho mais sobre o tema da panifica\u00e7\u00e3o. Diversos blogs por a\u00ed afora compartilham lindos p\u00e3es, me inspirando a tentar o mesmo. Tenho que dizer: haja saco pra ficar fotografando o trampo todo! :-] Mas vamos l\u00e1&#8230; Aqui vai a minha f\u00f3rmula atual que serve de base para a os p\u00e3es artesanais com fermento natural.&hellip;&nbsp;<a href=\"https:\/\/yuri.com.br\/claudio\/2012\/08\/26\/sourdough\/\" rel=\"bookmark\">Continue a ler &raquo;<span class=\"screen-reader-text\">P\u00e3o nosso de cada dia<\/span><\/a><\/p>\n","protected":false},"author":2,"featured_media":3948,"comment_status":"open","ping_status":"open","sticky":false,"template":"","format":"standard","meta":{"neve_meta_sidebar":"","neve_meta_container":"","neve_meta_enable_content_width":"","neve_meta_content_width":0,"neve_meta_title_alignment":"","neve_meta_author_avatar":"","neve_post_elements_order":"","neve_meta_disable_header":"","neve_meta_disable_footer":"","neve_meta_disable_title":"","jetpack_post_was_ever_published":false,"_jetpack_newsletter_access":"","_jetpack_dont_email_post_to_subs":false,"_jetpack_newsletter_tier_id":0,"_jetpack_memberships_contains_paywalled_content":false,"_jetpack_memberships_contains_paid_content":false,"footnotes":"","jetpack_publicize_message":"","jetpack_publicize_feature_enabled":true,"jetpack_social_post_already_shared":false,"jetpack_social_options":{"image_generator_settings":{"template":"highway","default_image_id":0,"font":"","enabled":false},"version":2}},"categories":[2],"tags":[],"class_list":["post-3947","post","type-post","status-publish","format-standard","has-post-thumbnail","hentry","category-baixa-gastronomia"],"jetpack_publicize_connections":[],"jetpack_featured_media_url":"https:\/\/yuri.com.br\/claudio\/wp-content\/uploads\/2012\/08\/multigraos1.jpg","jetpack_shortlink":"https:\/\/wp.me\/p4i7cB-11F","jetpack_sharing_enabled":true,"jetpack-related-posts":[{"id":3664,"url":"https:\/\/yuri.com.br\/claudio\/2012\/04\/24\/e-a-evolucao-nao-pode-parar\/","url_meta":{"origin":3947,"position":0},"title":"E a evolu\u00e7\u00e3o n\u00e3o pode parar&#8230;","author":"claudio","date":"24\/abr\/2012","format":false,"excerpt":"Enganou-se quem leu o t\u00edtulo e esperou por um post de escalada :P Tem um tempinho desde que comecei a fazer todos os p\u00e3es que consumimos, n\u00e3o \u00e9 muito tempo, mas se multiplicar o n\u00famero de semanas por pelo menos 2 fornadas, eu diria que j\u00e1 tentei o resultado acima\u2026","rel":"","context":"Em &quot;'Baixa' Gastronomia&quot;","block_context":{"text":"'Baixa' Gastronomia","link":"https:\/\/yuri.com.br\/claudio\/category\/baixa-gastronomia\/"},"img":{"alt_text":"","src":"https:\/\/i0.wp.com\/yuri.com.br\/claudio\/wp-content\/uploads\/2012\/04\/pao_centeio.jpg?resize=350%2C200","width":350,"height":200,"srcset":"https:\/\/i0.wp.com\/yuri.com.br\/claudio\/wp-content\/uploads\/2012\/04\/pao_centeio.jpg?resize=350%2C200 1x, https:\/\/i0.wp.com\/yuri.com.br\/claudio\/wp-content\/uploads\/2012\/04\/pao_centeio.jpg?resize=525%2C300 1.5x, https:\/\/i0.wp.com\/yuri.com.br\/claudio\/wp-content\/uploads\/2012\/04\/pao_centeio.jpg?resize=700%2C400 2x"},"classes":[]},{"id":2894,"url":"https:\/\/yuri.com.br\/claudio\/2011\/08\/01\/pao-de-forma\/","url_meta":{"origin":3947,"position":1},"title":"P\u00e3o de forma","author":"claudio","date":"1\/ago\/2011","format":false,"excerpt":"Vamos fazer esse p\u00e3o que tanto vemos nas prateleiras dos supermercados e usamos em nossos sandubinhas. Bem b\u00e1sico, pra come\u00e7ar o neg\u00f3cio. Uma fatia dessas com manteiga e sal na chapa, deixa teu caf\u00e9 da manh\u00e3 mais feliz :-) Ingredientes 500g farinha de trigo --- 10g sal (2% da massa)\u2026","rel":"","context":"Em &quot;'Baixa' Gastronomia&quot;","block_context":{"text":"'Baixa' Gastronomia","link":"https:\/\/yuri.com.br\/claudio\/category\/baixa-gastronomia\/"},"img":{"alt_text":"","src":"https:\/\/i0.wp.com\/yuri.com.br\/claudio\/wp-content\/uploads\/2011\/07\/paodeforma1.jpg?resize=350%2C200&ssl=1","width":350,"height":200,"srcset":"https:\/\/i0.wp.com\/yuri.com.br\/claudio\/wp-content\/uploads\/2011\/07\/paodeforma1.jpg?resize=350%2C200&ssl=1 1x, https:\/\/i0.wp.com\/yuri.com.br\/claudio\/wp-content\/uploads\/2011\/07\/paodeforma1.jpg?resize=525%2C300&ssl=1 1.5x, https:\/\/i0.wp.com\/yuri.com.br\/claudio\/wp-content\/uploads\/2011\/07\/paodeforma1.jpg?resize=700%2C400&ssl=1 2x"},"classes":[]},{"id":2876,"url":"https:\/\/yuri.com.br\/claudio\/2011\/07\/21\/pao-de-queijo\/","url_meta":{"origin":3947,"position":2},"title":"P\u00e3o de queijo","author":"claudio","date":"21\/jul\/2011","format":false,"excerpt":"Antes de partir pros p\u00e3es de massas fermentadas, que tal uma aut\u00eantica del\u00edcia brasileira? \"Atra\u00e7\u00e3o tur\u00edstica\" obrigat\u00f3ria em MG, dif\u00edcil quem n\u00e3o goste da dupla p\u00e3o de queijo + cafezinho! E antes que algu\u00e9m conteste sua originalidade, seu parente latino - chip\u00e1 - segue um m\u00e9todo bem diferente e, nacionalismos\u2026","rel":"","context":"Em &quot;'Baixa' Gastronomia&quot;","block_context":{"text":"'Baixa' Gastronomia","link":"https:\/\/yuri.com.br\/claudio\/category\/baixa-gastronomia\/"},"img":{"alt_text":"","src":"https:\/\/i0.wp.com\/yuri.com.br\/claudio\/wp-content\/uploads\/2011\/07\/paodequeijo.jpg?resize=350%2C200&ssl=1","width":350,"height":200,"srcset":"https:\/\/i0.wp.com\/yuri.com.br\/claudio\/wp-content\/uploads\/2011\/07\/paodequeijo.jpg?resize=350%2C200&ssl=1 1x, https:\/\/i0.wp.com\/yuri.com.br\/claudio\/wp-content\/uploads\/2011\/07\/paodequeijo.jpg?resize=525%2C300&ssl=1 1.5x, https:\/\/i0.wp.com\/yuri.com.br\/claudio\/wp-content\/uploads\/2011\/07\/paodequeijo.jpg?resize=700%2C400&ssl=1 2x"},"classes":[]},{"id":7730,"url":"https:\/\/yuri.com.br\/claudio\/2014\/05\/24\/planilha-sourdough-spreadsheet\/","url_meta":{"origin":3947,"position":3},"title":"Planilha \/ Sourdough Spreadsheet","author":"Cl\u00e1udio Brisighello","date":"24\/maio\/2014","format":false,"excerpt":"Viva o p\u00e3o de fermenta\u00e7\u00e3o natural! J\u00e1 faz um tempo sem falar de panifica\u00e7\u00e3o por aqui, ent\u00e3o essa vai pros amantes da fermenta\u00e7\u00e3o natural, em um n\u00edvel um pouco mais t\u00e9cnico. Quem calcula as f\u00f3rmulas de um pain au levain, sem d\u00favida um dia j\u00e1 quase arrancou os cabelos com\u2026","rel":"","context":"Em &quot;'Baixa' Gastronomia&quot;","block_context":{"text":"'Baixa' Gastronomia","link":"https:\/\/yuri.com.br\/claudio\/category\/baixa-gastronomia\/"},"img":{"alt_text":"","src":"https:\/\/i0.wp.com\/yuri.com.br\/claudio\/wp-content\/uploads\/2014\/05\/PainAuLevain2014.jpg?resize=350%2C200&ssl=1","width":350,"height":200,"srcset":"https:\/\/i0.wp.com\/yuri.com.br\/claudio\/wp-content\/uploads\/2014\/05\/PainAuLevain2014.jpg?resize=350%2C200&ssl=1 1x, https:\/\/i0.wp.com\/yuri.com.br\/claudio\/wp-content\/uploads\/2014\/05\/PainAuLevain2014.jpg?resize=525%2C300&ssl=1 1.5x, https:\/\/i0.wp.com\/yuri.com.br\/claudio\/wp-content\/uploads\/2014\/05\/PainAuLevain2014.jpg?resize=700%2C400&ssl=1 2x, https:\/\/i0.wp.com\/yuri.com.br\/claudio\/wp-content\/uploads\/2014\/05\/PainAuLevain2014.jpg?resize=1050%2C600&ssl=1 3x"},"classes":[]},{"id":4545,"url":"https:\/\/yuri.com.br\/claudio\/2013\/02\/06\/pao-de-cebola\/","url_meta":{"origin":3947,"position":4},"title":"P\u00e3o de cebola com fermenta\u00e7\u00e3o natural","author":"claudio","date":"6\/fev\/2013","format":false,"excerpt":"Esta postagem vai para o YeastSpotting! Pois estou em d\u00edvida com a Susan do site Wild Yeast, que publica essa cole\u00e7\u00e3o semanal de p\u00e3es artesanais elaborados mundo afora, \u00f3tima id\u00e9ia e fonte de inspira\u00e7\u00e3o para a comunidade. Este p\u00e3o de cebola \u00e9 um dos meus prediletos. O sabor da fermenta\u00e7\u00e3o\u2026","rel":"","context":"Em &quot;'Baixa' Gastronomia&quot;","block_context":{"text":"'Baixa' Gastronomia","link":"https:\/\/yuri.com.br\/claudio\/category\/baixa-gastronomia\/"},"img":{"alt_text":"","src":"https:\/\/i0.wp.com\/yuri.com.br\/claudio\/wp-content\/uploads\/2013\/02\/onionbread1.jpg?resize=350%2C200&ssl=1","width":350,"height":200,"srcset":"https:\/\/i0.wp.com\/yuri.com.br\/claudio\/wp-content\/uploads\/2013\/02\/onionbread1.jpg?resize=350%2C200&ssl=1 1x, https:\/\/i0.wp.com\/yuri.com.br\/claudio\/wp-content\/uploads\/2013\/02\/onionbread1.jpg?resize=525%2C300&ssl=1 1.5x, https:\/\/i0.wp.com\/yuri.com.br\/claudio\/wp-content\/uploads\/2013\/02\/onionbread1.jpg?resize=700%2C400&ssl=1 2x"},"classes":[]},{"id":3575,"url":"https:\/\/yuri.com.br\/claudio\/2012\/03\/25\/pao-do-thima-no-casarao\/","url_meta":{"origin":3947,"position":5},"title":"P\u00e3o do Thima no Casar\u00e3o","author":"claudio","date":"25\/mar\/2012","format":false,"excerpt":"Esses dias rolou um \u00f3timo curso de p\u00e3es artesanais na Hospedaria Casar\u00e3o, com o chef Thima, conhecido de amigos e especializado no SFBI. Tive a sorte de participar desta oportunidade, que certamente vai dar um upgrade nas minhas fornadas! Foram mais de 15 horas (2 dias) para a meleca acima\u2026","rel":"","context":"Em &quot;'Baixa' Gastronomia&quot;","block_context":{"text":"'Baixa' Gastronomia","link":"https:\/\/yuri.com.br\/claudio\/category\/baixa-gastronomia\/"},"img":{"alt_text":"","src":"https:\/\/i0.wp.com\/yuri.com.br\/claudio\/wp-content\/uploads\/2012\/03\/thima5.jpg?resize=350%2C200&ssl=1","width":350,"height":200,"srcset":"https:\/\/i0.wp.com\/yuri.com.br\/claudio\/wp-content\/uploads\/2012\/03\/thima5.jpg?resize=350%2C200&ssl=1 1x, https:\/\/i0.wp.com\/yuri.com.br\/claudio\/wp-content\/uploads\/2012\/03\/thima5.jpg?resize=525%2C300&ssl=1 1.5x, https:\/\/i0.wp.com\/yuri.com.br\/claudio\/wp-content\/uploads\/2012\/03\/thima5.jpg?resize=700%2C400&ssl=1 2x"},"classes":[]}],"_links":{"self":[{"href":"https:\/\/yuri.com.br\/claudio\/wp-json\/wp\/v2\/posts\/3947","targetHints":{"allow":["GET"]}}],"collection":[{"href":"https:\/\/yuri.com.br\/claudio\/wp-json\/wp\/v2\/posts"}],"about":[{"href":"https:\/\/yuri.com.br\/claudio\/wp-json\/wp\/v2\/types\/post"}],"author":[{"embeddable":true,"href":"https:\/\/yuri.com.br\/claudio\/wp-json\/wp\/v2\/users\/2"}],"replies":[{"embeddable":true,"href":"https:\/\/yuri.com.br\/claudio\/wp-json\/wp\/v2\/comments?post=3947"}],"version-history":[{"count":1,"href":"https:\/\/yuri.com.br\/claudio\/wp-json\/wp\/v2\/posts\/3947\/revisions"}],"predecessor-version":[{"id":8292,"href":"https:\/\/yuri.com.br\/claudio\/wp-json\/wp\/v2\/posts\/3947\/revisions\/8292"}],"wp:featuredmedia":[{"embeddable":true,"href":"https:\/\/yuri.com.br\/claudio\/wp-json\/wp\/v2\/media\/3948"}],"wp:attachment":[{"href":"https:\/\/yuri.com.br\/claudio\/wp-json\/wp\/v2\/media?parent=3947"}],"wp:term":[{"taxonomy":"category","embeddable":true,"href":"https:\/\/yuri.com.br\/claudio\/wp-json\/wp\/v2\/categories?post=3947"},{"taxonomy":"post_tag","embeddable":true,"href":"https:\/\/yuri.com.br\/claudio\/wp-json\/wp\/v2\/tags?post=3947"}],"curies":[{"name":"wp","href":"https:\/\/api.w.org\/{rel}","templated":true}]}}