{"id":3937,"date":"2012-08-06T11:28:06","date_gmt":"2012-08-06T11:28:06","guid":{"rendered":"http:\/\/claudiobr.wordpress.com\/?p=3937"},"modified":"2012-08-06T11:28:06","modified_gmt":"2012-08-06T11:28:06","slug":"luminosa","status":"publish","type":"post","link":"https:\/\/yuri.com.br\/claudio\/2012\/08\/06\/luminosa\/","title":{"rendered":"Luminosa"},"content":{"rendered":"<p>Sou fregu\u00eas do alambique de <a href=\"http:\/\/chaledemontanha.blogspot.com.br\/2011\/08\/cachaca-de-luminosa.html\" target=\"_blank\">Luminosa<\/a>. Trouxe 30 litros de cacha\u00e7a de l\u00e1 neste domingo, 15 deles com 9 anos de idade. E pra juntar \u00fatil e agrad\u00e1vel, no caminho tem um setor hom\u00f4nimo, n\u00e3o muito frequentado mas que merece uma visita pelo visual e por esse bloc\u00e3o superior que eu n\u00e3o conhecia at\u00e9 ent\u00e3o. Na parte mais \u00f3bvia, 3 linhas bem aparentes: V11 curto e do\u00eddo na esquerda, V4 atl\u00e9tico de agarr\u00f5es no negativ\u00e3o do meio e um bel\u00edssimo V8 &#8220;sitdown&#8221; pra direita. Em pleno meio-dia a luz estava ruim&#8230; mas a session estava boa!<\/p>\n<p><img loading=\"lazy\" decoding=\"async\" data-attachment-id=\"3938\" data-permalink=\"https:\/\/yuri.com.br\/claudio\/2012\/08\/06\/luminosa\/luminosa_emeu\/\" data-orig-file=\"https:\/\/yuri.com.br\/claudio\/wp-content\/uploads\/2012\/08\/luminosa_emeu.jpg\" data-orig-size=\"700,412\" data-comments-opened=\"1\" data-image-meta=\"{&quot;aperture&quot;:&quot;4.5&quot;,&quot;credit&quot;:&quot;Claudio Brighello&quot;,&quot;camera&quot;:&quot;Canon EOS 7D&quot;,&quot;caption&quot;:&quot;&quot;,&quot;created_timestamp&quot;:&quot;1344172008&quot;,&quot;copyright&quot;:&quot;&quot;,&quot;focal_length&quot;:&quot;11&quot;,&quot;iso&quot;:&quot;160&quot;,&quot;shutter_speed&quot;:&quot;0.004&quot;,&quot;title&quot;:&quot;&quot;}\" data-image-title=\"Yuri tentando o &amp;#8220;\u00c9 meu&amp;#8221; V4\" data-image-description=\"\" data-image-caption=\"\" data-medium-file=\"https:\/\/yuri.com.br\/claudio\/wp-content\/uploads\/2012\/08\/luminosa_emeu-300x176.jpg\" data-large-file=\"https:\/\/yuri.com.br\/claudio\/wp-content\/uploads\/2012\/08\/luminosa_emeu.jpg\" class=\"aligncenter size-full wp-image-3938\" title=\"Yuri tentando o &quot;\u00c9 meu&quot; V4\" src=\"http:\/\/yuri.com.br\/claudio\/wp-content\/uploads\/2012\/08\/luminosa_emeu.jpg\" alt=\"\" width=\"700\" height=\"412\" srcset=\"https:\/\/yuri.com.br\/claudio\/wp-content\/uploads\/2012\/08\/luminosa_emeu.jpg 700w, https:\/\/yuri.com.br\/claudio\/wp-content\/uploads\/2012\/08\/luminosa_emeu-300x176.jpg 300w, https:\/\/yuri.com.br\/claudio\/wp-content\/uploads\/2012\/08\/luminosa_emeu-210x123.jpg 210w\" sizes=\"auto, (max-width: 700px) 100vw, 700px\" \/><\/p>\n<p>Aproveito pra relembrar minha antepen\u00faltima (e primeira) vez que fui escalar l\u00e1 (10 anos atr\u00e1s?) com o casal Taka\/Camila&#8230; a lembran\u00e7a n\u00e3o \u00e9 \u00e0 toa, afinal ambos voltaram a apertar os regletinhos de S\u00e3o Bento neste fds!! Sobre a foto, trata-se de um cromo digitalizado (em baix\u00edssima resolu\u00e7\u00e3o), quando eu usava o bom e velho Fuji Velvia ASA 100. Deu at\u00e9 saudades da \u00e9poca n\u00e3o digital e meu projetor de slides!<\/p>\n<p><img loading=\"lazy\" decoding=\"async\" data-attachment-id=\"3940\" data-permalink=\"https:\/\/yuri.com.br\/claudio\/2012\/08\/06\/luminosa\/blox_taka_family_small-2\/\" data-orig-file=\"https:\/\/yuri.com.br\/claudio\/wp-content\/uploads\/2012\/08\/blox_taka_family_small1.jpg\" data-orig-size=\"540,354\" data-comments-opened=\"1\" data-image-meta=\"{&quot;aperture&quot;:&quot;0&quot;,&quot;credit&quot;:&quot;&quot;,&quot;camera&quot;:&quot;&quot;,&quot;caption&quot;:&quot;&quot;,&quot;created_timestamp&quot;:&quot;0&quot;,&quot;copyright&quot;:&quot;&quot;,&quot;focal_length&quot;:&quot;0&quot;,&quot;iso&quot;:&quot;0&quot;,&quot;shutter_speed&quot;:&quot;0&quot;,&quot;title&quot;:&quot;&quot;}\" data-image-title=\"Taka, Camila e Lia Sati\" data-image-description=\"\" data-image-caption=\"\" data-medium-file=\"https:\/\/yuri.com.br\/claudio\/wp-content\/uploads\/2012\/08\/blox_taka_family_small1-300x196.jpg\" data-large-file=\"https:\/\/yuri.com.br\/claudio\/wp-content\/uploads\/2012\/08\/blox_taka_family_small1.jpg\" class=\"aligncenter size-full wp-image-3940\" title=\"Taka, Camila e Lia Sati\" src=\"http:\/\/yuri.com.br\/claudio\/wp-content\/uploads\/2012\/08\/blox_taka_family_small1.jpg\" alt=\"\" width=\"540\" height=\"354\" srcset=\"https:\/\/yuri.com.br\/claudio\/wp-content\/uploads\/2012\/08\/blox_taka_family_small1.jpg 540w, https:\/\/yuri.com.br\/claudio\/wp-content\/uploads\/2012\/08\/blox_taka_family_small1-300x196.jpg 300w, https:\/\/yuri.com.br\/claudio\/wp-content\/uploads\/2012\/08\/blox_taka_family_small1-210x137.jpg 210w\" sizes=\"auto, (max-width: 540px) 100vw, 540px\" \/><\/p>\n<p>Boa semana proceis!<\/p>\n","protected":false},"excerpt":{"rendered":"<p>Sou fregu\u00eas do alambique de Luminosa. Trouxe 30 litros de cacha\u00e7a de l\u00e1 neste domingo, 15 deles com 9 anos de idade. E pra juntar \u00fatil e agrad\u00e1vel, no caminho tem um setor hom\u00f4nimo, n\u00e3o muito frequentado mas que merece uma visita pelo visual e por esse bloc\u00e3o superior que eu n\u00e3o conhecia at\u00e9 ent\u00e3o.&hellip;&nbsp;<a href=\"https:\/\/yuri.com.br\/claudio\/2012\/08\/06\/luminosa\/\" rel=\"bookmark\">Continue a ler &raquo;<span class=\"screen-reader-text\">Luminosa<\/span><\/a><\/p>\n","protected":false},"author":2,"featured_media":3938,"comment_status":"open","ping_status":"open","sticky":false,"template":"","format":"standard","meta":{"neve_meta_sidebar":"","neve_meta_container":"","neve_meta_enable_content_width":"","neve_meta_content_width":0,"neve_meta_title_alignment":"","neve_meta_author_avatar":"","neve_post_elements_order":"","neve_meta_disable_header":"","neve_meta_disable_footer":"","neve_meta_disable_title":"","jetpack_post_was_ever_published":false,"_jetpack_newsletter_access":"","_jetpack_dont_email_post_to_subs":false,"_jetpack_newsletter_tier_id":0,"_jetpack_memberships_contains_paywalled_content":false,"_jetpack_memberships_contains_paid_content":false,"footnotes":"","jetpack_publicize_message":"","jetpack_publicize_feature_enabled":true,"jetpack_social_post_already_shared":false,"jetpack_social_options":{"image_generator_settings":{"template":"highway","default_image_id":0,"font":"","enabled":false},"version":2}},"categories":[2,3],"tags":[],"class_list":["post-3937","post","type-post","status-publish","format-standard","has-post-thumbnail","hentry","category-baixa-gastronomia","category-escalada"],"jetpack_publicize_connections":[],"jetpack_featured_media_url":"https:\/\/yuri.com.br\/claudio\/wp-content\/uploads\/2012\/08\/luminosa_emeu.jpg","jetpack_shortlink":"https:\/\/wp.me\/s4i7cB-luminosa","jetpack_sharing_enabled":true,"jetpack-related-posts":[{"id":3692,"url":"https:\/\/yuri.com.br\/claudio\/2012\/05\/29\/cachacas-da-regiao\/","url_meta":{"origin":3937,"position":0},"title":"Cacha\u00e7as da regi\u00e3o","author":"claudio","date":"29\/maio\/2012","format":false,"excerpt":"As 2 boas canas das redondezas de S\u00e3o Bento do Sapuca\u00ed: Luminosa e Gon\u00e7alves. No garraf\u00e3o temos um l\u00edquido com 9 anos de idade, envelhecido com lascas de carvalho. E na direita, cacha\u00e7a envelhecida com folha de figo. Os 6 litros acima est\u00e3o destinados a um casamento. Pressinto que ao\u2026","rel":"","context":"Em &quot;'Baixa' Gastronomia&quot;","block_context":{"text":"'Baixa' Gastronomia","link":"https:\/\/yuri.com.br\/claudio\/category\/baixa-gastronomia\/"},"img":{"alt_text":"","src":"https:\/\/i0.wp.com\/yuri.com.br\/claudio\/wp-content\/uploads\/2012\/05\/presente_cesinhatati.jpg?resize=350%2C200&ssl=1","width":350,"height":200,"srcset":"https:\/\/i0.wp.com\/yuri.com.br\/claudio\/wp-content\/uploads\/2012\/05\/presente_cesinhatati.jpg?resize=350%2C200&ssl=1 1x, https:\/\/i0.wp.com\/yuri.com.br\/claudio\/wp-content\/uploads\/2012\/05\/presente_cesinhatati.jpg?resize=525%2C300&ssl=1 1.5x, https:\/\/i0.wp.com\/yuri.com.br\/claudio\/wp-content\/uploads\/2012\/05\/presente_cesinhatati.jpg?resize=700%2C400&ssl=1 2x"},"classes":[]},{"id":438,"url":"https:\/\/yuri.com.br\/claudio\/2009\/02\/26\/carnaval-2009\/","url_meta":{"origin":3937,"position":1},"title":"Carnaval 2009","author":"claudio","date":"26\/fev\/2009","format":false,"excerpt":"Subi algumas fotos do Lenheiro\u00a0\/ S\u00e3o Jo\u00e3o del-Rei. Link para elas aqui. Impress\u00f5es r\u00e1pidas: - Muitos boulders espalhados pela serra toda, com agarras boas em demasia (um quartzito que me lembrou um pouco a Chapada das Perdizes em Minduri). Devo ter visto de perto apenas 10% do potencial todo, portanto\u2026","rel":"","context":"Em &quot;'Baixa' Gastronomia&quot;","block_context":{"text":"'Baixa' Gastronomia","link":"https:\/\/yuri.com.br\/claudio\/category\/baixa-gastronomia\/"},"img":{"alt_text":"","src":"https:\/\/i0.wp.com\/yuri.com.br\/claudio\/wp-content\/uploads\/2009\/02\/sjdr_alexisaline.jpg?resize=350%2C200&ssl=1","width":350,"height":200,"srcset":"https:\/\/i0.wp.com\/yuri.com.br\/claudio\/wp-content\/uploads\/2009\/02\/sjdr_alexisaline.jpg?resize=350%2C200&ssl=1 1x, https:\/\/i0.wp.com\/yuri.com.br\/claudio\/wp-content\/uploads\/2009\/02\/sjdr_alexisaline.jpg?resize=525%2C300&ssl=1 1.5x, https:\/\/i0.wp.com\/yuri.com.br\/claudio\/wp-content\/uploads\/2009\/02\/sjdr_alexisaline.jpg?resize=700%2C400&ssl=1 2x"},"classes":[]},{"id":6363,"url":"https:\/\/yuri.com.br\/claudio\/2013\/12\/28\/feliz-2014\/","url_meta":{"origin":3937,"position":2},"title":"Feliz 2014!","author":"claudio","date":"28\/dez\/2013","format":false,"excerpt":"Vou seguir os \u00faltimos anos e anotar mais algumas provoca\u00e7\u00f5es bem intencionadas... Cachoeira dos Henriques\u00a0\u00a0\u00a0\u00a0\u00a0 Apesar das minhas quase-35 primaveras, me sinto na \"flor da idade\", confesso atravessar a melhor fase da vida. Um paradoxo pois n\u00e3o ganhei nenhum pr\u00eamio, n\u00e3o fui promovido, n\u00e3o sou melhor que ningu\u00e9m, nunca tive\u2026","rel":"","context":"Em &quot;Outros&quot;","block_context":{"text":"Outros","link":"https:\/\/yuri.com.br\/claudio\/category\/outros\/"},"img":{"alt_text":"","src":"https:\/\/i0.wp.com\/yuri.com.br\/claudio\/wp-content\/uploads\/2013\/12\/cachoeiradoshenriques.jpg?resize=350%2C200&ssl=1","width":350,"height":200,"srcset":"https:\/\/i0.wp.com\/yuri.com.br\/claudio\/wp-content\/uploads\/2013\/12\/cachoeiradoshenriques.jpg?resize=350%2C200&ssl=1 1x, https:\/\/i0.wp.com\/yuri.com.br\/claudio\/wp-content\/uploads\/2013\/12\/cachoeiradoshenriques.jpg?resize=525%2C300&ssl=1 1.5x, https:\/\/i0.wp.com\/yuri.com.br\/claudio\/wp-content\/uploads\/2013\/12\/cachoeiradoshenriques.jpg?resize=700%2C400&ssl=1 2x"},"classes":[]},{"id":5132,"url":"https:\/\/yuri.com.br\/claudio\/2013\/05\/16\/paraiso-em-camadas\/","url_meta":{"origin":3937,"position":3},"title":"Para\u00edso em camadas","author":"claudio","date":"16\/maio\/2013","format":false,"excerpt":"Esse friozinho que est\u00e1 chegando n\u00e3o \u00e9 s\u00f3 bom pra escalar ou tomar aquele caldinho de feij\u00e3o com uma boa cacha\u00e7a. Dessa vez n\u00e3o deixarei escapar a oportunidade de me aventurar no estilo vienense e suas massas ricas e laminadas. Assim como o pain au levain, o croissant \u00e9 um\u2026","rel":"","context":"Em &quot;'Baixa' Gastronomia&quot;","block_context":{"text":"'Baixa' Gastronomia","link":"https:\/\/yuri.com.br\/claudio\/category\/baixa-gastronomia\/"},"img":{"alt_text":"","src":"https:\/\/i0.wp.com\/yuri.com.br\/claudio\/wp-content\/uploads\/2013\/05\/croissant_learning.jpg?resize=350%2C200&ssl=1","width":350,"height":200,"srcset":"https:\/\/i0.wp.com\/yuri.com.br\/claudio\/wp-content\/uploads\/2013\/05\/croissant_learning.jpg?resize=350%2C200&ssl=1 1x, https:\/\/i0.wp.com\/yuri.com.br\/claudio\/wp-content\/uploads\/2013\/05\/croissant_learning.jpg?resize=525%2C300&ssl=1 1.5x, https:\/\/i0.wp.com\/yuri.com.br\/claudio\/wp-content\/uploads\/2013\/05\/croissant_learning.jpg?resize=700%2C400&ssl=1 2x"},"classes":[]},{"id":5854,"url":"https:\/\/yuri.com.br\/claudio\/2013\/10\/14\/video-sos-sapatilha\/","url_meta":{"origin":3937,"position":4},"title":"V\u00eddeo: SOS Sapatilha","author":"claudio","date":"14\/out\/2013","format":false,"excerpt":"Conforme prometido, aqui vai o curta a respeito da SOS Sapatilha. Procurei ilustrar nestes 9 minutos um pouco da hist\u00f3ria e evolu\u00e7\u00e3o deste servi\u00e7o que o Bel\u00ea iniciou ainda nos anos 90, prim\u00f3rdios da sua sonhada trajet\u00f3ria e hoje realidade, que \u00e9 viver da escalada. Se as ressolas continuam bombando\u2026","rel":"","context":"Em &quot;Escalada&quot;","block_context":{"text":"Escalada","link":"https:\/\/yuri.com.br\/claudio\/category\/escalada\/"},"img":{"alt_text":"","src":"","width":0,"height":0},"classes":[]},{"id":6039,"url":"https:\/\/yuri.com.br\/claudio\/2013\/11\/05\/torresmo-na-veia-e-climb-no-coracao\/","url_meta":{"origin":3937,"position":5},"title":"Torresmo na veia e climb no cora\u00e7\u00e3o","author":"claudio","date":"5\/nov\/2013","format":false,"excerpt":"Quando percebo que minhas roc-trips visam mais botequins do que pedras, ser\u00e1 que sou mais butequeiro do que escalador? Os vegetarianos que me desculpem pela foto \"x-rated\", mas o beta da vez vai pra esse que \u00e9 o melhor torresmo do ano, cujo corte especial inclui suculentos nacos de carne\u2026","rel":"","context":"Em &quot;'Baixa' Gastronomia&quot;","block_context":{"text":"'Baixa' Gastronomia","link":"https:\/\/yuri.com.br\/claudio\/category\/baixa-gastronomia\/"},"img":{"alt_text":"","src":"https:\/\/i0.wp.com\/yuri.com.br\/claudio\/wp-content\/uploads\/2013\/11\/bardamaria_torresmo.jpg?resize=350%2C200&ssl=1","width":350,"height":200,"srcset":"https:\/\/i0.wp.com\/yuri.com.br\/claudio\/wp-content\/uploads\/2013\/11\/bardamaria_torresmo.jpg?resize=350%2C200&ssl=1 1x, https:\/\/i0.wp.com\/yuri.com.br\/claudio\/wp-content\/uploads\/2013\/11\/bardamaria_torresmo.jpg?resize=525%2C300&ssl=1 1.5x, https:\/\/i0.wp.com\/yuri.com.br\/claudio\/wp-content\/uploads\/2013\/11\/bardamaria_torresmo.jpg?resize=700%2C400&ssl=1 2x"},"classes":[]}],"_links":{"self":[{"href":"https:\/\/yuri.com.br\/claudio\/wp-json\/wp\/v2\/posts\/3937","targetHints":{"allow":["GET"]}}],"collection":[{"href":"https:\/\/yuri.com.br\/claudio\/wp-json\/wp\/v2\/posts"}],"about":[{"href":"https:\/\/yuri.com.br\/claudio\/wp-json\/wp\/v2\/types\/post"}],"author":[{"embeddable":true,"href":"https:\/\/yuri.com.br\/claudio\/wp-json\/wp\/v2\/users\/2"}],"replies":[{"embeddable":true,"href":"https:\/\/yuri.com.br\/claudio\/wp-json\/wp\/v2\/comments?post=3937"}],"version-history":[{"count":0,"href":"https:\/\/yuri.com.br\/claudio\/wp-json\/wp\/v2\/posts\/3937\/revisions"}],"wp:featuredmedia":[{"embeddable":true,"href":"https:\/\/yuri.com.br\/claudio\/wp-json\/wp\/v2\/media\/3938"}],"wp:attachment":[{"href":"https:\/\/yuri.com.br\/claudio\/wp-json\/wp\/v2\/media?parent=3937"}],"wp:term":[{"taxonomy":"category","embeddable":true,"href":"https:\/\/yuri.com.br\/claudio\/wp-json\/wp\/v2\/categories?post=3937"},{"taxonomy":"post_tag","embeddable":true,"href":"https:\/\/yuri.com.br\/claudio\/wp-json\/wp\/v2\/tags?post=3937"}],"curies":[{"name":"wp","href":"https:\/\/api.w.org\/{rel}","templated":true}]}}