{"id":388,"date":"2009-01-23T12:50:27","date_gmt":"2009-01-23T12:50:27","guid":{"rendered":"http:\/\/claudiobr.wordpress.com\/?p=388"},"modified":"2009-01-23T12:50:27","modified_gmt":"2009-01-23T12:50:27","slug":"video-do-grajaurj","status":"publish","type":"post","link":"https:\/\/yuri.com.br\/claudio\/2009\/01\/23\/video-do-grajaurj\/","title":{"rendered":"V\u00eddeo do Graja\u00fa\/RJ"},"content":{"rendered":"<p style=\"text-align:center;\"><div class=\"nv-iframe-embed\"><div class=\"embed-vimeo\" style=\"text-align: center;\"><iframe loading=\"lazy\" src=\"https:\/\/player.vimeo.com\/video\/2922574\" width=\"1200\" height=\"675\" frameborder=\"0\" webkitallowfullscreen mozallowfullscreen allowfullscreen><\/iframe><\/div><\/div>\n<p style=\"text-align:center;\">A homage to the friends and the boulders.<\/p>\n<p>\u00a0&#8220;Curta-metragem&#8221; sobre uma tarde de escalada em um dos melhores locais de boulder da cidade. Foquei a edi\u00e7\u00e3o\/trilha no aspecto mais social, portanto n\u00e3o espere aquele rock&#8217;n&#8217;roll de morder a pedra&#8230;<\/p>\n<p>Bons ventos!<\/p>\n","protected":false},"excerpt":{"rendered":"<p>A homage to the friends and the boulders. \u00a0&#8220;Curta-metragem&#8221; sobre uma tarde de escalada em um dos melhores locais de boulder da cidade. Foquei a edi\u00e7\u00e3o\/trilha no aspecto mais social, portanto n\u00e3o espere aquele rock&#8217;n&#8217;roll de morder a pedra&#8230; Bons ventos!<\/p>\n","protected":false},"author":2,"featured_media":0,"comment_status":"open","ping_status":"open","sticky":false,"template":"","format":"standard","meta":{"neve_meta_sidebar":"","neve_meta_container":"","neve_meta_enable_content_width":"","neve_meta_content_width":0,"neve_meta_title_alignment":"","neve_meta_author_avatar":"","neve_post_elements_order":"","neve_meta_disable_header":"","neve_meta_disable_footer":"","neve_meta_disable_title":"","jetpack_post_was_ever_published":false,"_jetpack_newsletter_access":"","_jetpack_dont_email_post_to_subs":false,"_jetpack_newsletter_tier_id":0,"_jetpack_memberships_contains_paywalled_content":false,"_jetpack_memberships_contains_paid_content":false,"footnotes":"","jetpack_publicize_message":"","jetpack_publicize_feature_enabled":true,"jetpack_social_post_already_shared":false,"jetpack_social_options":{"image_generator_settings":{"template":"highway","default_image_id":0,"font":"","enabled":false},"version":2}},"categories":[3],"tags":[56],"class_list":["post-388","post","type-post","status-publish","format-standard","hentry","category-escalada","tag-grajau"],"jetpack_publicize_connections":[],"jetpack_featured_media_url":"","jetpack_shortlink":"https:\/\/wp.me\/p4i7cB-6g","jetpack_sharing_enabled":true,"jetpack-related-posts":[{"id":233,"url":"https:\/\/yuri.com.br\/claudio\/2008\/09\/23\/grajau\/","url_meta":{"origin":388,"position":0},"title":"Graja\u00fa","author":"claudio","date":"23\/set\/2008","format":false,"excerpt":"Conversando com um amigo escoc\u00eas que atualmente mora aqui no RJ, ouvi uma opini\u00e3o que pode surpreender os c\u00e9ticos: se pegarmos um setor de boulders l\u00e1 da Reserva Florestal do Graja\u00fa, localizada na zona norte do Rio, \u00e9 compar\u00e1vel a um setor de Fontainebleau como Bas Cuvier. \u00c9 isso a\u00ed\u2026","rel":"","context":"Em &quot;Escalada&quot;","block_context":{"text":"Escalada","link":"https:\/\/yuri.com.br\/claudio\/category\/escalada\/"},"img":{"alt_text":"","src":"https:\/\/i0.wp.com\/farm4.static.flickr.com\/3222\/2873891868_dbb013d1a6_d.jpg?resize=350%2C200","width":350,"height":200},"classes":[]},{"id":5965,"url":"https:\/\/yuri.com.br\/claudio\/2013\/10\/21\/o-lindo-batore\/","url_meta":{"origin":388,"position":1},"title":"O lindo Bator\u00e9","author":"claudio","date":"21\/out\/2013","format":false,"excerpt":"O Bator\u00e9 (comediante) pode ser feio pacas, mas o boulder \u00e9 lindo! Pra justificar, aqui vai uma demonstra\u00e7\u00e3o do crux by Diego Correa, que trouxe a sua press\u00e3o \"made in Graja\u00fa\" e botou o V9 no bolso. Clique para ampliar... E n\u00e3o resisti em registrar uma lembrancinha familiar com a\u2026","rel":"","context":"Em &quot;Escalada&quot;","block_context":{"text":"Escalada","link":"https:\/\/yuri.com.br\/claudio\/category\/escalada\/"},"img":{"alt_text":"","src":"https:\/\/i0.wp.com\/yuri.com.br\/claudio\/wp-content\/uploads\/2013\/10\/rubinho_batore_diego.jpg?resize=350%2C200&ssl=1","width":350,"height":200,"srcset":"https:\/\/i0.wp.com\/yuri.com.br\/claudio\/wp-content\/uploads\/2013\/10\/rubinho_batore_diego.jpg?resize=350%2C200&ssl=1 1x, https:\/\/i0.wp.com\/yuri.com.br\/claudio\/wp-content\/uploads\/2013\/10\/rubinho_batore_diego.jpg?resize=525%2C300&ssl=1 1.5x, https:\/\/i0.wp.com\/yuri.com.br\/claudio\/wp-content\/uploads\/2013\/10\/rubinho_batore_diego.jpg?resize=700%2C400&ssl=1 2x, https:\/\/i0.wp.com\/yuri.com.br\/claudio\/wp-content\/uploads\/2013\/10\/rubinho_batore_diego.jpg?resize=1050%2C600&ssl=1 3x"},"classes":[]},{"id":327,"url":"https:\/\/yuri.com.br\/claudio\/2008\/12\/15\/bazar-de-natal-da-limite-vertical-2008-sucesso\/","url_meta":{"origin":388,"position":2},"title":"Bazar de Natal da Limite Vertical 2008 &#8211; SUCESSO","author":"claudio","date":"15\/dez\/2008","format":false,"excerpt":"A 1a. edi\u00e7\u00e3o do \"bazar de natal + mercado de equipos usados + desafio de boulder\", realizado no \u00faltimo s\u00e1bado na Limite Vertical, superou as expectativas. Houve uma enorme circula\u00e7\u00e3o de pessoas (muitas jamais vistas) durante v\u00e1rias horas, expositores vendendo e se divulgando, muita m\u00fasica, o bar bombando e a\u2026","rel":"","context":"Em &quot;Escalada&quot;","block_context":{"text":"Escalada","link":"https:\/\/yuri.com.br\/claudio\/category\/escalada\/"},"img":{"alt_text":"","src":"","width":0,"height":0},"classes":[]},{"id":70,"url":"https:\/\/yuri.com.br\/claudio\/2008\/08\/04\/seguranca-em-boulder\/","url_meta":{"origin":388,"position":3},"title":"Seguran\u00e7a em boulder?","author":"claudio","date":"4\/ago\/2008","format":false,"excerpt":"ATEN\u00c7\u00c3O NA SEG, GALERA!!!!!!!!!!! ---x--- SEGURAN\u00c7A EM BOULDER? Por Claudio Brisighello Bouldering \u00e9 uma das modalidades de escalada que vem crescendo bastante no Brasil, apesar de ser uma \"febre\" recente na hist\u00f3ria deste esporte no pa\u00eds, se comparada aos estilos esportivo e tradicional, por exemplo. Este fato \u00e9 evidenciado tanto\u2026","rel":"","context":"Em &quot;Escalada&quot;","block_context":{"text":"Escalada","link":"https:\/\/yuri.com.br\/claudio\/category\/escalada\/"},"img":{"alt_text":"","src":"https:\/\/i0.wp.com\/yuri.com.br\/claudio\/wp-content\/uploads\/2008\/08\/radioscopia.jpg?resize=350%2C200","width":350,"height":200},"classes":[]},{"id":1223,"url":"https:\/\/yuri.com.br\/claudio\/2009\/12\/08\/home\/","url_meta":{"origin":388,"position":4},"title":"Home is where the heart is","author":"claudio","date":"8\/dez\/2009","format":false,"excerpt":"Em tempo: - a torcida do meng\u00e3o realmente faz jus \u00e0 fama de maior do mundo :-) - Boulder Mix Brasil com o Felipinho: n\u00e3o lotou como merecia mas, quem foi se divertiu e escalou pacas! Pessoalmente, antes eu nunca havia escalado no muro da Patr\u00edcia a n\u00e3o ser em\u2026","rel":"","context":"Em &quot;Escalada&quot;","block_context":{"text":"Escalada","link":"https:\/\/yuri.com.br\/claudio\/category\/escalada\/"},"img":{"alt_text":"","src":"https:\/\/i0.wp.com\/yuri.com.br\/claudio\/wp-content\/uploads\/2009\/12\/up.jpg?resize=350%2C200&ssl=1","width":350,"height":200,"srcset":"https:\/\/i0.wp.com\/yuri.com.br\/claudio\/wp-content\/uploads\/2009\/12\/up.jpg?resize=350%2C200&ssl=1 1x, https:\/\/i0.wp.com\/yuri.com.br\/claudio\/wp-content\/uploads\/2009\/12\/up.jpg?resize=525%2C300&ssl=1 1.5x"},"classes":[]},{"id":4149,"url":"https:\/\/yuri.com.br\/claudio\/2012\/10\/25\/john-gill-o-pioneiro\/","url_meta":{"origin":388,"position":5},"title":"John Gill, o pioneiro","author":"claudio","date":"25\/out\/2012","format":false,"excerpt":"Esse a\u00ed dispensa apresenta\u00e7\u00f5es... se nunca ouviu falar deste vovozinho de 75 anos, pule este post. Aproveito a ocasi\u00e3o \"hist\u00f3ria da escalada\/bouldering\" para lembrar do interessante sistema de gradua\u00e7\u00e3o que John Gill prop\u00f4s nos prim\u00f3rdios (adotado na d\u00e9cada passada por Klem Loskot), uma id\u00e9ia que faz mais sentido para mim\u2026","rel":"","context":"Em &quot;Escalada&quot;","block_context":{"text":"Escalada","link":"https:\/\/yuri.com.br\/claudio\/category\/escalada\/"},"img":{"alt_text":"","src":"https:\/\/i0.wp.com\/img.youtube.com\/vi\/7XklZ40FGgs\/0.jpg?resize=350%2C200","width":350,"height":200},"classes":[]}],"_links":{"self":[{"href":"https:\/\/yuri.com.br\/claudio\/wp-json\/wp\/v2\/posts\/388","targetHints":{"allow":["GET"]}}],"collection":[{"href":"https:\/\/yuri.com.br\/claudio\/wp-json\/wp\/v2\/posts"}],"about":[{"href":"https:\/\/yuri.com.br\/claudio\/wp-json\/wp\/v2\/types\/post"}],"author":[{"embeddable":true,"href":"https:\/\/yuri.com.br\/claudio\/wp-json\/wp\/v2\/users\/2"}],"replies":[{"embeddable":true,"href":"https:\/\/yuri.com.br\/claudio\/wp-json\/wp\/v2\/comments?post=388"}],"version-history":[{"count":0,"href":"https:\/\/yuri.com.br\/claudio\/wp-json\/wp\/v2\/posts\/388\/revisions"}],"wp:attachment":[{"href":"https:\/\/yuri.com.br\/claudio\/wp-json\/wp\/v2\/media?parent=388"}],"wp:term":[{"taxonomy":"category","embeddable":true,"href":"https:\/\/yuri.com.br\/claudio\/wp-json\/wp\/v2\/categories?post=388"},{"taxonomy":"post_tag","embeddable":true,"href":"https:\/\/yuri.com.br\/claudio\/wp-json\/wp\/v2\/tags?post=388"}],"curies":[{"name":"wp","href":"https:\/\/api.w.org\/{rel}","templated":true}]}}