{"id":3873,"date":"2012-08-01T15:05:44","date_gmt":"2012-08-01T15:05:44","guid":{"rendered":"http:\/\/claudiobr.wordpress.com\/?p=3873"},"modified":"2012-08-01T15:05:44","modified_gmt":"2012-08-01T15:05:44","slug":"mais-do-aranha-2","status":"publish","type":"post","link":"https:\/\/yuri.com.br\/claudio\/2012\/08\/01\/mais-do-aranha-2\/","title":{"rendered":"Mais do Aranha"},"content":{"rendered":"<p>Tentando cumprir a promessa de posts um pouco mais informativos&#8230; vista do Setor Aranha, antes do riozinho:<\/p>\n<p><img loading=\"lazy\" decoding=\"async\" data-attachment-id=\"3880\" data-permalink=\"https:\/\/yuri.com.br\/claudio\/2012\/08\/01\/mais-do-aranha-2\/mapasalbentosegundosol-2\/\" data-orig-file=\"https:\/\/yuri.com.br\/claudio\/wp-content\/uploads\/2012\/07\/mapasalbentosegundosol1.jpg\" data-orig-size=\"700,325\" data-comments-opened=\"1\" data-image-meta=\"{&quot;aperture&quot;:&quot;0&quot;,&quot;credit&quot;:&quot;&quot;,&quot;camera&quot;:&quot;&quot;,&quot;caption&quot;:&quot;&quot;,&quot;created_timestamp&quot;:&quot;0&quot;,&quot;copyright&quot;:&quot;&quot;,&quot;focal_length&quot;:&quot;0&quot;,&quot;iso&quot;:&quot;0&quot;,&quot;shutter_speed&quot;:&quot;0&quot;,&quot;title&quot;:&quot;&quot;}\" data-image-title=\"Vista do setor Aranha, antes do riozinho\" data-image-description=\"\" data-image-caption=\"\" data-medium-file=\"https:\/\/yuri.com.br\/claudio\/wp-content\/uploads\/2012\/07\/mapasalbentosegundosol1-300x139.jpg\" data-large-file=\"https:\/\/yuri.com.br\/claudio\/wp-content\/uploads\/2012\/07\/mapasalbentosegundosol1.jpg\" class=\"aligncenter size-full wp-image-3880\" title=\"Vista do setor Aranha, antes do riozinho\" src=\"http:\/\/yuri.com.br\/claudio\/wp-content\/uploads\/2012\/07\/mapasalbentosegundosol1.jpg\" alt=\"\" width=\"700\" height=\"325\" srcset=\"https:\/\/yuri.com.br\/claudio\/wp-content\/uploads\/2012\/07\/mapasalbentosegundosol1.jpg 700w, https:\/\/yuri.com.br\/claudio\/wp-content\/uploads\/2012\/07\/mapasalbentosegundosol1-300x139.jpg 300w, https:\/\/yuri.com.br\/claudio\/wp-content\/uploads\/2012\/07\/mapasalbentosegundosol1-210x97.jpg 210w\" sizes=\"auto, (max-width: 700px) 100vw, 700px\" \/><\/p>\n<p>A verdade \u00e9 que o ritmo que as coisas vem acontecendo na &#8220;<a href=\"http:\/\/claudiobr.wordpress.com\/2012\/05\/17\/rapadura-e-doce-mas-nao-e-mole-nao\/\" target=\"_blank\">real life<\/a>&#8221; ultrapassa o ritmo lento da minha motiva\u00e7\u00e3o blogueira. Desculpas \u00e0 parte, n\u00e3o posso deixar de mencionar que a visita do <a href=\"http:\/\/felipecamargo.com\/2012\/07\/19\/sao-bento\/\" target=\"_blank\">Felipinho<\/a> derrubou o antigo projeto da cocheira, certamente um dos boulders curtos mais dif\u00edceis da regi\u00e3o (qui\u00e7\u00e1 do pa\u00eds?). Pra se ter uma id\u00e9ia, apenas uma agarra te leva dos regletes iniciais ao agarr\u00e3o da borda do teto. S\u00f3 isso te d\u00e1 a certeza de um &#8216;V13sup&#8217;&#8230; estamos falando do tetinho da direita na foto, cujo nome ficou &#8220;Segundo Sol&#8221;.<\/p>\n<p>J\u00e1 no negativ\u00e3o da esquerda, foi inaugurada uma linha bem no meio dele que consiste em um bote de 1 m\u00e3o. Neste tipo de problema de apenas 1 movimento, fica not\u00e1vel como repetir uma linha \u00e9 sempre mais f\u00e1cil que a primeira ascens\u00e3o. Depois que o Felipinho mandou, acontece um desbloqueio na nossa mente e tudo parece mais poss\u00edvel. Nome da belezura: Sal Bento, V10. Segue um quadro da filmagem dele no momento em que eu &#8220;fiquei&#8221;:<\/p>\n<p><a href=\"http:\/\/felipecamargo.com\/2012\/07\/19\/sao-bento\/\" target=\"_blank\"><img loading=\"lazy\" decoding=\"async\" data-attachment-id=\"3876\" data-permalink=\"https:\/\/yuri.com.br\/claudio\/2012\/08\/01\/mais-do-aranha-2\/salbento\/\" data-orig-file=\"https:\/\/yuri.com.br\/claudio\/wp-content\/uploads\/2012\/07\/salbento.jpg\" data-orig-size=\"700,325\" data-comments-opened=\"1\" data-image-meta=\"{&quot;aperture&quot;:&quot;0&quot;,&quot;credit&quot;:&quot;&quot;,&quot;camera&quot;:&quot;&quot;,&quot;caption&quot;:&quot;&quot;,&quot;created_timestamp&quot;:&quot;0&quot;,&quot;copyright&quot;:&quot;&quot;,&quot;focal_length&quot;:&quot;0&quot;,&quot;iso&quot;:&quot;0&quot;,&quot;shutter_speed&quot;:&quot;0&quot;,&quot;title&quot;:&quot;&quot;}\" data-image-title=\"Sal Bento &amp;#8211; Cr\u00e9dito da imagem: Felipe Camargo\" data-image-description=\"\" data-image-caption=\"\" data-medium-file=\"https:\/\/yuri.com.br\/claudio\/wp-content\/uploads\/2012\/07\/salbento-300x139.jpg\" data-large-file=\"https:\/\/yuri.com.br\/claudio\/wp-content\/uploads\/2012\/07\/salbento.jpg\" class=\"aligncenter size-full wp-image-3876\" title=\"Sal Bento - Cr\u00e9dito da imagem: Felipe Camargo\" src=\"http:\/\/yuri.com.br\/claudio\/wp-content\/uploads\/2012\/07\/salbento.jpg\" alt=\"\" width=\"700\" height=\"325\" srcset=\"https:\/\/yuri.com.br\/claudio\/wp-content\/uploads\/2012\/07\/salbento.jpg 700w, https:\/\/yuri.com.br\/claudio\/wp-content\/uploads\/2012\/07\/salbento-300x139.jpg 300w, https:\/\/yuri.com.br\/claudio\/wp-content\/uploads\/2012\/07\/salbento-210x97.jpg 210w\" sizes=\"auto, (max-width: 700px) 100vw, 700px\" \/><\/a><\/p>\n<p>E n\u00e3o esque\u00e7amos que ambas as linhas s\u00f3 existem gra\u00e7as ao &#8220;fino trato&#8221; do Andr\u00e9 Berezoski&#8230; aqui vai uma lembran\u00e7a do mestre Bel\u00ea fazendo o FA do Tapa na Pantera V10, bastante frequentado ultimamente. O \u00ednico \u00e0s vezes confunde, ent\u00e3o esclare\u00e7o que sai com a direita no buraco vertical e a esquerda j\u00e1 na aresta. O 1\u00ba move \u00e9 um tap\u00e3o de esquerda, de onde se busca a bolota no teto (foto). Dali s\u00e3o mais uns 2 rebotes e domina.<\/p>\n<p><a href=\"http:\/\/www.flickr.com\/photos\/cbrisighello\/6344292090\/lightbox\/\"><img loading=\"lazy\" decoding=\"async\" data-attachment-id=\"3879\" data-permalink=\"https:\/\/yuri.com.br\/claudio\/2012\/08\/01\/mais-do-aranha-2\/aranha_bele_tapapantera-2\/\" data-orig-file=\"https:\/\/yuri.com.br\/claudio\/wp-content\/uploads\/2012\/07\/aranha_bele_tapapantera1.jpg\" data-orig-size=\"700,325\" data-comments-opened=\"1\" data-image-meta=\"{&quot;aperture&quot;:&quot;0&quot;,&quot;credit&quot;:&quot;&quot;,&quot;camera&quot;:&quot;&quot;,&quot;caption&quot;:&quot;&quot;,&quot;created_timestamp&quot;:&quot;0&quot;,&quot;copyright&quot;:&quot;&quot;,&quot;focal_length&quot;:&quot;0&quot;,&quot;iso&quot;:&quot;0&quot;,&quot;shutter_speed&quot;:&quot;0&quot;,&quot;title&quot;:&quot;&quot;}\" data-image-title=\"Andr\u00e9 Berezoski &amp;#8211; Tapa na Pantera FA\" data-image-description=\"\" data-image-caption=\"\" data-medium-file=\"https:\/\/yuri.com.br\/claudio\/wp-content\/uploads\/2012\/07\/aranha_bele_tapapantera1-300x139.jpg\" data-large-file=\"https:\/\/yuri.com.br\/claudio\/wp-content\/uploads\/2012\/07\/aranha_bele_tapapantera1.jpg\" class=\"aligncenter size-full wp-image-3879\" title=\"Andr\u00e9 Berezoski - Tapa na Pantera FA\" src=\"http:\/\/yuri.com.br\/claudio\/wp-content\/uploads\/2012\/07\/aranha_bele_tapapantera1.jpg\" alt=\"\" width=\"700\" height=\"325\" srcset=\"https:\/\/yuri.com.br\/claudio\/wp-content\/uploads\/2012\/07\/aranha_bele_tapapantera1.jpg 700w, https:\/\/yuri.com.br\/claudio\/wp-content\/uploads\/2012\/07\/aranha_bele_tapapantera1-300x139.jpg 300w, https:\/\/yuri.com.br\/claudio\/wp-content\/uploads\/2012\/07\/aranha_bele_tapapantera1-210x97.jpg 210w\" sizes=\"auto, (max-width: 700px) 100vw, 700px\" \/><\/a><\/p>\n<p>Por fim, com a temporada bombando, tem acontecido alguns casos de <strong>quebras de agarras chave<\/strong>, ent\u00e3o vale um lembrete daquela &#8220;etiqueta b\u00e1sica&#8221; quando isso acontece: guarde cuidadosamente a agarra e avise a comunidade&#8230;<\/p>\n<p>Boas escaladas a todos!<\/p>\n","protected":false},"excerpt":{"rendered":"<p>Tentando cumprir a promessa de posts um pouco mais informativos&#8230; vista do Setor Aranha, antes do riozinho: A verdade \u00e9 que o ritmo que as coisas vem acontecendo na &#8220;real life&#8221; ultrapassa o ritmo lento da minha motiva\u00e7\u00e3o blogueira. Desculpas \u00e0 parte, n\u00e3o posso deixar de mencionar que a visita do Felipinho derrubou o antigo&hellip;&nbsp;<a href=\"https:\/\/yuri.com.br\/claudio\/2012\/08\/01\/mais-do-aranha-2\/\" rel=\"bookmark\">Continue a ler &raquo;<span class=\"screen-reader-text\">Mais do Aranha<\/span><\/a><\/p>\n","protected":false},"author":2,"featured_media":3874,"comment_status":"open","ping_status":"open","sticky":false,"template":"","format":"standard","meta":{"neve_meta_sidebar":"","neve_meta_container":"","neve_meta_enable_content_width":"","neve_meta_content_width":0,"neve_meta_title_alignment":"","neve_meta_author_avatar":"","neve_post_elements_order":"","neve_meta_disable_header":"","neve_meta_disable_footer":"","neve_meta_disable_title":"","jetpack_post_was_ever_published":false,"_jetpack_newsletter_access":"","_jetpack_dont_email_post_to_subs":false,"_jetpack_newsletter_tier_id":0,"_jetpack_memberships_contains_paywalled_content":false,"_jetpack_memberships_contains_paid_content":false,"footnotes":"","jetpack_publicize_message":"","jetpack_publicize_feature_enabled":true,"jetpack_social_post_already_shared":false,"jetpack_social_options":{"image_generator_settings":{"template":"highway","default_image_id":0,"font":"","enabled":false},"version":2}},"categories":[3],"tags":[],"class_list":["post-3873","post","type-post","status-publish","format-standard","has-post-thumbnail","hentry","category-escalada"],"jetpack_publicize_connections":[],"jetpack_featured_media_url":"https:\/\/yuri.com.br\/claudio\/wp-content\/uploads\/2012\/07\/mapasalbentosegundosol.jpg","jetpack_shortlink":"https:\/\/wp.me\/p4i7cB-10t","jetpack_sharing_enabled":true,"jetpack-related-posts":[{"id":4041,"url":"https:\/\/yuri.com.br\/claudio\/2012\/09\/10\/mutirao-no-aranha\/","url_meta":{"origin":3873,"position":0},"title":"Mutir\u00e3o no Aranha","author":"claudio","date":"10\/set\/2012","format":false,"excerpt":"Neste s\u00e1bado rolou uma for\u00e7a-tarefa no setor Aranha, com a miss\u00e3o (cumprida) de consertar uma porteira que estava quase arrebentando e providenciar uma outra na passagem do riozinho, cujo abre e fecha da cerca estava prec\u00e1rio, possibilitando uma n\u00e3o desejada mistura de gado entre os terrenos. Ainda aproveitamos a presen\u00e7a\u2026","rel":"","context":"Em &quot;Escalada&quot;","block_context":{"text":"Escalada","link":"https:\/\/yuri.com.br\/claudio\/category\/escalada\/"},"img":{"alt_text":"","src":"https:\/\/i0.wp.com\/yuri.com.br\/claudio\/wp-content\/uploads\/2012\/09\/mutiraoaranha2012-5.jpg?resize=350%2C200&ssl=1","width":350,"height":200},"classes":[]},{"id":5726,"url":"https:\/\/yuri.com.br\/claudio\/2013\/09\/05\/jardim-japones-aranha\/","url_meta":{"origin":3873,"position":1},"title":"Jardim Japon\u00eas @ Aranha","author":"claudio","date":"5\/set\/2013","format":false,"excerpt":"A temporada j\u00e1 vem dando sinais de quentura e chuva, mas deu tempo de voltar ao Aranha esses dias para uma session descontra\u00edda. Os \u00faltimos trampos foram no sub-setor entitulado \"Jardim Japon\u00eas\", no caminho para a fal\u00e9sia, e foi pra l\u00e1 que fomos matar a saudade. Abrimos o Story of\u2026","rel":"","context":"Em &quot;Escalada&quot;","block_context":{"text":"Escalada","link":"https:\/\/yuri.com.br\/claudio\/category\/escalada\/"},"img":{"alt_text":"","src":"https:\/\/i0.wp.com\/yuri.com.br\/claudio\/wp-content\/uploads\/2013\/09\/aranha_mobytrick_lello_web.jpg?resize=350%2C200&ssl=1","width":350,"height":200,"srcset":"https:\/\/i0.wp.com\/yuri.com.br\/claudio\/wp-content\/uploads\/2013\/09\/aranha_mobytrick_lello_web.jpg?resize=350%2C200&ssl=1 1x, https:\/\/i0.wp.com\/yuri.com.br\/claudio\/wp-content\/uploads\/2013\/09\/aranha_mobytrick_lello_web.jpg?resize=525%2C300&ssl=1 1.5x, https:\/\/i0.wp.com\/yuri.com.br\/claudio\/wp-content\/uploads\/2013\/09\/aranha_mobytrick_lello_web.jpg?resize=700%2C400&ssl=1 2x, https:\/\/i0.wp.com\/yuri.com.br\/claudio\/wp-content\/uploads\/2013\/09\/aranha_mobytrick_lello_web.jpg?resize=1050%2C600&ssl=1 3x"},"classes":[]},{"id":3857,"url":"https:\/\/yuri.com.br\/claudio\/2012\/08\/21\/da-serie-unclimbed-moves\/","url_meta":{"origin":3873,"position":2},"title":"Da s\u00e9rie: unclimbed moves","author":"claudio","date":"21\/ago\/2012","format":false,"excerpt":"Miguel \u201cEsteban\u201d Osorio provando mais um infame projeto no Aranha, este localizado na sa\u00edda do bloco do Catarina, saindo de um batente inclinado \u00f3bvio de onde se faz um movimento dur\u00edssimo para um cristal e, conforme retratado abaixo, um rebote de esquerda (ainda n\u00e3o isolado) meio cego, pois a micro-agarra\u2026","rel":"","context":"Em &quot;Escalada&quot;","block_context":{"text":"Escalada","link":"https:\/\/yuri.com.br\/claudio\/category\/escalada\/"},"img":{"alt_text":"","src":"https:\/\/i0.wp.com\/yuri.com.br\/claudio\/wp-content\/uploads\/2012\/07\/aranha_projetocatarina_miguel.jpg?resize=350%2C200&ssl=1","width":350,"height":200,"srcset":"https:\/\/i0.wp.com\/yuri.com.br\/claudio\/wp-content\/uploads\/2012\/07\/aranha_projetocatarina_miguel.jpg?resize=350%2C200&ssl=1 1x, https:\/\/i0.wp.com\/yuri.com.br\/claudio\/wp-content\/uploads\/2012\/07\/aranha_projetocatarina_miguel.jpg?resize=525%2C300&ssl=1 1.5x, https:\/\/i0.wp.com\/yuri.com.br\/claudio\/wp-content\/uploads\/2012\/07\/aranha_projetocatarina_miguel.jpg?resize=700%2C400&ssl=1 2x"},"classes":[]},{"id":7990,"url":"https:\/\/yuri.com.br\/claudio\/2014\/07\/14\/mais-aranha-2014\/","url_meta":{"origin":3873,"position":3},"title":"Mais Aranha 2014","author":"Cl\u00e1udio Brisighello","date":"14\/jul\/2014","format":false,"excerpt":"Um pouco mais de sessions pelo Aranha. Agora meu passatempo predileto por l\u00e1 tem sido fotografar. Ficou, digamos assim, muy HARD escalar o que me restou no setor... O gigante chileno Facundo fazendo o Rosinha parecer um lowball. Cassinho, um genu\u00edno sambentista, na sa\u00edda do Vaca Atolada Flavinha mandando ver\u2026","rel":"","context":"Em &quot;Escalada&quot;","block_context":{"text":"Escalada","link":"https:\/\/yuri.com.br\/claudio\/category\/escalada\/"},"img":{"alt_text":"","src":"https:\/\/i0.wp.com\/yuri.com.br\/claudio\/wp-content\/uploads\/2014\/07\/Aranha_Rosinha_Facundo.jpg?resize=350%2C200&ssl=1","width":350,"height":200,"srcset":"https:\/\/i0.wp.com\/yuri.com.br\/claudio\/wp-content\/uploads\/2014\/07\/Aranha_Rosinha_Facundo.jpg?resize=350%2C200&ssl=1 1x, https:\/\/i0.wp.com\/yuri.com.br\/claudio\/wp-content\/uploads\/2014\/07\/Aranha_Rosinha_Facundo.jpg?resize=525%2C300&ssl=1 1.5x, https:\/\/i0.wp.com\/yuri.com.br\/claudio\/wp-content\/uploads\/2014\/07\/Aranha_Rosinha_Facundo.jpg?resize=700%2C400&ssl=1 2x, https:\/\/i0.wp.com\/yuri.com.br\/claudio\/wp-content\/uploads\/2014\/07\/Aranha_Rosinha_Facundo.jpg?resize=1050%2C600&ssl=1 3x"},"classes":[]},{"id":5630,"url":"https:\/\/yuri.com.br\/claudio\/2013\/08\/26\/e-o-rio-continua-lindo\/","url_meta":{"origin":3873,"position":4},"title":"E o Rio continua lindo&#8230;","author":"claudio","date":"26\/ago\/2013","format":false,"excerpt":"Em anota\u00e7\u00f5es saudosistas como esta, soa mais \u00f3bvio guardar imagens dos belos cart\u00f5es postais da cidade maravilhosa, mas no caso deste butequeiro apaixonado que vos escreve, as saudades mais fortes vinham dos balc\u00f5es dos verdadeiros botequins, onde se respira o carioqu\u00eas e pude reencontrar iguarias como este rosbife e o\u2026","rel":"","context":"Em &quot;'Baixa' Gastronomia&quot;","block_context":{"text":"'Baixa' Gastronomia","link":"https:\/\/yuri.com.br\/claudio\/category\/baixa-gastronomia\/"},"img":{"alt_text":"","src":"https:\/\/i0.wp.com\/yuri.com.br\/claudio\/wp-content\/uploads\/2013\/08\/bosque_improviso_dani.jpg?resize=350%2C200&ssl=1","width":350,"height":200,"srcset":"https:\/\/i0.wp.com\/yuri.com.br\/claudio\/wp-content\/uploads\/2013\/08\/bosque_improviso_dani.jpg?resize=350%2C200&ssl=1 1x, https:\/\/i0.wp.com\/yuri.com.br\/claudio\/wp-content\/uploads\/2013\/08\/bosque_improviso_dani.jpg?resize=525%2C300&ssl=1 1.5x, https:\/\/i0.wp.com\/yuri.com.br\/claudio\/wp-content\/uploads\/2013\/08\/bosque_improviso_dani.jpg?resize=700%2C400&ssl=1 2x, https:\/\/i0.wp.com\/yuri.com.br\/claudio\/wp-content\/uploads\/2013\/08\/bosque_improviso_dani.jpg?resize=1050%2C600&ssl=1 3x"},"classes":[]},{"id":4208,"url":"https:\/\/yuri.com.br\/claudio\/2012\/11\/11\/5-10-brasil\/","url_meta":{"origin":3873,"position":5},"title":"5.10 BRASIL","author":"claudio","date":"11\/nov\/2012","format":false,"excerpt":"Fotografar comercialmente n\u00e3o \u00e9 minha praia. Mas com um trio gente boa desses, escalando no \"quintal\" de casa, o trabalho vira uma honra... compartilho ent\u00e3o algumas imagens que fiz para a Five Ten e seu time brazuca, todas feitas no setor Aranha (exceto as do Bel\u00ea em sua oficina). Desejo\u2026","rel":"","context":"Em &quot;Escalada&quot;","block_context":{"text":"Escalada","link":"https:\/\/yuri.com.br\/claudio\/category\/escalada\/"},"img":{"alt_text":"","src":"https:\/\/i0.wp.com\/yuri.com.br\/claudio\/wp-content\/uploads\/2012\/11\/fiveten73.jpg?resize=350%2C200","width":350,"height":200,"srcset":"https:\/\/i0.wp.com\/yuri.com.br\/claudio\/wp-content\/uploads\/2012\/11\/fiveten73.jpg?resize=350%2C200 1x, https:\/\/i0.wp.com\/yuri.com.br\/claudio\/wp-content\/uploads\/2012\/11\/fiveten73.jpg?resize=525%2C300 1.5x, https:\/\/i0.wp.com\/yuri.com.br\/claudio\/wp-content\/uploads\/2012\/11\/fiveten73.jpg?resize=700%2C400 2x"},"classes":[]}],"_links":{"self":[{"href":"https:\/\/yuri.com.br\/claudio\/wp-json\/wp\/v2\/posts\/3873","targetHints":{"allow":["GET"]}}],"collection":[{"href":"https:\/\/yuri.com.br\/claudio\/wp-json\/wp\/v2\/posts"}],"about":[{"href":"https:\/\/yuri.com.br\/claudio\/wp-json\/wp\/v2\/types\/post"}],"author":[{"embeddable":true,"href":"https:\/\/yuri.com.br\/claudio\/wp-json\/wp\/v2\/users\/2"}],"replies":[{"embeddable":true,"href":"https:\/\/yuri.com.br\/claudio\/wp-json\/wp\/v2\/comments?post=3873"}],"version-history":[{"count":0,"href":"https:\/\/yuri.com.br\/claudio\/wp-json\/wp\/v2\/posts\/3873\/revisions"}],"wp:featuredmedia":[{"embeddable":true,"href":"https:\/\/yuri.com.br\/claudio\/wp-json\/wp\/v2\/media\/3874"}],"wp:attachment":[{"href":"https:\/\/yuri.com.br\/claudio\/wp-json\/wp\/v2\/media?parent=3873"}],"wp:term":[{"taxonomy":"category","embeddable":true,"href":"https:\/\/yuri.com.br\/claudio\/wp-json\/wp\/v2\/categories?post=3873"},{"taxonomy":"post_tag","embeddable":true,"href":"https:\/\/yuri.com.br\/claudio\/wp-json\/wp\/v2\/tags?post=3873"}],"curies":[{"name":"wp","href":"https:\/\/api.w.org\/{rel}","templated":true}]}}