{"id":3866,"date":"2012-07-28T23:59:49","date_gmt":"2012-07-28T23:59:49","guid":{"rendered":"http:\/\/claudiobr.wordpress.com\/?p=3866"},"modified":"2012-07-28T23:59:49","modified_gmt":"2012-07-28T23:59:49","slug":"corredor-5-estrelas","status":"publish","type":"post","link":"https:\/\/yuri.com.br\/claudio\/2012\/07\/28\/corredor-5-estrelas\/","title":{"rendered":"Corredor 5 estrelas"},"content":{"rendered":"<p>E o Lello resolveu &#8220;tirar poeira&#8221; dessa bela linha escondida no generoso bloco do Catarina. Mesma sa\u00edda, por\u00e9m toca pra esquerda. Este \u00e9 o momento que precede o crux, uma exigente cruzada de direita at\u00e9 o regletinho superior da foto. O nome do aperto \u00e9 Bet\u00f4mega, aberto pelo Rodras anos atr\u00e1s. Escalar em corredores &#8220;claustrof\u00f3bicos&#8221; como este, \u00e9 mais um absurdo que esclarece essa loucura toda. Local escuro para fotos sem flash&#8230; ISO2500!<\/p>\n<p><a href=\"http:\/\/www.flickr.com\/photos\/cbrisighello\/7661244968\/in\/photostream\/lightbox\/\" target=\"_blank\"><img loading=\"lazy\" decoding=\"async\" data-attachment-id=\"3867\" data-permalink=\"https:\/\/yuri.com.br\/claudio\/2012\/07\/28\/corredor-5-estrelas\/aranha_betomega_lello\/\" data-orig-file=\"https:\/\/yuri.com.br\/claudio\/wp-content\/uploads\/2012\/07\/aranha_betomega_lello.jpg\" data-orig-size=\"700,486\" data-comments-opened=\"1\" data-image-meta=\"{&quot;aperture&quot;:&quot;0&quot;,&quot;credit&quot;:&quot;&quot;,&quot;camera&quot;:&quot;&quot;,&quot;caption&quot;:&quot;&quot;,&quot;created_timestamp&quot;:&quot;0&quot;,&quot;copyright&quot;:&quot;&quot;,&quot;focal_length&quot;:&quot;0&quot;,&quot;iso&quot;:&quot;0&quot;,&quot;shutter_speed&quot;:&quot;0&quot;,&quot;title&quot;:&quot;&quot;}\" data-image-title=\"Lello tentando o Bet\u00f4mega V7\" data-image-description=\"\" data-image-caption=\"\" data-medium-file=\"https:\/\/yuri.com.br\/claudio\/wp-content\/uploads\/2012\/07\/aranha_betomega_lello-300x208.jpg\" data-large-file=\"https:\/\/yuri.com.br\/claudio\/wp-content\/uploads\/2012\/07\/aranha_betomega_lello.jpg\" class=\"aligncenter size-full wp-image-3867\" title=\"Lello tentando o Bet\u00f4mega V7\" src=\"http:\/\/yuri.com.br\/claudio\/wp-content\/uploads\/2012\/07\/aranha_betomega_lello.jpg\" alt=\"\" width=\"700\" height=\"486\" srcset=\"https:\/\/yuri.com.br\/claudio\/wp-content\/uploads\/2012\/07\/aranha_betomega_lello.jpg 700w, https:\/\/yuri.com.br\/claudio\/wp-content\/uploads\/2012\/07\/aranha_betomega_lello-300x208.jpg 300w, https:\/\/yuri.com.br\/claudio\/wp-content\/uploads\/2012\/07\/aranha_betomega_lello-210x145.jpg 210w\" sizes=\"auto, (max-width: 700px) 100vw, 700px\" \/><\/a><\/p>\n","protected":false},"excerpt":{"rendered":"<p>E o Lello resolveu &#8220;tirar poeira&#8221; dessa bela linha escondida no generoso bloco do Catarina. Mesma sa\u00edda, por\u00e9m toca pra esquerda. Este \u00e9 o momento que precede o crux, uma exigente cruzada de direita at\u00e9 o regletinho superior da foto. O nome do aperto \u00e9 Bet\u00f4mega, aberto pelo Rodras anos atr\u00e1s. Escalar em corredores &#8220;claustrof\u00f3bicos&#8221;&hellip;&nbsp;<a href=\"https:\/\/yuri.com.br\/claudio\/2012\/07\/28\/corredor-5-estrelas\/\" rel=\"bookmark\">Continue a ler &raquo;<span class=\"screen-reader-text\">Corredor 5 estrelas<\/span><\/a><\/p>\n","protected":false},"author":2,"featured_media":3867,"comment_status":"open","ping_status":"open","sticky":false,"template":"","format":"standard","meta":{"neve_meta_sidebar":"","neve_meta_container":"","neve_meta_enable_content_width":"","neve_meta_content_width":0,"neve_meta_title_alignment":"","neve_meta_author_avatar":"","neve_post_elements_order":"","neve_meta_disable_header":"","neve_meta_disable_footer":"","neve_meta_disable_title":"","jetpack_post_was_ever_published":false,"_jetpack_newsletter_access":"","_jetpack_dont_email_post_to_subs":false,"_jetpack_newsletter_tier_id":0,"_jetpack_memberships_contains_paywalled_content":false,"_jetpack_memberships_contains_paid_content":false,"footnotes":"","jetpack_publicize_message":"","jetpack_publicize_feature_enabled":true,"jetpack_social_post_already_shared":false,"jetpack_social_options":{"image_generator_settings":{"template":"highway","default_image_id":0,"font":"","enabled":false},"version":2}},"categories":[3],"tags":[],"class_list":["post-3866","post","type-post","status-publish","format-standard","has-post-thumbnail","hentry","category-escalada"],"jetpack_publicize_connections":[],"jetpack_featured_media_url":"https:\/\/yuri.com.br\/claudio\/wp-content\/uploads\/2012\/07\/aranha_betomega_lello.jpg","jetpack_shortlink":"https:\/\/wp.me\/p4i7cB-10m","jetpack_sharing_enabled":true,"jetpack-related-posts":[{"id":3975,"url":"https:\/\/yuri.com.br\/claudio\/2012\/08\/09\/nucanaquina\/","url_meta":{"origin":3866,"position":0},"title":"Nucanaquina @ Aranha","author":"claudio","date":"9\/ago\/2012","format":false,"excerpt":"Mais um trabalho conjunto com os titius e o bloco atr\u00e1s do Tapa na Pantera foi limpo, resultando em uma bela linha de aresta com crux no final e dificuldade moderada, n\u00e3o poderia ser mais perfeito. O nome \u00e9 devido ao cuidado com a cabe\u00e7a nos \u00faltimos movimentos, depois do\u2026","rel":"","context":"Em &quot;Escalada&quot;","block_context":{"text":"Escalada","link":"https:\/\/yuri.com.br\/claudio\/category\/escalada\/"},"img":{"alt_text":"","src":"https:\/\/i0.wp.com\/yuri.com.br\/claudio\/wp-content\/uploads\/2012\/08\/aranha_nucanaquina.jpg?resize=350%2C200&ssl=1","width":350,"height":200,"srcset":"https:\/\/i0.wp.com\/yuri.com.br\/claudio\/wp-content\/uploads\/2012\/08\/aranha_nucanaquina.jpg?resize=350%2C200&ssl=1 1x, https:\/\/i0.wp.com\/yuri.com.br\/claudio\/wp-content\/uploads\/2012\/08\/aranha_nucanaquina.jpg?resize=525%2C300&ssl=1 1.5x, https:\/\/i0.wp.com\/yuri.com.br\/claudio\/wp-content\/uploads\/2012\/08\/aranha_nucanaquina.jpg?resize=700%2C400&ssl=1 2x"},"classes":[]},{"id":543,"url":"https:\/\/yuri.com.br\/claudio\/2009\/04\/07\/mais-fotos-comentadas-2\/","url_meta":{"origin":3866,"position":1},"title":"Mais fotos comentadas&#8230;","author":"claudio","date":"7\/abr\/2009","format":false,"excerpt":"Mais uma foto do CE2000, com o Alexis no crux da 1a. parte da Epit\u00e1fios, uma sequ\u00eancia que atravessa aquela bela se\u00e7\u00e3o \"ondulada\" da pedra. H\u00e1 um jogo de diagonais nesta imagem. Repare na extremidade direita da parede, coincidindo com o \u00e2ngulo superior direito da imagem, procurei montar uma certa\u2026","rel":"","context":"Em &quot;Escalada&quot;","block_context":{"text":"Escalada","link":"https:\/\/yuri.com.br\/claudio\/category\/escalada\/"},"img":{"alt_text":"","src":"https:\/\/i0.wp.com\/farm4.static.flickr.com\/3639\/3321025322_e01308bb1f.jpg?resize=350%2C200","width":350,"height":200},"classes":[]},{"id":3335,"url":"https:\/\/yuri.com.br\/claudio\/2012\/01\/22\/mais-do-aranha\/","url_meta":{"origin":3866,"position":2},"title":"Mais do Aranha","author":"claudio","date":"22\/jan\/2012","format":false,"excerpt":"Compartilhando mais linhas novas de dificuldade \"moderada\" na cave do Aranha (a prova d\u00b4\u00e1gua!)... Desta vez falamos do bloco levemente negativo logo atr\u00e1s do Derretidos, acredito que sempre passou despercebido devido \u00e0 sua base ruim, mas na \u00faltima semana fomos l\u00e1 alavancar as pedras e limpar as 2 linhas \u00f3bvias,\u2026","rel":"","context":"Em &quot;Escalada&quot;","block_context":{"text":"Escalada","link":"https:\/\/yuri.com.br\/claudio\/category\/escalada\/"},"img":{"alt_text":"","src":"https:\/\/i0.wp.com\/yuri.com.br\/claudio\/wp-content\/uploads\/2012\/01\/aranha_popfingerscaca.jpg?resize=350%2C200&ssl=1","width":350,"height":200,"srcset":"https:\/\/i0.wp.com\/yuri.com.br\/claudio\/wp-content\/uploads\/2012\/01\/aranha_popfingerscaca.jpg?resize=350%2C200&ssl=1 1x, https:\/\/i0.wp.com\/yuri.com.br\/claudio\/wp-content\/uploads\/2012\/01\/aranha_popfingerscaca.jpg?resize=525%2C300&ssl=1 1.5x, https:\/\/i0.wp.com\/yuri.com.br\/claudio\/wp-content\/uploads\/2012\/01\/aranha_popfingerscaca.jpg?resize=700%2C400&ssl=1 2x"},"classes":[]},{"id":653,"url":"https:\/\/yuri.com.br\/claudio\/2009\/05\/05\/ubatuba-report\/","url_meta":{"origin":3866,"position":3},"title":"Ubatuba report","author":"claudio","date":"5\/maio\/2009","format":false,"excerpt":"Algumas imagens e impress\u00f5es anotadas neste \u00faltimo feriado no Pont\u00e3o da Fortaleza. - A metereologia de Ubachuva \u00e9 um pouco sens\u00edvel. Leve seus amuletos da sorte, pois pode estar caindo o mundo em um canto da praia, e na outra ponta estar tudo seco. Se molhar, n\u00e3o desanime pois os\u2026","rel":"","context":"Em &quot;Escalada&quot;","block_context":{"text":"Escalada","link":"https:\/\/yuri.com.br\/claudio\/category\/escalada\/"},"img":{"alt_text":"","src":"https:\/\/i0.wp.com\/farm4.static.flickr.com\/3553\/3498900983_59682bf04a.jpg?resize=350%2C200","width":350,"height":200},"classes":[]},{"id":5801,"url":"https:\/\/yuri.com.br\/claudio\/2013\/09\/25\/primavera-arabe-rubinho\/","url_meta":{"origin":3866,"position":4},"title":"Primavera \u00c1rabe @ Rubinho","author":"claudio","date":"25\/set\/2013","format":false,"excerpt":"Essa linha pode n\u00e3o parecer t\u00e3o bonita \u00e0 primeira vista, ent\u00e3o aqui vai uma foto pra embelezar um pouco o neg\u00f3cio: Yuri no Primavera \u00c1rabe V5 no Rubinho, corra porque os abaolados do crux est\u00e3o ficando cada vez piores conforme acaba a temporada... e os regletinhos do final est\u00e3o sumindo.\u2026","rel":"","context":"Em &quot;Escalada&quot;","block_context":{"text":"Escalada","link":"https:\/\/yuri.com.br\/claudio\/category\/escalada\/"},"img":{"alt_text":"","src":"https:\/\/i0.wp.com\/yuri.com.br\/claudio\/wp-content\/uploads\/2013\/09\/rubinho_primaveraarabe_yuri.jpg?resize=350%2C200&ssl=1","width":350,"height":200,"srcset":"https:\/\/i0.wp.com\/yuri.com.br\/claudio\/wp-content\/uploads\/2013\/09\/rubinho_primaveraarabe_yuri.jpg?resize=350%2C200&ssl=1 1x, https:\/\/i0.wp.com\/yuri.com.br\/claudio\/wp-content\/uploads\/2013\/09\/rubinho_primaveraarabe_yuri.jpg?resize=525%2C300&ssl=1 1.5x, https:\/\/i0.wp.com\/yuri.com.br\/claudio\/wp-content\/uploads\/2013\/09\/rubinho_primaveraarabe_yuri.jpg?resize=700%2C400&ssl=1 2x"},"classes":[]},{"id":4071,"url":"https:\/\/yuri.com.br\/claudio\/2012\/09\/19\/ubt-session\/","url_meta":{"origin":3866,"position":5},"title":"UBT session","author":"claudio","date":"19\/set\/2012","format":false,"excerpt":"Depois de muito tempo sem viajar para escalar, por fim uma rock-trip! Apesar do calorz\u00e3o que anda fazendo esses dias, \u00e9 sempre bom estar nesse point t\u00e3o desenvolvido e com uma incr\u00edvel concentra\u00e7\u00e3o de op\u00e7\u00f5es por metro quadrado. Tamb\u00e9m foi bom poder me testar e perceber que S\u00e3o Bento tem\u2026","rel":"","context":"Em &quot;Escalada&quot;","block_context":{"text":"Escalada","link":"https:\/\/yuri.com.br\/claudio\/category\/escalada\/"},"img":{"alt_text":"","src":"https:\/\/i0.wp.com\/yuri.com.br\/claudio\/wp-content\/uploads\/2012\/09\/ubt_paisagem2012set.jpg?resize=350%2C200&ssl=1","width":350,"height":200},"classes":[]}],"_links":{"self":[{"href":"https:\/\/yuri.com.br\/claudio\/wp-json\/wp\/v2\/posts\/3866","targetHints":{"allow":["GET"]}}],"collection":[{"href":"https:\/\/yuri.com.br\/claudio\/wp-json\/wp\/v2\/posts"}],"about":[{"href":"https:\/\/yuri.com.br\/claudio\/wp-json\/wp\/v2\/types\/post"}],"author":[{"embeddable":true,"href":"https:\/\/yuri.com.br\/claudio\/wp-json\/wp\/v2\/users\/2"}],"replies":[{"embeddable":true,"href":"https:\/\/yuri.com.br\/claudio\/wp-json\/wp\/v2\/comments?post=3866"}],"version-history":[{"count":0,"href":"https:\/\/yuri.com.br\/claudio\/wp-json\/wp\/v2\/posts\/3866\/revisions"}],"wp:featuredmedia":[{"embeddable":true,"href":"https:\/\/yuri.com.br\/claudio\/wp-json\/wp\/v2\/media\/3867"}],"wp:attachment":[{"href":"https:\/\/yuri.com.br\/claudio\/wp-json\/wp\/v2\/media?parent=3866"}],"wp:term":[{"taxonomy":"category","embeddable":true,"href":"https:\/\/yuri.com.br\/claudio\/wp-json\/wp\/v2\/categories?post=3866"},{"taxonomy":"post_tag","embeddable":true,"href":"https:\/\/yuri.com.br\/claudio\/wp-json\/wp\/v2\/tags?post=3866"}],"curies":[{"name":"wp","href":"https:\/\/api.w.org\/{rel}","templated":true}]}}