{"id":3857,"date":"2012-08-21T15:09:45","date_gmt":"2012-08-21T15:09:45","guid":{"rendered":"http:\/\/claudiobr.wordpress.com\/?p=3857"},"modified":"2012-08-21T15:09:45","modified_gmt":"2012-08-21T15:09:45","slug":"da-serie-unclimbed-moves","status":"publish","type":"post","link":"https:\/\/yuri.com.br\/claudio\/2012\/08\/21\/da-serie-unclimbed-moves\/","title":{"rendered":"Da s\u00e9rie: unclimbed moves"},"content":{"rendered":"<p>Miguel \u201cEsteban\u201d Osorio provando mais um infame projeto no Aranha, este localizado na sa\u00edda do bloco do Catarina, saindo de um batente inclinado \u00f3bvio de onde se faz um movimento dur\u00edssimo para um cristal e, conforme retratado abaixo, um rebote de esquerda (ainda n\u00e3o isolado) meio cego, pois a micro-agarra se esconde atr\u00e1s de uma barriguinha. Requer um misto de sorte e reflexo neuromuscular&#8230; aos masoquistas de plant\u00e3o: bora l\u00e1 tentar!<\/p>\n<p><a href=\"http:\/\/www.flickr.com\/photos\/cbrisighello\/7697252128\/in\/photostream\/lightbox\/\" target=\"_blank\"><img loading=\"lazy\" decoding=\"async\" data-attachment-id=\"3858\" data-permalink=\"https:\/\/yuri.com.br\/claudio\/2012\/08\/21\/da-serie-unclimbed-moves\/aranha_projetocatarina_miguel\/\" data-orig-file=\"https:\/\/yuri.com.br\/claudio\/wp-content\/uploads\/2012\/07\/aranha_projetocatarina_miguel.jpg\" data-orig-size=\"700,648\" data-comments-opened=\"1\" data-image-meta=\"{&quot;aperture&quot;:&quot;4&quot;,&quot;credit&quot;:&quot;Claudio Brighello&quot;,&quot;camera&quot;:&quot;Canon EOS 7D&quot;,&quot;caption&quot;:&quot;&quot;,&quot;created_timestamp&quot;:&quot;1342976402&quot;,&quot;copyright&quot;:&quot;&quot;,&quot;focal_length&quot;:&quot;10&quot;,&quot;iso&quot;:&quot;1000&quot;,&quot;shutter_speed&quot;:&quot;0.00625&quot;,&quot;title&quot;:&quot;&quot;}\" data-image-title=\"Miguel Osorio @ Aranha projects\" data-image-description=\"\" data-image-caption=\"\" data-medium-file=\"https:\/\/yuri.com.br\/claudio\/wp-content\/uploads\/2012\/07\/aranha_projetocatarina_miguel-300x277.jpg\" data-large-file=\"https:\/\/yuri.com.br\/claudio\/wp-content\/uploads\/2012\/07\/aranha_projetocatarina_miguel.jpg\" class=\"aligncenter size-full wp-image-3858\" title=\"Miguel Osorio @ Aranha projects\" src=\"http:\/\/yuri.com.br\/claudio\/wp-content\/uploads\/2012\/07\/aranha_projetocatarina_miguel.jpg\" alt=\"\" width=\"700\" height=\"648\" srcset=\"https:\/\/yuri.com.br\/claudio\/wp-content\/uploads\/2012\/07\/aranha_projetocatarina_miguel.jpg 700w, https:\/\/yuri.com.br\/claudio\/wp-content\/uploads\/2012\/07\/aranha_projetocatarina_miguel-300x277.jpg 300w, https:\/\/yuri.com.br\/claudio\/wp-content\/uploads\/2012\/07\/aranha_projetocatarina_miguel-210x194.jpg 210w\" sizes=\"auto, (max-width: 700px) 100vw, 700px\" \/><\/a><\/p>\n<p>Linhas novas e projetos no <a href=\"http:\/\/refugioaranha.blogspot.com.br\/2012\/08\/betas-para-o-lugar.html\" target=\"_blank\">setor<\/a> est\u00e3o desaflorando tanto que mal consigo dar conta de tudo o que vem rolando&#8230; me parece ser uma combina\u00e7\u00e3o de uma galera experiente, motivada e proativa, uni\u00e3o e respeito, bra\u00e7os abertos, tudo aliado a um futurista potencial evolutivo (a tal da &#8220;vis\u00e3o&#8221;).<\/p>\n<p><em>The real voyage of discovery consists not in seeking new landscapes but in having new eyes.<\/em><br \/>\n<strong>&#8211; Marcel Proust<\/strong><\/p>\n","protected":false},"excerpt":{"rendered":"<p>Miguel \u201cEsteban\u201d Osorio provando mais um infame projeto no Aranha, este localizado na sa\u00edda do bloco do Catarina, saindo de um batente inclinado \u00f3bvio de onde se faz um movimento dur\u00edssimo para um cristal e, conforme retratado abaixo, um rebote de esquerda (ainda n\u00e3o isolado) meio cego, pois a micro-agarra se esconde atr\u00e1s de uma&hellip;&nbsp;<a href=\"https:\/\/yuri.com.br\/claudio\/2012\/08\/21\/da-serie-unclimbed-moves\/\" rel=\"bookmark\">Continue a ler &raquo;<span class=\"screen-reader-text\">Da s\u00e9rie: unclimbed moves<\/span><\/a><\/p>\n","protected":false},"author":2,"featured_media":3858,"comment_status":"open","ping_status":"open","sticky":false,"template":"","format":"standard","meta":{"neve_meta_sidebar":"","neve_meta_container":"","neve_meta_enable_content_width":"","neve_meta_content_width":0,"neve_meta_title_alignment":"","neve_meta_author_avatar":"","neve_post_elements_order":"","neve_meta_disable_header":"","neve_meta_disable_footer":"","neve_meta_disable_title":"","jetpack_post_was_ever_published":false,"_jetpack_newsletter_access":"","_jetpack_dont_email_post_to_subs":false,"_jetpack_newsletter_tier_id":0,"_jetpack_memberships_contains_paywalled_content":false,"_jetpack_memberships_contains_paid_content":false,"footnotes":"","jetpack_publicize_message":"","jetpack_publicize_feature_enabled":true,"jetpack_social_post_already_shared":false,"jetpack_social_options":{"image_generator_settings":{"template":"highway","default_image_id":0,"font":"","enabled":false},"version":2}},"categories":[3],"tags":[],"class_list":["post-3857","post","type-post","status-publish","format-standard","has-post-thumbnail","hentry","category-escalada"],"jetpack_publicize_connections":[],"jetpack_featured_media_url":"https:\/\/yuri.com.br\/claudio\/wp-content\/uploads\/2012\/07\/aranha_projetocatarina_miguel.jpg","jetpack_shortlink":"https:\/\/wp.me\/p4i7cB-10d","jetpack_sharing_enabled":true,"jetpack-related-posts":[{"id":1511,"url":"https:\/\/yuri.com.br\/claudio\/2010\/02\/09\/project-365\/","url_meta":{"origin":3857,"position":0},"title":"Project 365","author":"claudio","date":"9\/fev\/2010","format":false,"excerpt":"Desde o ano passado, notei alguns malucos se comprometendo num projeto fotogr\u00e1fico que consiste em tirar uma foto por dia, durante os 365 dias do ano. O destaque foi Dustin Diaz, que chegou a ser eleito o Best Flickr Photographer de 2009 em vota\u00e7\u00e3o popular. Ele ainda publicava os setups\u2026","rel":"","context":"Em &quot;Outros&quot;","block_context":{"text":"Outros","link":"https:\/\/yuri.com.br\/claudio\/category\/outros\/"},"img":{"alt_text":"","src":"https:\/\/i0.wp.com\/l.yimg.com\/g\/images\/spaceball.gif?resize=350%2C200","width":350,"height":200},"classes":[]},{"id":5123,"url":"https:\/\/yuri.com.br\/claudio\/2013\/05\/15\/boulder-session\/","url_meta":{"origin":3857,"position":1},"title":"&#8220;Boulder Session&#8221;","author":"claudio","date":"15\/maio\/2013","format":false,"excerpt":"Mais uma session no Rubinho: s\u00e3o 4 linhas de dificuldades progressivas nesta proa: Tapinha nas Costas, Tapa na Cara, Tapa na Orelha e a \u00faltima e concentrada adi\u00e7\u00e3o, Golpe Baixo. Contando com os projetos, o setor j\u00e1 est\u00e1 chegando a 40 linhas. Curiosidade: os cactos vis\u00edveis na imagem s\u00e3o da\u2026","rel":"","context":"Em &quot;Escalada&quot;","block_context":{"text":"Escalada","link":"https:\/\/yuri.com.br\/claudio\/category\/escalada\/"},"img":{"alt_text":"","src":"https:\/\/i0.wp.com\/yuri.com.br\/claudio\/wp-content\/uploads\/2013\/05\/rubinho_babaleia_tapanacara.jpg?resize=350%2C200&ssl=1","width":350,"height":200,"srcset":"https:\/\/i0.wp.com\/yuri.com.br\/claudio\/wp-content\/uploads\/2013\/05\/rubinho_babaleia_tapanacara.jpg?resize=350%2C200&ssl=1 1x, https:\/\/i0.wp.com\/yuri.com.br\/claudio\/wp-content\/uploads\/2013\/05\/rubinho_babaleia_tapanacara.jpg?resize=525%2C300&ssl=1 1.5x, https:\/\/i0.wp.com\/yuri.com.br\/claudio\/wp-content\/uploads\/2013\/05\/rubinho_babaleia_tapanacara.jpg?resize=700%2C400&ssl=1 2x"},"classes":[]},{"id":5255,"url":"https:\/\/yuri.com.br\/claudio\/2013\/06\/04\/pra-variar\/","url_meta":{"origin":3857,"position":2},"title":"Pra variar&#8230;","author":"claudio","date":"4\/jun\/2013","format":false,"excerpt":"Mais fotos do setor Rubinho: Edu Belis\u00e1rio mandando o cl\u00e1ssico Buracos (V4? Depende da sua estatura!), foto tirada no topo do projeto Medusa, com o bloco do Rollerblade acima e a galera sentada no bloco do Fontainebinho. D\u00e1 pra ter uma no\u00e7\u00e3o da proximidade entre os boulders. Camila Ferreira mandando\u2026","rel":"","context":"Em &quot;Escalada&quot;","block_context":{"text":"Escalada","link":"https:\/\/yuri.com.br\/claudio\/category\/escalada\/"},"img":{"alt_text":"","src":"https:\/\/i0.wp.com\/yuri.com.br\/claudio\/wp-content\/uploads\/2013\/06\/rubinho_edubelisario_buracos.jpg?resize=350%2C200&ssl=1","width":350,"height":200},"classes":[]},{"id":7374,"url":"https:\/\/yuri.com.br\/claudio\/2014\/03\/10\/fofocas-nu-2\/","url_meta":{"origin":3857,"position":3},"title":"Fofocas.nu","author":"Cl\u00e1udio Brisighello","date":"10\/mar\/2014","format":false,"excerpt":"Esta bombou f\u00e1cil na net, mas vale muito ecoar por aqui tamb\u00e9m: - Mr. Ferragut derrubou um dos \"mitos\" de S\u00e3o Bento, o Navio Fantasma! Uma linha pura, coisa rara mesmo (sei o qu\u00e3o dif\u00edcil \u00e9 encontrar algo assim, sem mais nem menos, sem links, apenas o suficiente para tornar\u2026","rel":"","context":"Em &quot;Escalada&quot;","block_context":{"text":"Escalada","link":"https:\/\/yuri.com.br\/claudio\/category\/escalada\/"},"img":{"alt_text":"","src":"","width":0,"height":0},"classes":[]},{"id":7814,"url":"https:\/\/yuri.com.br\/claudio\/2014\/06\/16\/aranha-days\/","url_meta":{"origin":3857,"position":4},"title":"Aranha days","author":"Cl\u00e1udio Brisighello","date":"16\/jun\/2014","format":false,"excerpt":"Um pouco das \u00faltimas sessions no Aranha... Yuri triturando os dedos no \"Triturados\" Lello no projeto \"Bleau\" e o dom\u00ednio n\u00e3o solucionado Babaleia fazendo compress\u00e3o \u00e0s cegas em seu novo \"Flipper\" A volta no fim de tarde por l\u00e1 sempre nos recompensa com esse visual Boa semana a todos!","rel":"","context":"Em &quot;Escalada&quot;","block_context":{"text":"Escalada","link":"https:\/\/yuri.com.br\/claudio\/category\/escalada\/"},"img":{"alt_text":"","src":"https:\/\/i0.wp.com\/yuri.com.br\/claudio\/wp-content\/uploads\/2014\/06\/Aranha_Lello_BLEAUPROJECT.jpg?resize=350%2C200&ssl=1","width":350,"height":200,"srcset":"https:\/\/i0.wp.com\/yuri.com.br\/claudio\/wp-content\/uploads\/2014\/06\/Aranha_Lello_BLEAUPROJECT.jpg?resize=350%2C200&ssl=1 1x, https:\/\/i0.wp.com\/yuri.com.br\/claudio\/wp-content\/uploads\/2014\/06\/Aranha_Lello_BLEAUPROJECT.jpg?resize=525%2C300&ssl=1 1.5x, https:\/\/i0.wp.com\/yuri.com.br\/claudio\/wp-content\/uploads\/2014\/06\/Aranha_Lello_BLEAUPROJECT.jpg?resize=700%2C400&ssl=1 2x, https:\/\/i0.wp.com\/yuri.com.br\/claudio\/wp-content\/uploads\/2014\/06\/Aranha_Lello_BLEAUPROJECT.jpg?resize=1050%2C600&ssl=1 3x"},"classes":[]},{"id":7344,"url":"https:\/\/yuri.com.br\/claudio\/2014\/02\/28\/pitaias-do-rubinho\/","url_meta":{"origin":3857,"position":5},"title":"Pitaias do Rubinho","author":"Cl\u00e1udio Brisighello","date":"28\/fev\/2014","format":false,"excerpt":"Quem diria que esse cactus espinhudo que tanto atrapalha os dom\u00ednios do Rubinho, rende uma flor t\u00e3o linda? E a ex\u00f3tica fruta, popularmente conhecida como saborosa? Nome mais que justo! Se n\u00e3o quiser pagar mais de R$100,00 o quilo, corra pois ela s\u00f3 d\u00e1 no ver\u00e3o! Essas fotos s\u00e3o de\u2026","rel":"","context":"Em &quot;Escalada&quot;","block_context":{"text":"Escalada","link":"https:\/\/yuri.com.br\/claudio\/category\/escalada\/"},"img":{"alt_text":"","src":"","width":0,"height":0},"classes":[]}],"_links":{"self":[{"href":"https:\/\/yuri.com.br\/claudio\/wp-json\/wp\/v2\/posts\/3857","targetHints":{"allow":["GET"]}}],"collection":[{"href":"https:\/\/yuri.com.br\/claudio\/wp-json\/wp\/v2\/posts"}],"about":[{"href":"https:\/\/yuri.com.br\/claudio\/wp-json\/wp\/v2\/types\/post"}],"author":[{"embeddable":true,"href":"https:\/\/yuri.com.br\/claudio\/wp-json\/wp\/v2\/users\/2"}],"replies":[{"embeddable":true,"href":"https:\/\/yuri.com.br\/claudio\/wp-json\/wp\/v2\/comments?post=3857"}],"version-history":[{"count":0,"href":"https:\/\/yuri.com.br\/claudio\/wp-json\/wp\/v2\/posts\/3857\/revisions"}],"wp:featuredmedia":[{"embeddable":true,"href":"https:\/\/yuri.com.br\/claudio\/wp-json\/wp\/v2\/media\/3858"}],"wp:attachment":[{"href":"https:\/\/yuri.com.br\/claudio\/wp-json\/wp\/v2\/media?parent=3857"}],"wp:term":[{"taxonomy":"category","embeddable":true,"href":"https:\/\/yuri.com.br\/claudio\/wp-json\/wp\/v2\/categories?post=3857"},{"taxonomy":"post_tag","embeddable":true,"href":"https:\/\/yuri.com.br\/claudio\/wp-json\/wp\/v2\/tags?post=3857"}],"curies":[{"name":"wp","href":"https:\/\/api.w.org\/{rel}","templated":true}]}}