{"id":3849,"date":"2012-07-25T11:47:15","date_gmt":"2012-07-25T11:47:15","guid":{"rendered":"http:\/\/claudiobr.wordpress.com\/?p=3849"},"modified":"2012-07-25T11:47:15","modified_gmt":"2012-07-25T11:47:15","slug":"mais-uma-tarde-ordinaria","status":"publish","type":"post","link":"https:\/\/yuri.com.br\/claudio\/2012\/07\/25\/mais-uma-tarde-ordinaria\/","title":{"rendered":"Mais uma tarde &#8220;ordin\u00e1ria&#8221;&#8230;"},"content":{"rendered":"<p>Tentando desenferrujar um pouco nas fotos com o cl\u00e1ssico &#8220;S\u00e3o Carlos&#8221; na Vista A\u00e9rea. O nome do setor \u00e9 justo!<\/p>\n<p><a href=\"http:\/\/www.flickr.com\/photos\/cbrisighello\/7643046590\/in\/photostream\/lightbox\/\" target=\"_blank\"><img loading=\"lazy\" decoding=\"async\" data-attachment-id=\"3850\" data-permalink=\"https:\/\/yuri.com.br\/claudio\/2012\/07\/25\/mais-uma-tarde-ordinaria\/vistaaerea_saocarlos_diogo_small\/\" data-orig-file=\"https:\/\/yuri.com.br\/claudio\/wp-content\/uploads\/2012\/07\/vistaaerea_saocarlos_diogo_small.jpg\" data-orig-size=\"700,467\" data-comments-opened=\"1\" data-image-meta=\"{&quot;aperture&quot;:&quot;0&quot;,&quot;credit&quot;:&quot;&quot;,&quot;camera&quot;:&quot;&quot;,&quot;caption&quot;:&quot;&quot;,&quot;created_timestamp&quot;:&quot;0&quot;,&quot;copyright&quot;:&quot;&quot;,&quot;focal_length&quot;:&quot;0&quot;,&quot;iso&quot;:&quot;0&quot;,&quot;shutter_speed&quot;:&quot;0&quot;,&quot;title&quot;:&quot;&quot;}\" data-image-title=\"Diogo tentando o &amp;#8220;S\u00e3o Carlos&amp;#8221; na Vista A\u00e9rea\" data-image-description=\"\" data-image-caption=\"\" data-medium-file=\"https:\/\/yuri.com.br\/claudio\/wp-content\/uploads\/2012\/07\/vistaaerea_saocarlos_diogo_small-300x200.jpg\" data-large-file=\"https:\/\/yuri.com.br\/claudio\/wp-content\/uploads\/2012\/07\/vistaaerea_saocarlos_diogo_small.jpg\" class=\"aligncenter size-full wp-image-3850\" title=\"Diogo tentando o &quot;S\u00e3o Carlos&quot; na Vista A\u00e9rea\" src=\"http:\/\/yuri.com.br\/claudio\/wp-content\/uploads\/2012\/07\/vistaaerea_saocarlos_diogo_small.jpg\" alt=\"\" width=\"700\" height=\"467\" srcset=\"https:\/\/yuri.com.br\/claudio\/wp-content\/uploads\/2012\/07\/vistaaerea_saocarlos_diogo_small.jpg 700w, https:\/\/yuri.com.br\/claudio\/wp-content\/uploads\/2012\/07\/vistaaerea_saocarlos_diogo_small-300x200.jpg 300w, https:\/\/yuri.com.br\/claudio\/wp-content\/uploads\/2012\/07\/vistaaerea_saocarlos_diogo_small-210x140.jpg 210w\" sizes=\"auto, (max-width: 700px) 100vw, 700px\" \/><\/a><\/p>\n<p>Esta composi\u00e7\u00e3o me deixou satisfeito por retratar bem a situa\u00e7\u00e3o: a buc\u00f3lica paisagem bem mineira, os carros ali na estrada que corta o vale, a session com a galera &#8211; Diogo pouco antes de cair, Yuri e Pri na seg, Cac\u00e1, Anakin e o F\u00e1bio tirando um cochilo &#8211; acho que d\u00e1 pra imaginar o astral que estava essa tarde de segunda-feira&#8230; e depois ainda me perguntam por que eu gosto de subir bloquinhos de pedra!? :-)<\/p>\n<p>&nbsp;<\/p>\n","protected":false},"excerpt":{"rendered":"<p>Tentando desenferrujar um pouco nas fotos com o cl\u00e1ssico &#8220;S\u00e3o Carlos&#8221; na Vista A\u00e9rea. O nome do setor \u00e9 justo! Esta composi\u00e7\u00e3o me deixou satisfeito por retratar bem a situa\u00e7\u00e3o: a buc\u00f3lica paisagem bem mineira, os carros ali na estrada que corta o vale, a session com a galera &#8211; Diogo pouco antes de cair,&hellip;&nbsp;<a href=\"https:\/\/yuri.com.br\/claudio\/2012\/07\/25\/mais-uma-tarde-ordinaria\/\" rel=\"bookmark\">Continue a ler &raquo;<span class=\"screen-reader-text\">Mais uma tarde &#8220;ordin\u00e1ria&#8221;&#8230;<\/span><\/a><\/p>\n","protected":false},"author":2,"featured_media":3850,"comment_status":"open","ping_status":"open","sticky":false,"template":"","format":"standard","meta":{"neve_meta_sidebar":"","neve_meta_container":"","neve_meta_enable_content_width":"","neve_meta_content_width":0,"neve_meta_title_alignment":"","neve_meta_author_avatar":"","neve_post_elements_order":"","neve_meta_disable_header":"","neve_meta_disable_footer":"","neve_meta_disable_title":"","jetpack_post_was_ever_published":false,"_jetpack_newsletter_access":"","_jetpack_dont_email_post_to_subs":false,"_jetpack_newsletter_tier_id":0,"_jetpack_memberships_contains_paywalled_content":false,"_jetpack_memberships_contains_paid_content":false,"footnotes":"","jetpack_publicize_message":"","jetpack_publicize_feature_enabled":true,"jetpack_social_post_already_shared":false,"jetpack_social_options":{"image_generator_settings":{"template":"highway","default_image_id":0,"font":"","enabled":false},"version":2}},"categories":[3],"tags":[],"class_list":["post-3849","post","type-post","status-publish","format-standard","has-post-thumbnail","hentry","category-escalada"],"jetpack_publicize_connections":[],"jetpack_featured_media_url":"https:\/\/yuri.com.br\/claudio\/wp-content\/uploads\/2012\/07\/vistaaerea_saocarlos_diogo_small.jpg","jetpack_shortlink":"https:\/\/wp.me\/p4i7cB-105","jetpack_sharing_enabled":true,"jetpack-related-posts":[{"id":4815,"url":"https:\/\/yuri.com.br\/claudio\/2013\/03\/25\/vista-aerea-sessions\/","url_meta":{"origin":3849,"position":0},"title":"Vista A\u00e9rea sessions","author":"claudio","date":"25\/mar\/2013","format":false,"excerpt":"A foto n\u00e3o ficou muito boa (evite cortar uma m\u00e3o em closes!) ent\u00e3o abusei em p\u00f3s com um pseudo-tilt-shift e uns layers de textura. Mas a session, pra variar, foi boa e a linha merece um registro: V-nothing foi o prov\u00e1vel primeiro V9 da regi\u00e3o, localizado no setor old-school Vista\u2026","rel":"","context":"Em &quot;Escalada&quot;","block_context":{"text":"Escalada","link":"https:\/\/yuri.com.br\/claudio\/category\/escalada\/"},"img":{"alt_text":"","src":"https:\/\/i0.wp.com\/yuri.com.br\/claudio\/wp-content\/uploads\/2013\/03\/vnothing_lello.jpg?resize=350%2C200&ssl=1","width":350,"height":200,"srcset":"https:\/\/i0.wp.com\/yuri.com.br\/claudio\/wp-content\/uploads\/2013\/03\/vnothing_lello.jpg?resize=350%2C200&ssl=1 1x, https:\/\/i0.wp.com\/yuri.com.br\/claudio\/wp-content\/uploads\/2013\/03\/vnothing_lello.jpg?resize=525%2C300&ssl=1 1.5x, https:\/\/i0.wp.com\/yuri.com.br\/claudio\/wp-content\/uploads\/2013\/03\/vnothing_lello.jpg?resize=700%2C400&ssl=1 2x"},"classes":[]},{"id":5726,"url":"https:\/\/yuri.com.br\/claudio\/2013\/09\/05\/jardim-japones-aranha\/","url_meta":{"origin":3849,"position":1},"title":"Jardim Japon\u00eas @ Aranha","author":"claudio","date":"5\/set\/2013","format":false,"excerpt":"A temporada j\u00e1 vem dando sinais de quentura e chuva, mas deu tempo de voltar ao Aranha esses dias para uma session descontra\u00edda. Os \u00faltimos trampos foram no sub-setor entitulado \"Jardim Japon\u00eas\", no caminho para a fal\u00e9sia, e foi pra l\u00e1 que fomos matar a saudade. Abrimos o Story of\u2026","rel":"","context":"Em &quot;Escalada&quot;","block_context":{"text":"Escalada","link":"https:\/\/yuri.com.br\/claudio\/category\/escalada\/"},"img":{"alt_text":"","src":"https:\/\/i0.wp.com\/yuri.com.br\/claudio\/wp-content\/uploads\/2013\/09\/aranha_mobytrick_lello_web.jpg?resize=350%2C200&ssl=1","width":350,"height":200,"srcset":"https:\/\/i0.wp.com\/yuri.com.br\/claudio\/wp-content\/uploads\/2013\/09\/aranha_mobytrick_lello_web.jpg?resize=350%2C200&ssl=1 1x, https:\/\/i0.wp.com\/yuri.com.br\/claudio\/wp-content\/uploads\/2013\/09\/aranha_mobytrick_lello_web.jpg?resize=525%2C300&ssl=1 1.5x, https:\/\/i0.wp.com\/yuri.com.br\/claudio\/wp-content\/uploads\/2013\/09\/aranha_mobytrick_lello_web.jpg?resize=700%2C400&ssl=1 2x, https:\/\/i0.wp.com\/yuri.com.br\/claudio\/wp-content\/uploads\/2013\/09\/aranha_mobytrick_lello_web.jpg?resize=1050%2C600&ssl=1 3x"},"classes":[]},{"id":531,"url":"https:\/\/yuri.com.br\/claudio\/2009\/03\/27\/mais-fotos-comentadas\/","url_meta":{"origin":3849,"position":2},"title":"Mais fotos comentadas","author":"claudio","date":"27\/mar\/2009","format":false,"excerpt":"Continuando com as fotos comentadas, ilustro abaixo mais 2 exemplos: (clique nas imagens para ampli\u00e1-las) Nesta foto o Cesinha est\u00e1 na 2a. de suas 3 entradas na via Coquetel de Energia, em um dia de *muita* chuva, ou seja, bem mais escuro do que j\u00e1 costuma ser no Campo Escola\u2026","rel":"","context":"Em &quot;Escalada&quot;","block_context":{"text":"Escalada","link":"https:\/\/yuri.com.br\/claudio\/category\/escalada\/"},"img":{"alt_text":"","src":"https:\/\/i0.wp.com\/farm4.static.flickr.com\/3004\/2797103658_64e24a0076_o.jpg?resize=350%2C200","width":350,"height":200},"classes":[]},{"id":5255,"url":"https:\/\/yuri.com.br\/claudio\/2013\/06\/04\/pra-variar\/","url_meta":{"origin":3849,"position":3},"title":"Pra variar&#8230;","author":"claudio","date":"4\/jun\/2013","format":false,"excerpt":"Mais fotos do setor Rubinho: Edu Belis\u00e1rio mandando o cl\u00e1ssico Buracos (V4? Depende da sua estatura!), foto tirada no topo do projeto Medusa, com o bloco do Rollerblade acima e a galera sentada no bloco do Fontainebinho. D\u00e1 pra ter uma no\u00e7\u00e3o da proximidade entre os boulders. Camila Ferreira mandando\u2026","rel":"","context":"Em &quot;Escalada&quot;","block_context":{"text":"Escalada","link":"https:\/\/yuri.com.br\/claudio\/category\/escalada\/"},"img":{"alt_text":"","src":"https:\/\/i0.wp.com\/yuri.com.br\/claudio\/wp-content\/uploads\/2013\/06\/rubinho_edubelisario_buracos.jpg?resize=350%2C200&ssl=1","width":350,"height":200},"classes":[]},{"id":3116,"url":"https:\/\/yuri.com.br\/claudio\/2011\/10\/06\/session-de-quarta\/","url_meta":{"origin":3849,"position":4},"title":"Session de quarta","author":"claudio","date":"6\/out\/2011","format":false,"excerpt":"Session de quarta com os \"pe\u00f5es\" do Sumba Boulder (Clube dos 30 :-) no novo setor. Eu ando com m\u00faltiplas les\u00f5es,\u00a0 boa desculpa pra n\u00e3o escalar e focar nas fotos, pois n\u00e3o tirei uma sequer no evento com a c\u00e2mera s\u00f3 filmando:","rel":"","context":"Em &quot;Escalada&quot;","block_context":{"text":"Escalada","link":"https:\/\/yuri.com.br\/claudio\/category\/escalada\/"},"img":{"alt_text":"","src":"https:\/\/i0.wp.com\/yuri.com.br\/claudio\/wp-content\/uploads\/2011\/10\/areas_yuri_forcadegaia.jpg?resize=350%2C200&ssl=1","width":350,"height":200,"srcset":"https:\/\/i0.wp.com\/yuri.com.br\/claudio\/wp-content\/uploads\/2011\/10\/areas_yuri_forcadegaia.jpg?resize=350%2C200&ssl=1 1x, https:\/\/i0.wp.com\/yuri.com.br\/claudio\/wp-content\/uploads\/2011\/10\/areas_yuri_forcadegaia.jpg?resize=525%2C300&ssl=1 1.5x, https:\/\/i0.wp.com\/yuri.com.br\/claudio\/wp-content\/uploads\/2011\/10\/areas_yuri_forcadegaia.jpg?resize=700%2C400&ssl=1 2x"},"classes":[]},{"id":7078,"url":"https:\/\/yuri.com.br\/claudio\/2014\/01\/28\/summer-sessions\/","url_meta":{"origin":3849,"position":5},"title":"Summer sessions","author":"Cl\u00e1udio Brisighello","date":"28\/jan\/2014","format":false,"excerpt":"Mais uma pr\u00e9-temporada, este ano excepcionalmente menos chuvoso por aqui. E os mesmos dilemas: dedicar aos treinos, dedicar aos preparativos de novas pedras, ou apertar regletes ensebados? Confesso que a 2\u00aa op\u00e7\u00e3o tem prevalecido mas, com a \"vibe\" dos parceiros fan\u00e1ticos, ficou dif\u00edcil negar uma degusta\u00e7\u00e3o boulder\u00edstica na Ana Chata,\u2026","rel":"","context":"Em &quot;Escalada&quot;","block_context":{"text":"Escalada","link":"https:\/\/yuri.com.br\/claudio\/category\/escalada\/"},"img":{"alt_text":"JUNGLE BOULDERING!","src":"https:\/\/i0.wp.com\/yuri.com.br\/claudio\/wp-content\/uploads\/2013\/05\/AnaChata_Lello_ForaDeFoco.jpg?resize=350%2C200","width":350,"height":200,"srcset":"https:\/\/i0.wp.com\/yuri.com.br\/claudio\/wp-content\/uploads\/2013\/05\/AnaChata_Lello_ForaDeFoco.jpg?resize=350%2C200 1x, https:\/\/i0.wp.com\/yuri.com.br\/claudio\/wp-content\/uploads\/2013\/05\/AnaChata_Lello_ForaDeFoco.jpg?resize=525%2C300 1.5x, https:\/\/i0.wp.com\/yuri.com.br\/claudio\/wp-content\/uploads\/2013\/05\/AnaChata_Lello_ForaDeFoco.jpg?resize=700%2C400 2x"},"classes":[]}],"_links":{"self":[{"href":"https:\/\/yuri.com.br\/claudio\/wp-json\/wp\/v2\/posts\/3849","targetHints":{"allow":["GET"]}}],"collection":[{"href":"https:\/\/yuri.com.br\/claudio\/wp-json\/wp\/v2\/posts"}],"about":[{"href":"https:\/\/yuri.com.br\/claudio\/wp-json\/wp\/v2\/types\/post"}],"author":[{"embeddable":true,"href":"https:\/\/yuri.com.br\/claudio\/wp-json\/wp\/v2\/users\/2"}],"replies":[{"embeddable":true,"href":"https:\/\/yuri.com.br\/claudio\/wp-json\/wp\/v2\/comments?post=3849"}],"version-history":[{"count":0,"href":"https:\/\/yuri.com.br\/claudio\/wp-json\/wp\/v2\/posts\/3849\/revisions"}],"wp:featuredmedia":[{"embeddable":true,"href":"https:\/\/yuri.com.br\/claudio\/wp-json\/wp\/v2\/media\/3850"}],"wp:attachment":[{"href":"https:\/\/yuri.com.br\/claudio\/wp-json\/wp\/v2\/media?parent=3849"}],"wp:term":[{"taxonomy":"category","embeddable":true,"href":"https:\/\/yuri.com.br\/claudio\/wp-json\/wp\/v2\/categories?post=3849"},{"taxonomy":"post_tag","embeddable":true,"href":"https:\/\/yuri.com.br\/claudio\/wp-json\/wp\/v2\/tags?post=3849"}],"curies":[{"name":"wp","href":"https:\/\/api.w.org\/{rel}","templated":true}]}}